{"id":90068,"date":"2024-11-25T18:44:55","date_gmt":"2024-11-26T00:44:55","guid":{"rendered":"https:\/\/redsemlac.com\/semmexico\/?p=90068"},"modified":"2024-11-25T18:44:55","modified_gmt":"2024-11-26T00:44:55","slug":"jalisco-persisten-feminicidios-desapariciones-y-multiples-violencias-contra-mujeres","status":"publish","type":"post","link":"https:\/\/redsemlac.com\/semmexico\/jalisco-persisten-feminicidios-desapariciones-y-multiples-violencias-contra-mujeres\/","title":{"rendered":"Jalisco: persisten feminicidios, desapariciones y m\u00faltiples violencias contra mujeres"},"content":{"rendered":"\n<ul class=\"wp-block-list\">\n<li>Llaman al pr\u00f3ximo gobierno a poner en marcha una pol\u00edtica de prevenci\u00f3n<\/li>\n\n\n\n<li>Destinar recursos suficientes y sostenidos para fortalecer los refugios<\/li>\n<\/ul>\n\n\n\n<p class=\"wp-block-paragraph\">Redacci\u00f3n<\/p>\n\n\n\n<p class=\"wp-block-paragraph\">SemM\u00e9xico, Guadalajara, Jal., 25 de noviembre 2024.- En Jalisco persisten los feminicidios, las desapariciones y las m\u00faltiples violencias de g\u00e9nero que afectan la vida, la integridad y los derechos humanos de mujeres y ni\u00f1as, se\u00f1alan en un pronunciamiento de CLADEM Jalisco y el Colectivo de Familias Unidas contra los Feminicidios en Jalisco, en el D\u00eda Internacional de la Eliminaci\u00f3n de la Violencia contra las Mujeres.<\/p>\n\n\n\n<p class=\"wp-block-paragraph\">Alzamos nuestra voz para denunciar las condiciones alarmantes de violencia que enfrentan las mujeres y ni\u00f1as, dice el documento en el que plantean cuatro puntos indispensables:<\/p>\n\n\n\n<p class=\"wp-block-paragraph\">1.- Implementar una pol\u00edtica p\u00fablica integral de prevenci\u00f3n, que contemple campa\u00f1as educativas, sensibilizaci\u00f3n desde edades tempranas y capacitaci\u00f3n obligatoria a las y los funcionarios p\u00fablicos en materia de perspectiva de g\u00e9nero y derechos humanos.<\/p>\n\n\n\n<p class=\"wp-block-paragraph\">2.- Fortalecer y garantizar el acceso a la justicia mediante investigaciones diligentes, perspectiva de g\u00e9nero y un enfoque centrado en las v\u00edctimas.<\/p>\n\n\n\n<p class=\"wp-block-paragraph\">3.- Priorizar la b\u00fasqueda efectiva de mujeres desaparecidas y atender de manera urgente los casos de violencia feminicida.<\/p>\n\n\n\n<p class=\"wp-block-paragraph\">4.- Destinar recursos suficientes y sostenidos para fortalecer los refugios, centros de atenci\u00f3n y programas especializados que apoyen a las mujeres sobrevivientes de violencia.<\/p>\n\n\n\n<p class=\"wp-block-paragraph\">Exigencias que se reiteran este 25 de noviembre.<\/p>\n\n\n\n<p class=\"wp-block-paragraph\">En Jalisco las cifras de mujeres desaparecidas contin\u00faan aumentando con mil 778 seg\u00fan el registro de Sistema de Informaci\u00f3n sobre V\u00edctimas de Desaparici\u00f3n, SISOVID.<\/p>\n\n\n\n<p class=\"wp-block-paragraph\">Los feminicidios se han convertido en una constante que evidencia la falta de acciones contundentes por parte de las autoridades con 150 mujeres asesinadas a la fecha, solo el 17 por ciento de los casos de violencia sexual, llegan a un juez.<\/p>\n\n\n\n<p class=\"wp-block-paragraph\">La violencia contra las mujeres y las ni\u00f1as no solo se traduce en actos f\u00edsicos, sino tambi\u00e9n en la perpetuaci\u00f3n de un sistema que normaliza la impunidad, discrimina a las v\u00edctimas y revictimiza a sus familias.<\/p>\n\n\n\n<p class=\"wp-block-paragraph\">De ah\u00ed la exigencia para que el gobierno entrante de Jalisco asuma su responsabilidad hist\u00f3rica y se comprometa de manera firme y efectiva con la prevenci\u00f3n, atenci\u00f3n, sanci\u00f3n y erradicaci\u00f3n de la violencia contra las mujeres y las ni\u00f1as.<\/p>\n\n\n\n<p class=\"wp-block-paragraph\">SEM\/sj<\/p>\n","protected":false},"excerpt":{"rendered":"<p>Redacci\u00f3n SemM\u00e9xico, Guadalajara, Jal., 25 de noviembre 2024.- En Jalisco persisten los feminicidios, las desapariciones y las m\u00faltiples violencias de g\u00e9nero que afectan la vida, la integridad y los derechos humanos de mujeres y ni\u00f1as, se\u00f1alan en un pronunciamiento de CLADEM Jalisco y el Colectivo de Familias Unidas contra los Feminicidios en Jalisco, en el [&hellip;]<\/p>\n","protected":false},"author":3,"featured_media":90069,"comment_status":"open","ping_status":"open","sticky":false,"template":"","format":"standard","meta":{"_monsterinsights_skip_tracking":false,"footnotes":""},"categories":[1147,27],"tags":[],"class_list":["post-90068","post","type-post","status-publish","format-standard","has-post-thumbnail","category-25n-2024","category-cobertura-especial"],"_links":{"self":[{"href":"https:\/\/redsemlac.com\/semmexico\/wp-json\/wp\/v2\/posts\/90068","targetHints":{"allow":["GET"]}}],"collection":[{"href":"https:\/\/redsemlac.com\/semmexico\/wp-json\/wp\/v2\/posts"}],"about":[{"href":"https:\/\/redsemlac.com\/semmexico\/wp-json\/wp\/v2\/types\/post"}],"author":[{"embeddable":true,"href":"https:\/\/redsemlac.com\/semmexico\/wp-json\/wp\/v2\/users\/3"}],"replies":[{"embeddable":true,"href":"https:\/\/redsemlac.com\/semmexico\/wp-json\/wp\/v2\/comments?post=90068"}],"version-history":[{"count":0,"href":"https:\/\/redsemlac.com\/semmexico\/wp-json\/wp\/v2\/posts\/90068\/revisions"}],"wp:featuredmedia":[{"embeddable":true,"href":"https:\/\/redsemlac.com\/semmexico\/wp-json\/wp\/v2\/media\/90069"}],"wp:attachment":[{"href":"https:\/\/redsemlac.com\/semmexico\/wp-json\/wp\/v2\/media?parent=90068"}],"wp:term":[{"taxonomy":"category","embeddable":true,"href":"https:\/\/redsemlac.com\/semmexico\/wp-json\/wp\/v2\/categories?post=90068"},{"taxonomy":"post_tag","embeddable":true,"href":"https:\/\/redsemlac.com\/semmexico\/wp-json\/wp\/v2\/tags?post=90068"}],"curies":[{"name":"wp","href":"https:\/\/api.w.org\/{rel}","templated":true}]}}