{"id":90047,"date":"2024-11-25T14:58:43","date_gmt":"2024-11-25T20:58:43","guid":{"rendered":"https:\/\/redsemlac.com\/semmexico\/?p=90047"},"modified":"2024-11-25T14:58:43","modified_gmt":"2024-11-25T20:58:43","slug":"violencia-contra-mujeres-y-ninas-resultado-de-desigualdades-estructurales","status":"publish","type":"post","link":"https:\/\/redsemlac.com\/semmexico\/violencia-contra-mujeres-y-ninas-resultado-de-desigualdades-estructurales\/","title":{"rendered":"Violencia contra mujeres y ni\u00f1as resultado de desigualdades estructurales"},"content":{"rendered":"\n<ul class=\"wp-block-list\">\n<li>En 2023, en el mundo fueron asesinadas m\u00e1s de 51 mil mujeres por parejas o un familiar<\/li>\n\n\n\n<li>ENTS-UNAM realiza conversatorio Vivir para sobrevivir<\/li>\n<\/ul>\n\n\n\n<p class=\"wp-block-paragraph\">Redacci\u00f3n<\/p>\n\n\n\n<p class=\"wp-block-paragraph\">SemM\u00e9xico, Cd. de M\u00e9xico, 25 de noviembre, 2024.- La violencia contra las mujeres y las ni\u00f1as sigue siendo una de las transgresiones a los derechos humanos m\u00e1s extendidas y generalizadas a nivel global, asever\u00f3 la directora de la Escuela Nacional de Trabajo Social (ENTS) de la UNAM, Carmen Casas Ratia.<\/p>\n\n\n\n<p class=\"wp-block-paragraph\">Datos de la Organizaci\u00f3n de las Naciones Unidas (ONU) indican que una de cada tres mujeres en el mundo ha sido v\u00edctima de ella ya sea f\u00edsica y\/o sexual al menos una vez en su vida, expuso.<\/p>\n\n\n\n<p class=\"wp-block-paragraph\">La violencia de g\u00e9nero no es un fen\u00f3meno aislado, es el resultado de desigualdades estructurales que se reproducen en todos los \u00e1mbitos de la vida cotidiana. De acuerdo con la Ley General de Acceso de las Mujeres a una Vida Libre de Violencia, se define como cualquier acto u omisi\u00f3n que cause da\u00f1o psicol\u00f3gico, f\u00edsico, patrimonial, econ\u00f3mico, sexual o muerte, tanto en el \u00e1mbito privado como p\u00fablico.<\/p>\n\n\n\n<p class=\"wp-block-paragraph\">Al participar en el conversatorio Vivir para sobrevivir: testimonio de una tentativa de feminicidio, organizado por la ENTS en ocasi\u00f3n de la Jornada Universitaria 25N, destac\u00f3 que es grave el impacto que puede provocar ese fen\u00f3meno o un feminicidio en la vida de las personas y sus familias, as\u00ed como en la sociedad. \u201cLas consecuencias son devastadoras y las repercusiones para quien logra sobrevivir, pueden ser permanentes\u201d.<\/p>\n\n\n\n<p class=\"wp-block-paragraph\">Dijo que seg\u00fan ONU Mujeres se calcula que en el orbe 736 millones han sido v\u00edctimas de violencia f\u00edsica o sexual, o ambas, por parte de su pareja, al menos una vez en su vida.<\/p>\n\n\n\n<p class=\"wp-block-paragraph\">\u201c<a>En 2023 alrededor de 51 mil 100 mujeres y ni\u00f1as en el mundo murieron a manos de su pareja u otros miembros de su familia<\/a>; es decir, se asesin\u00f3 a una cada 10 minutos; en 2024 una de cada ocho mujeres y ni\u00f1as de entre 15 y 49 a\u00f1os han sufrido violencia en pareja\u201d, argument\u00f3 Casas Ratia.<\/p>\n\n\n\n<p class=\"wp-block-paragraph\">En el caso de M\u00e9xico los feminicidios son un grave problema que debe atenderse, pues cada d\u00eda, en promedio, de nueve a diez personas son asesinadas, se\u00f1al\u00f3.<\/p>\n\n\n\n<p class=\"wp-block-paragraph\">Record\u00f3 la informaci\u00f3n del Secretariado Ejecutivo del Sistema Nacional de Seguridad P\u00fablica que indica que en 2023 de las m\u00e1s de tres mil 439 asesinadas solo 831 \u2013menos de 25 por ciento\u2013 fueron investigadas bajo los protocolos de feminicidio, lo que signific\u00f3 una media de 2.2 fallecidas por raz\u00f3n de g\u00e9nero, cifra superada por los cr\u00edmenes registrados en mayo 2024, el mes con mayor n\u00famero de estos il\u00edcitos.<\/p>\n\n\n\n<p class=\"wp-block-paragraph\">Mientras que el Atlas de Feminicidio de la Fiscal\u00eda General de Justicia de la Ciudad de M\u00e9xico refiere que en la capital del pa\u00eds cinco alcald\u00edas concentran el mayor n\u00famero de asesinatos contra mujeres: Iztapalapa, Gustavo A. Madero, Cuauht\u00e9moc, Tlalpan y \u00c1lvaro Obreg\u00f3n. Durante el periodo de 2019 a septiembre 2024 se registraron 416.<\/p>\n\n\n\n<p class=\"wp-block-paragraph\">Casas Ratia resalt\u00f3 que Trabajo Social es una disciplina que promueve ampliamente la perspectiva de g\u00e9nero y los derechos humanos. En ese sentido, a partir de su vinculaci\u00f3n con las instituciones de impartici\u00f3n de justicia se aborda esta tem\u00e1tica a trav\u00e9s del peritaje realizado por profesionales de esta \u00e1rea, quienes participan en las investigaciones analizando el contexto de la v\u00edctima, sus relaciones sociales, familiares y de pareja, informaci\u00f3n que permite evidenciar agresiones previas a la antesala del feminicidio.<\/p>\n\n\n\n<p class=\"wp-block-paragraph\">A su vez, la directora da la Escuela Nacional de Ciencias Forenses de la UNAM, Zoraida Garc\u00eda Castillo, record\u00f3 que se trata de un delito de odio y dijo estar convencida de que la labor pericial mediante Trabajo Social es \u00fatil y necesaria en el an\u00e1lisis de delitos graves como feminicidio y agresi\u00f3n familiar, pero tambi\u00e9n en los de desaparici\u00f3n y trata de personas, casi siempre, ligadas con delincuencia organizada.<\/p>\n\n\n\n<p class=\"wp-block-paragraph\">En el auditorio Manuel S\u00e1nchez Rosado de la ENTS subray\u00f3: si esos peritajes se realizan de forma multidisciplinaria, es decir, si adem\u00e1s de los profesionales de dicha disciplina participan especialistas de Sociolog\u00eda, Historia, Derecho y Antropolog\u00eda, entre otros, se vuelven m\u00e1s completos y complejos esos informes.<\/p>\n\n\n\n<p class=\"wp-block-paragraph\">No somos v\u00edctimas porque seamos mujeres, el problema es que la violencia hacia nosotras existe; no la propiciamos, por lo general la sufrimos en un contexto familiar, de confianza, no nos damos cuenta porque su naturalizaci\u00f3n es algo que la sociedad construye desde un inicio, detall\u00f3.<\/p>\n\n\n\n<p class=\"wp-block-paragraph\">\u201cNacemos con un papel determinado en la sociedad: obedecer, hacer los quehaceres del hogar y ser cuidadoras; es decir, realizar una serie de tareas en nuestro contexto social que nos pone en una situaci\u00f3n para ser violentadas\u201d.<\/p>\n\n\n\n<p class=\"wp-block-paragraph\">Zoraida Garc\u00eda puso como ejemplo el peritaje realizado por especialistas de la ENTS en el caso de Fabiola Pozadas Torres, sobreviviente de feminicidio. Sirvi\u00f3 para visibilizar que no se trat\u00f3 de un asunto de violencia interfamiliar, sino de tentativa de feminicidio.<\/p>\n\n\n\n<p class=\"wp-block-paragraph\"><strong>Testimonio<\/strong><\/p>\n\n\n\n<p class=\"wp-block-paragraph\">Al hablar de su caso, Fabiola Pozadas coment\u00f3 que es importante que las mujeres comprendan la magnitud y cercan\u00eda del da\u00f1o contra ellas, en particular de los feminicidios, un problema que podr\u00edan vivir.<\/p>\n\n\n\n<p class=\"wp-block-paragraph\">La arquitecta de formaci\u00f3n refiri\u00f3 que esta problem\u00e1tica debe ser abordada con creatividad para aprender, ver y describir, \u201csalirnos de nuestra <em>expertise<\/em> y no solo abordarlo desde el Trabajo Social, tambi\u00e9n es bueno verlo desde la Psicolog\u00eda o la Antropolog\u00eda, por ejemplo; son muchas las disciplinas o especialidades que me fueron explicando qu\u00e9 fue lo que me pas\u00f3\u201d.<\/p>\n\n\n\n<p class=\"wp-block-paragraph\">Apunt\u00f3 que \u201cla piedra m\u00e1s grande\u201d a la que se enfrent\u00f3 fue no creer que una persona cercana a ella cometiera este delito. El asesinato de la pareja casi siempre es planeado por un hombre, las mujeres han terminado la relaci\u00f3n antes del delito, pero el perpetrador no lo acepta. Los da\u00f1os son numerosos y es doloroso cuantificarlos.<\/p>\n\n\n\n<p class=\"wp-block-paragraph\">SEM\/sj<\/p>\n","protected":false},"excerpt":{"rendered":"<p>Redacci\u00f3n SemM\u00e9xico, Cd. de M\u00e9xico, 25 de noviembre, 2024.- La violencia contra las mujeres y las ni\u00f1as sigue siendo una de las transgresiones a los derechos humanos m\u00e1s extendidas y generalizadas a nivel global, asever\u00f3 la directora de la Escuela Nacional de Trabajo Social (ENTS) de la UNAM, Carmen Casas Ratia. Datos de la Organizaci\u00f3n [&hellip;]<\/p>\n","protected":false},"author":3,"featured_media":90048,"comment_status":"open","ping_status":"open","sticky":false,"template":"","format":"standard","meta":{"_monsterinsights_skip_tracking":false,"footnotes":""},"categories":[1147,27],"tags":[],"class_list":["post-90047","post","type-post","status-publish","format-standard","has-post-thumbnail","category-25n-2024","category-cobertura-especial"],"_links":{"self":[{"href":"https:\/\/redsemlac.com\/semmexico\/wp-json\/wp\/v2\/posts\/90047","targetHints":{"allow":["GET"]}}],"collection":[{"href":"https:\/\/redsemlac.com\/semmexico\/wp-json\/wp\/v2\/posts"}],"about":[{"href":"https:\/\/redsemlac.com\/semmexico\/wp-json\/wp\/v2\/types\/post"}],"author":[{"embeddable":true,"href":"https:\/\/redsemlac.com\/semmexico\/wp-json\/wp\/v2\/users\/3"}],"replies":[{"embeddable":true,"href":"https:\/\/redsemlac.com\/semmexico\/wp-json\/wp\/v2\/comments?post=90047"}],"version-history":[{"count":0,"href":"https:\/\/redsemlac.com\/semmexico\/wp-json\/wp\/v2\/posts\/90047\/revisions"}],"wp:featuredmedia":[{"embeddable":true,"href":"https:\/\/redsemlac.com\/semmexico\/wp-json\/wp\/v2\/media\/90048"}],"wp:attachment":[{"href":"https:\/\/redsemlac.com\/semmexico\/wp-json\/wp\/v2\/media?parent=90047"}],"wp:term":[{"taxonomy":"category","embeddable":true,"href":"https:\/\/redsemlac.com\/semmexico\/wp-json\/wp\/v2\/categories?post=90047"},{"taxonomy":"post_tag","embeddable":true,"href":"https:\/\/redsemlac.com\/semmexico\/wp-json\/wp\/v2\/tags?post=90047"}],"curies":[{"name":"wp","href":"https:\/\/api.w.org\/{rel}","templated":true}]}}