{"id":90040,"date":"2024-11-25T14:56:27","date_gmt":"2024-11-25T20:56:27","guid":{"rendered":"https:\/\/redsemlac.com\/semmexico\/?p=90040"},"modified":"2024-11-25T14:56:28","modified_gmt":"2024-11-25T20:56:28","slug":"ines-arredondo-y-las-distintas-formas-de-violencia-contra-las-mujeres","status":"publish","type":"post","link":"https:\/\/redsemlac.com\/semmexico\/ines-arredondo-y-las-distintas-formas-de-violencia-contra-las-mujeres\/","title":{"rendered":"In\u00e9s Arredondo y las distintas formas de violencia contra las mujeres"},"content":{"rendered":"\n<ul class=\"wp-block-list\">\n<li>La escritora tiene un significado singular dentro de la producci\u00f3n literaria de su generaci\u00f3n <\/li>\n\n\n\n<li>se coloc\u00f3 con pleno derecho entre las y los escritores de mayor altura en M\u00e9xico<\/li>\n<\/ul>\n\n\n\n<p class=\"wp-block-paragraph\">Micaela M\u00e1rquez<\/p>\n\n\n\n<p class=\"wp-block-paragraph\">SemM\u00e9xico. Ciudad de M\u00e9xico. 24 de noviembre 2024.- Como parte de las actividades para conmemorar el 25 de noviembre, D\u00eda Internacional de la Eliminaci\u00f3n de la Violencia contra las Mujeres, Cultura UNAM le rinde homenaje a \u201cIn\u00e9s Arredondo y la violencia contra la mujer\u201d, en un conversatorio, en la Casa Universitaria del Libro (Casul), este lunes a las 19 horas.<\/p>\n\n\n\n<p class=\"wp-block-paragraph\">Nacida en Culiac\u00e1n, Sinaloa, en 1928, la tambi\u00e9n ensayista cre\u00f3 una obra que, en conjunto, se opuso a las diversas formas de violencia, sobre todo contra las mujeres, as\u00ed como a las normas de poder que han sostenido el orden patriarcal.<\/p>\n\n\n\n<p class=\"wp-block-paragraph\">In\u00e9s Arredondo tiene un significado singular dentro de la producci\u00f3n literaria de su generaci\u00f3n y marca un parteaguas en la escritura mexicana, porque abord\u00f3 una tem\u00e1tica complicada a\u00fan en la actualidad: erotismo, locura, muerte, perversi\u00f3n, incesto, voyerismo, infidelidad, autoritarismo y traici\u00f3n, entre otros temas, con los que desafi\u00f3 los valores de su \u00e9poca.<\/p>\n\n\n\n<p class=\"wp-block-paragraph\">Con s\u00f3lo 37 cuentos, distribuidos en tres libros, In\u00e9s Arredondo <a>se coloc\u00f3 con pleno derecho entre las y los escritores de mayor altura en M\u00e9xico<\/a>. En&nbsp;<em>La se\u00f1al<\/em>&nbsp;(1965),&nbsp;<em>R\u00edo subterr\u00e1neo<\/em>&nbsp;(1979, Premio Xavier Villaurrutia), y&nbsp;<em>Los espejos<\/em>&nbsp;(1988). \u201cSecretos familiares, la locura, la enfermedad, la orfandad, el abandono de los padres, las relaciones tortuosas que se dan en las familias, entre amantes, esposos y amigos. Pero tambi\u00e9n condiciones como la soledad original, el autosacrificio, la pasi\u00f3n destructiva, los tri\u00e1ngulos amorosos, el&nbsp;<em>voyeurismo<\/em>. Es una gran gama de temas que al final confluyen en constituir situaciones l\u00edmite\u201d.<\/p>\n\n\n\n<p class=\"wp-block-paragraph\">Su literatura fue considerada un insulto a las buenas conciencias mexicanas, debido a que retrat\u00f3 una sociedad con secretos inconfesables, le vali\u00f3 un prolongado autoexilio de su tierra natal. Sin embargo, recibi\u00f3 la Medalla&nbsp;<em>Fray Bernardo de Balbuena<\/em>&nbsp;otorgada por el gobierno de Sinaloa en 1986, se le entreg\u00f3 el Doctorado&nbsp;<em>Honoris Causa<\/em>&nbsp;por parte de la Universidad Aut\u00f3noma de Sinaloa, 1987 y fue acreedora a varios homenajes. Adem\u00e1s de que un importante recinto lleva su nombre.<\/p>\n\n\n\n<p class=\"wp-block-paragraph\">Colabor\u00f3 con importantes medios period\u00edsticos de la \u00e9poca como la Revista Mexicana de Literatura y con la edici\u00f3n de importantes diccionarios como el&nbsp;<em>Diccionario de Literatura Latinoamericana<\/em>, publicado por la Unesco.<\/p>\n\n\n\n<p class=\"wp-block-paragraph\">Arredondo no s\u00f3lo fue una maravillosa autora, sino que supo&nbsp;llevar una vida de mujer libre. Se divorci\u00f3 de su marido, qued\u00e1ndose al cuidado de dos hijos peque\u00f1os, a quienes consigui\u00f3 criar sin abandonar su pasi\u00f3n por la literatura, ni perder su norte identitario. Arredondo falleci\u00f3 el&nbsp;2 de noviembre de 1989&nbsp;en Ciudad de M\u00e9xico, a los 61 a\u00f1os.<\/p>\n\n\n\n<p class=\"wp-block-paragraph\">En el conversatorio adem\u00e1s de Claudia Albarr\u00e1n y Omar David Guti\u00e9rrez, participar\u00e1n la escritora y editora Julieta Garc\u00eda y el coordinador de la C\u00e1tedra Carlos Fuentes, Eloy Urroz, como moderador.<\/p>\n\n\n\n<p class=\"wp-block-paragraph\">SEM\/mm\/sj<\/p>\n","protected":false},"excerpt":{"rendered":"<p>Micaela M\u00e1rquez SemM\u00e9xico. Ciudad de M\u00e9xico. 24 de noviembre 2024.- Como parte de las actividades para conmemorar el 25 de noviembre, D\u00eda Internacional de la Eliminaci\u00f3n de la Violencia contra las Mujeres, Cultura UNAM le rinde homenaje a \u201cIn\u00e9s Arredondo y la violencia contra la mujer\u201d, en un conversatorio, en la Casa Universitaria del Libro [&hellip;]<\/p>\n","protected":false},"author":3,"featured_media":90041,"comment_status":"open","ping_status":"open","sticky":false,"template":"","format":"standard","meta":{"_monsterinsights_skip_tracking":false,"footnotes":""},"categories":[748],"tags":[],"class_list":["post-90040","post","type-post","status-publish","format-standard","has-post-thumbnail","category-cultura-feminista"],"_links":{"self":[{"href":"https:\/\/redsemlac.com\/semmexico\/wp-json\/wp\/v2\/posts\/90040","targetHints":{"allow":["GET"]}}],"collection":[{"href":"https:\/\/redsemlac.com\/semmexico\/wp-json\/wp\/v2\/posts"}],"about":[{"href":"https:\/\/redsemlac.com\/semmexico\/wp-json\/wp\/v2\/types\/post"}],"author":[{"embeddable":true,"href":"https:\/\/redsemlac.com\/semmexico\/wp-json\/wp\/v2\/users\/3"}],"replies":[{"embeddable":true,"href":"https:\/\/redsemlac.com\/semmexico\/wp-json\/wp\/v2\/comments?post=90040"}],"version-history":[{"count":0,"href":"https:\/\/redsemlac.com\/semmexico\/wp-json\/wp\/v2\/posts\/90040\/revisions"}],"wp:featuredmedia":[{"embeddable":true,"href":"https:\/\/redsemlac.com\/semmexico\/wp-json\/wp\/v2\/media\/90041"}],"wp:attachment":[{"href":"https:\/\/redsemlac.com\/semmexico\/wp-json\/wp\/v2\/media?parent=90040"}],"wp:term":[{"taxonomy":"category","embeddable":true,"href":"https:\/\/redsemlac.com\/semmexico\/wp-json\/wp\/v2\/categories?post=90040"},{"taxonomy":"post_tag","embeddable":true,"href":"https:\/\/redsemlac.com\/semmexico\/wp-json\/wp\/v2\/tags?post=90040"}],"curies":[{"name":"wp","href":"https:\/\/api.w.org\/{rel}","templated":true}]}}