{"id":90030,"date":"2024-11-25T09:20:15","date_gmt":"2024-11-25T15:20:15","guid":{"rendered":"https:\/\/redsemlac.com\/semmexico\/?p=90030"},"modified":"2024-11-25T09:21:42","modified_gmt":"2024-11-25T15:21:42","slug":"los-capitales-empresas-de-al-y-el-caribe-se-comprometen-a-acelerar-el-progreso-de-los-ods","status":"publish","type":"post","link":"https:\/\/redsemlac.com\/semmexico\/los-capitales-empresas-de-al-y-el-caribe-se-comprometen-a-acelerar-el-progreso-de-los-ods\/","title":{"rendered":"Los Capitales| Empresas de AL y el Caribe se comprometen a acelerar el progreso de los ODS."},"content":{"rendered":"\n<p class=\"wp-block-paragraph\">Edgar Gonz\u00e1lez Mart\u00ednez<\/p>\n\n\n\n<p class=\"wp-block-paragraph\">SemM\u00e9xico, Cd. de M\u00e9xico, 25 de noviembre, 2024.- Un claro des\u00e1nimo se respira en la alta direcci\u00f3n de la Organizaci\u00f3n de las Nacionales Unidas en cuanto los logros de los Objetivos de Desarrollo Sostenible (ODS) a trav\u00e9s de la acci\u00f3n del sector privado, que permita acelerar el desarrollo sostenible en Am\u00e9rica Latina y el Caribe (LAC). Seg\u00fan la ONU, \u201ca seis a\u00f1os de la fecha l\u00edmite de 2030 para alcanzar los ODS, s\u00f3lo el 17 por ciento de las metas de las est\u00e1n en camino, casi la mitad est\u00e1n mostrando un progreso m\u00ednimo o moderado, y el progreso en m\u00e1s de un tercio se ha estancado o incluso retrocedido\u201d.<\/p>\n\n\n\n<p class=\"wp-block-paragraph\">Para hacer frente a esta situaci\u00f3n, la iniciativa del Pacto Global de las Naciones Unidas \u201cForward Faster\u201d, reta a las empresas a asumir compromisos ambiciosos y cre\u00edbles en \u00e1mbitos en los que el sector privado puede tener el mayor impacto: igualdad de g\u00e9nero, acci\u00f3n por el clima, salario digno, financiaci\u00f3n sostenible y resiliencia h\u00eddrica. Por lo pronto, m\u00e1s de 200 empresas de 16 pa\u00edses de la regi\u00f3n se han comprometido p\u00fablicamente con la iniciativa Forward Faster firmando m\u00e1s de 650 compromisos, con una media de 3,5 compromisos por empresa.<\/p>\n\n\n\n<p class=\"wp-block-paragraph\">Sanda Ojiambo, CEO y directora ejecutiva del Pacto Global de la ONU enfatiz\u00f3 el papel cr\u00edtico de las empresas en el logro de la Agenda 2030: \u201cLos debates de hoy han dejado claro que nos encontramos en un punto de inflexi\u00f3n. Los retos son enormes, pero tambi\u00e9n lo son las oportunidades para el liderazgo del sector privado. Ahora, m\u00e1s que nunca, las empresas deben alinear sus estrategias con los ODS y demostrar que la sostenibilidad no solo es buena para los negocios, sino que es esencial para nuestro futuro. Nuestra iniciativa Forward Faster ofrece a las empresas la hoja de ruta para dar el siguiente paso\u201d.<\/p>\n\n\n\n<p class=\"wp-block-paragraph\">La regi\u00f3n de Am\u00e9rica Latina y el Caribe ha demostrado un enorme potencial a la hora de adoptar pr\u00e1cticas empresariales sostenibles. Con m\u00e1s de 4.300 empresas de la regi\u00f3n comprometidas con el Pacto Global de las Naciones Unidas, el sector privado de la regi\u00f3n est\u00e1 impulsando un impacto significativo en sectores como la banca, las telecomunicaciones, la energ\u00eda y la agricultura. El evento Forward Faster Now Am\u00e9rica Latina y el Caribe (LAC) subray\u00f3 la importancia de la colaboraci\u00f3n entre las empresas, los gobiernos y la sociedad civil para crear un cambio duradero.<\/p>\n\n\n\n<p class=\"wp-block-paragraph\">Buena labor realiza la embajada de M\u00e9xico en Canad\u00e1 en apoyo al T-MEC.<\/p>\n\n\n\n<p class=\"wp-block-paragraph\">La sede diplom\u00e1tica, que encabeza Carlos Joaqu\u00edn, est\u00e1 realizando un intenso cabildeo y acciones en apoyo al tratado comercial que sostenemos con Canad\u00e1 y Estados Unidos. Adem\u00e1s, ha convocado con mucho \u00e9xito, a los empresarios m\u00e1s importantes al ciclo de conferencias y foros empresariales, con la participaci\u00f3n de acad\u00e9micos, inversionistas, dirigentes sociales, gobierno y organizaciones civiles de los tres pa\u00edses.<\/p>\n\n\n\n<p class=\"wp-block-paragraph\">Precisamente, el pasado jueves y viernes se llev\u00f3 a cabo el \u201cNorthAmerican F\u00f3rum\u201d, adem\u00e1s el embajador particip\u00f3 en varias reuniones que encabez\u00f3 el Subsecretario de Econom\u00eda Luis Rosendo Guti\u00e9rrez y el presidente del Consejo Coordinador Empresarial, Francisco Cervantes; quienes se han reunido con el Primer Ministro Justin Trudeau.<\/p>\n\n\n\n<p class=\"wp-block-paragraph\">Impulsan foro legislativo para poner frena el avance de la diabetes.<\/p>\n\n\n\n<p class=\"wp-block-paragraph\">El pr\u00f3ximo 4 de diciembre se realizar\u00e1 el foro legislativo \u201cRetos y Perspectivas de las personas que viven con Diabetes, Sobrepeso y Obesidad\u201d, convocado por la C\u00e1mara de Diputados y la Federaci\u00f3n Mexicana de Diabetes, A.C. Interesante esfuerzo porque Diabetes tipo 2 y la obesidad son problemas de salud p\u00fablica que afectan a millones de personas en el mundo y M\u00e9xico no es la excepci\u00f3n. En el a\u00f1o 2022, el 35% de la poblaci\u00f3n aqu\u00ed present\u00f3 obesidad. Los datos m\u00e1s recientes de la Federaci\u00f3n Internacional de Diabetes indican que son 537 millones de personas viven con diabetes y un 50 por ciento de todos los casos de diabetes no se diagnostican.&nbsp;&nbsp;Aqu\u00ed la ENSANUT revela que prevalencia de DT2 en la poblaci\u00f3n adulta mexicana fue de 18.4 por ciento (12.4 % diagnosticada y seis por ciento no diagnosticada), es decir que aproximadamente 18.4 de cada 100 personas en el pa\u00eds viven con esta condici\u00f3n.<\/p>\n\n\n\n<p class=\"wp-block-paragraph\">Galardonan a mexicano radicado en Australia, por sus conocimientos en computaci\u00f3n.<\/p>\n\n\n\n<p class=\"wp-block-paragraph\">Jorge G\u00e1lvez, investigador de la Universidad Nacional Australiana, originario de Tampico, Tamaulipas, se convirti\u00f3 en el \u00fanico mexicano en recibir el \u201cPremio Nobel\u201d del superc\u00f3mputo. Durante su estancia en M\u00e9xico, antes de establecerse en Australia, estudi\u00f3 qu\u00edmica en la Universidad de las Am\u00e9ricas Puebla (UDLAP) con el apoyo de una beca estatal del Instituto Tamaulipeco de Becas, Est\u00edmulos y Cr\u00e9ditos Educativo (ITABEC), as\u00ed como el doctorado en Iowa State University.<\/p>\n\n\n\n<p class=\"wp-block-paragraph\">Durante la Conferencia Internacional SC sobre Computaci\u00f3n de Alto Rendimiento, Redes, Almacenamiento y An\u00e1lisis en Atlanta, Georgia, un equipo de investigadores fue galardonado con el Premio Gordon Bell 2024, el cual es considerado el \u201cPremio Nobel\u201d de esta \u00e1rea de la ciencia.<\/p>\n\n\n\n<p class=\"wp-block-paragraph\">Este premio reconoce la investigaci\u00f3n innovadora: \u201cRompiendo las barreras del mill\u00f3n de electrones y 1 EFLOP\/s: din\u00e1mica molecular ab initio a escala biomolecular utilizando potenciales MP2\u201d. La condecoraci\u00f3n considera el desarrollo por parte del conjunto de investigadores de la primera simulaci\u00f3n cu\u00e1ntica precisa de sistemas biol\u00f3gicos a la escala necesaria para modelar con precisi\u00f3n el rendimiento de los f\u00e1rmacos. Este software permitir\u00e1 desarrollar nuevos medicamentos de forma m\u00e1s r\u00e1pida y econ\u00f3mica para enfermedades que hasta ahora han sido demasiado dif\u00edciles de tratar.<\/p>\n\n\n\n<p class=\"wp-block-paragraph\"><a href=\"mailto:loscapitales@yahoo.com.mx\" target=\"_blank\" rel=\"noreferrer noopener\">loscapitales@yahoo.com.mx<\/a><\/p>\n\n\n\n<p class=\"wp-block-paragraph\"><a href=\"http:\/\/www.agendadeinversiones.com.mx\/\" target=\"_blank\" rel=\"noreferrer noopener\">www.agendadeinversiones.com.mx<\/a><\/p>\n\n\n\n<p class=\"wp-block-paragraph\">Twiter: @Edgar4712<\/p>\n","protected":false},"excerpt":{"rendered":"<p>Edgar Gonz\u00e1lez Mart\u00ednez SemM\u00e9xico, Cd. de M\u00e9xico, 25 de noviembre, 2024.- Un claro des\u00e1nimo se respira en la alta direcci\u00f3n de la Organizaci\u00f3n de las Nacionales Unidas en cuanto los logros de los Objetivos de Desarrollo Sostenible (ODS) a trav\u00e9s de la acci\u00f3n del sector privado, que permita acelerar el desarrollo sostenible en Am\u00e9rica Latina [&hellip;]<\/p>\n","protected":false},"author":3,"featured_media":75979,"comment_status":"open","ping_status":"open","sticky":false,"template":"","format":"standard","meta":{"_monsterinsights_skip_tracking":false,"footnotes":""},"categories":[750,110,35],"tags":[],"class_list":["post-90030","post","type-post","status-publish","format-standard","has-post-thumbnail","category-edgar-gonzalez-martinez","category-la-opinion-columnas","category-opinion"],"_links":{"self":[{"href":"https:\/\/redsemlac.com\/semmexico\/wp-json\/wp\/v2\/posts\/90030","targetHints":{"allow":["GET"]}}],"collection":[{"href":"https:\/\/redsemlac.com\/semmexico\/wp-json\/wp\/v2\/posts"}],"about":[{"href":"https:\/\/redsemlac.com\/semmexico\/wp-json\/wp\/v2\/types\/post"}],"author":[{"embeddable":true,"href":"https:\/\/redsemlac.com\/semmexico\/wp-json\/wp\/v2\/users\/3"}],"replies":[{"embeddable":true,"href":"https:\/\/redsemlac.com\/semmexico\/wp-json\/wp\/v2\/comments?post=90030"}],"version-history":[{"count":0,"href":"https:\/\/redsemlac.com\/semmexico\/wp-json\/wp\/v2\/posts\/90030\/revisions"}],"wp:featuredmedia":[{"embeddable":true,"href":"https:\/\/redsemlac.com\/semmexico\/wp-json\/wp\/v2\/media\/75979"}],"wp:attachment":[{"href":"https:\/\/redsemlac.com\/semmexico\/wp-json\/wp\/v2\/media?parent=90030"}],"wp:term":[{"taxonomy":"category","embeddable":true,"href":"https:\/\/redsemlac.com\/semmexico\/wp-json\/wp\/v2\/categories?post=90030"},{"taxonomy":"post_tag","embeddable":true,"href":"https:\/\/redsemlac.com\/semmexico\/wp-json\/wp\/v2\/tags?post=90030"}],"curies":[{"name":"wp","href":"https:\/\/api.w.org\/{rel}","templated":true}]}}