{"id":90011,"date":"2024-11-25T14:46:41","date_gmt":"2024-11-25T20:46:41","guid":{"rendered":"https:\/\/redsemlac.com\/semmexico\/?p=90011"},"modified":"2024-11-25T14:46:52","modified_gmt":"2024-11-25T20:46:52","slug":"allanan-con-dron-casa-de-jaqueline-campbell-colaboradora-del-obispo-raul-vera","status":"publish","type":"post","link":"https:\/\/redsemlac.com\/semmexico\/allanan-con-dron-casa-de-jaqueline-campbell-colaboradora-del-obispo-raul-vera\/","title":{"rendered":"Allanan con dron casa de Jaqueline Campbell, colaboradora del obispo Ra\u00fal Vera"},"content":{"rendered":"\n<p class=\"wp-block-paragraph\">Foto: Lado B.<\/p>\n\n\n\n<p class=\"wp-block-paragraph\">Esta es la segunda ocasi\u00f3n que Campbell D\u00e1vila sufre un allanamiento en su domicilio.<\/p>\n\n\n\n<p class=\"wp-block-paragraph\">Sara Lovera<\/p>\n\n\n\n<p class=\"wp-block-paragraph\">SemM\u00e9xico, Saltillo, Coahuila, 25 de noviembre, 2024.- Un&nbsp;dron&nbsp;que se introdujo en el&nbsp;patio de la casa de la activista defensora&nbsp;de derechos humanos y asesora del obispo&nbsp;Ra\u00fal Vera, Jaqueline Campbell D\u00e1vila, grab\u00f3 los detalles y distribuci\u00f3n de la vivienda.<\/p>\n\n\n\n<p class=\"wp-block-paragraph\">Ante ello, Campbell D\u00e1vila present\u00f3 este jueves la denuncia ante la Fiscal\u00eda General de Coahuila.<\/p>\n\n\n\n<p class=\"wp-block-paragraph\">En entrevista con SemM\u00e9xico, dijo que por qu\u00e9 las autoridades municipales y estatales atacan, intimidad, amenazan, humillan, silencian, difaman y asesinan a mujeres defensoras y periodistas.<\/p>\n\n\n\n<p class=\"wp-block-paragraph\">Lo m\u00ednimo que tienen estos caballeros es falta de visi\u00f3n y compromiso. En el caso de la zona centro de Saltillo, no aceptamos que sus proyectos de obras p\u00fablicas sean s\u00edmbolos de negligencia y opacidad, que pudieran ser consecuencia de actos de corrupci\u00f3n.<\/p>\n\n\n\n<p class=\"wp-block-paragraph\">Adem\u00e1s Campbell D\u00e1vila tiene algunos a\u00f1os defendiendo mujeres violentadas. Ahora mismo est\u00e1 pidiendo justicia para Sofi, una joven violada hace 5 a\u00f1os por su entrenador de tochito. Ella, frecuentemente, como experta en Derechos Humanos, tambi\u00e9n acude a los llamados que hacen las&nbsp; mujeres y las familias que ven violentados sus derechos humanos.<\/p>\n\n\n\n<p class=\"wp-block-paragraph\">Desde una red de feministas, Jaky, como le decimos cari\u00f1osamente, ha colaborado en las protestas por las mujeres asesinadas, v\u00edctimas de feminicidio; por la desaparici\u00f3n forzada en la entidad y hace casi 20 a\u00f1os se solidariz\u00f3 con los mineros del carb\u00f3n, con sus viudas y los hijos e hijas que en la regi\u00f3n carbon\u00edfera,&nbsp; viven la muerte de estos obreros. Como fue Pasta de Conchos.<\/p>\n\n\n\n<p class=\"wp-block-paragraph\"><strong>La denuncia<\/strong><\/p>\n\n\n\n<p class=\"wp-block-paragraph\">La denuncia se\u00f1ala: \u201cAproximadamente a las 14:42 horas del d\u00eda de ayer 20 de noviembre de 2024, al encontrarme en el interior de mi domicilio, de forma sorpresiva, entr\u00f3 por la parte frontal de mi casa, un dron, llegando hasta el patio central del inmueble, a 50 cm del piso y a 3 metros de donde yo me encontraba en su interior\u201d.<\/p>\n\n\n\n<p class=\"wp-block-paragraph\">Asimismo, la querella qued\u00f3 registrada en la Carpeta de Investigaci\u00f3n 033\/SAL\/ULE\/2024 NUC: AC-18978 de la Fiscal\u00eda de Investigaci\u00f3n Especializada Atenci\u00f3n, Protecci\u00f3n a V\u00edctimas y Testigos del estado de Coahuila.<\/p>\n\n\n\n<p class=\"wp-block-paragraph\">Esta es la segunda ocasi\u00f3n que Campbell D\u00e1vila sufre un allanamiento en su domicilio.<\/p>\n\n\n\n<p class=\"wp-block-paragraph\"><a href=\"https:\/\/editorial.aristeguinoticias.com\/wp-content\/uploads\/2024\/11\/allanan-dron-jacqueline-campbell-activista-asesora-obispo-raul-vera-saltillo-coahuila-2-21112024.jpeg\"><\/a><\/p>\n\n\n\n<figure class=\"wp-block-image size-full\"><a href=\"https:\/\/redsemlac.com\/semmexico\/wp-content\/uploads\/2024\/11\/allana-con-dron-02.jpg\"><img loading=\"lazy\" decoding=\"async\" width=\"700\" height=\"438\" src=\"https:\/\/redsemlac.com\/semmexico\/wp-content\/uploads\/2024\/11\/allana-con-dron-02.jpg\" alt=\"\" class=\"wp-image-90013\" srcset=\"https:\/\/redsemlac.com\/semmexico\/wp-content\/uploads\/2024\/11\/allana-con-dron-02.jpg 700w, https:\/\/redsemlac.com\/semmexico\/wp-content\/uploads\/2024\/11\/allana-con-dron-02-300x188.jpg 300w, https:\/\/redsemlac.com\/semmexico\/wp-content\/uploads\/2024\/11\/allana-con-dron-02-150x94.jpg 150w, https:\/\/redsemlac.com\/semmexico\/wp-content\/uploads\/2024\/11\/allana-con-dron-02-696x435.jpg 696w\" sizes=\"auto, (max-width: 700px) 100vw, 700px\" \/><\/a><\/figure>\n\n\n\n<p class=\"wp-block-paragraph\"><a href=\"https:\/\/editorial.aristeguinoticias.com\/wp-content\/uploads\/2024\/11\/allanan-dron-jacqueline-campbell-activista-asesora-obispo-raul-vera-saltillo-coahuila-2-21112024.jpeg\"><\/a><\/p>\n\n\n\n<p class=\"wp-block-paragraph\">El 2 de febrero del 2021 sujetos rompieron la ventana de una puerta del segundo piso para entrar a su casa mientras ella se encontraba en una cena con el equipo del obispo Vera L\u00f3pez.<\/p>\n\n\n\n<p class=\"wp-block-paragraph\">A partir de esos hechos el Mecanismo de Protecci\u00f3n a Defensores de Derechos Humanos y a Periodistas&nbsp;decret\u00f3 medidas cautelares para Jaqueline Campbell.<\/p>\n\n\n\n<p class=\"wp-block-paragraph\">El allanamiento reciente ocurri\u00f3 cuando la activista y decenas de habitantes del centro de Saltillo publicaron un desplegado en medios impresos reclamando al municipio por \u201cla mala ejecuci\u00f3n de los trabajos de rehabilitaci\u00f3n de las calles que afectan a domicilios y negocios\u201d.<\/p>\n\n\n\n<p class=\"wp-block-paragraph\">En el texto realizan se\u00f1alamientos de&nbsp;responsabilidades sociales al alcalde y al director de obras p\u00fablicas, por una obra millonaria que podr\u00eda terminar con el patrimonio de algunas familias y el patrimonio hist\u00f3rico, cultural y arquitect\u00f3nico de la ciudad.<\/p>\n\n\n\n<p class=\"wp-block-paragraph\">Adem\u00e1s, el 6 de noviembre Ra\u00fal Vera y Campbell denunciaron una carta ap\u00f3crifa supuestamente firmada por el obispo la cual fue utilizada por la funcionaria Rosario Piedra Ibarra para solicitar al Senado de la Rep\u00fablica su continuidad ante la Comisi\u00f3n Nacional de Derechos Humanos (CNDH).<\/p>\n\n\n\n<p class=\"wp-block-paragraph\">En esa ocasi\u00f3n tambi\u00e9n se puso una denuncia ante las autoridades debido a que se utiliz\u00f3 de forma ilegal la firma del obispo em\u00e9rito de Saltillo.<\/p>\n\n\n\n<p class=\"wp-block-paragraph\">Vera tambi\u00e9n sufri\u00f3 el allanamiento de las oficinas del obispado, cuando un hombre intent\u00f3 entrar a la zona de su equipo de comunicaci\u00f3n.<\/p>\n\n\n\n<p class=\"wp-block-paragraph\">Adem\u00e1s, Ra\u00fal Vera y Campbell D\u00e1vila han sufrido difamaciones medi\u00e1ticas en su contra por parte de Francisco de la Pe\u00f1a, due\u00f1o del&nbsp;<em>Heraldo de Saltillo<\/em>, peri\u00f3dico que recibe millones de pesos de parte del gobierno de Coahuila.<\/p>\n","protected":false},"excerpt":{"rendered":"<p>Foto: Lado B. Esta es la segunda ocasi\u00f3n que Campbell D\u00e1vila sufre un allanamiento en su domicilio. Sara Lovera SemM\u00e9xico, Saltillo, Coahuila, 25 de noviembre, 2024.- Un&nbsp;dron&nbsp;que se introdujo en el&nbsp;patio de la casa de la activista defensora&nbsp;de derechos humanos y asesora del obispo&nbsp;Ra\u00fal Vera, Jaqueline Campbell D\u00e1vila, grab\u00f3 los detalles y distribuci\u00f3n de la [&hellip;]<\/p>\n","protected":false},"author":3,"featured_media":90012,"comment_status":"open","ping_status":"open","sticky":false,"template":"","format":"standard","meta":{"_monsterinsights_skip_tracking":false,"footnotes":""},"categories":[1147,27],"tags":[],"class_list":["post-90011","post","type-post","status-publish","format-standard","has-post-thumbnail","category-25n-2024","category-cobertura-especial"],"_links":{"self":[{"href":"https:\/\/redsemlac.com\/semmexico\/wp-json\/wp\/v2\/posts\/90011","targetHints":{"allow":["GET"]}}],"collection":[{"href":"https:\/\/redsemlac.com\/semmexico\/wp-json\/wp\/v2\/posts"}],"about":[{"href":"https:\/\/redsemlac.com\/semmexico\/wp-json\/wp\/v2\/types\/post"}],"author":[{"embeddable":true,"href":"https:\/\/redsemlac.com\/semmexico\/wp-json\/wp\/v2\/users\/3"}],"replies":[{"embeddable":true,"href":"https:\/\/redsemlac.com\/semmexico\/wp-json\/wp\/v2\/comments?post=90011"}],"version-history":[{"count":0,"href":"https:\/\/redsemlac.com\/semmexico\/wp-json\/wp\/v2\/posts\/90011\/revisions"}],"wp:featuredmedia":[{"embeddable":true,"href":"https:\/\/redsemlac.com\/semmexico\/wp-json\/wp\/v2\/media\/90012"}],"wp:attachment":[{"href":"https:\/\/redsemlac.com\/semmexico\/wp-json\/wp\/v2\/media?parent=90011"}],"wp:term":[{"taxonomy":"category","embeddable":true,"href":"https:\/\/redsemlac.com\/semmexico\/wp-json\/wp\/v2\/categories?post=90011"},{"taxonomy":"post_tag","embeddable":true,"href":"https:\/\/redsemlac.com\/semmexico\/wp-json\/wp\/v2\/tags?post=90011"}],"curies":[{"name":"wp","href":"https:\/\/api.w.org\/{rel}","templated":true}]}}