{"id":89996,"date":"2024-11-24T13:36:11","date_gmt":"2024-11-24T19:36:11","guid":{"rendered":"https:\/\/redsemlac.com\/semmexico\/?p=89996"},"modified":"2024-11-24T13:36:12","modified_gmt":"2024-11-24T19:36:12","slug":"inician-actividades-en-el-pais-para-conmemorar-el-25n-que-cumple-25-anos-de-instituido-por-naciones-unidas","status":"publish","type":"post","link":"https:\/\/redsemlac.com\/semmexico\/inician-actividades-en-el-pais-para-conmemorar-el-25n-que-cumple-25-anos-de-instituido-por-naciones-unidas\/","title":{"rendered":"Inician actividades en el pa\u00eds para conmemorar el 25N que cumple 25 a\u00f1os de instituido por Naciones Unidas"},"content":{"rendered":"\n<p class=\"wp-block-paragraph\">Micaela M\u00e1rquez<\/p>\n\n\n\n<p class=\"wp-block-paragraph\">SemM\u00e9xico. Ciudad de M\u00e9xico. 23 de noviembre 2024.- El 25 de noviembre fue establecido como el D\u00eda Internacional para Eliminar la Violencia contra la Mujer para&nbsp;visibilizar, erradicar y reivindicar las violaciones hacia los derechos de las mujeres y ni\u00f1as por la Asamblea General de las Naciones Unidas.<\/p>\n\n\n\n<p class=\"wp-block-paragraph\">Este a\u00f1o se cumple el 25.\u00ba aniversario de la designaci\u00f3n del 25 de noviembre como el D\u00eda Internacional de la Eliminaci\u00f3n de la Violencia contra la Mujer, en memoria de las hermanas Mirabal, que fueron brutalmente asesinadas ese d\u00eda en 1960.<\/p>\n\n\n\n<p class=\"wp-block-paragraph\">Este lunes, en todo el mundo, colectivas feministas, de b\u00fasqueda y mujeres protestan por una vida digna y plena, rinden homenaje a las v\u00edctimas y reiteran su activismo por conseguir espacios seguros.<\/p>\n\n\n\n<p class=\"wp-block-paragraph\"><strong>Ciudad de M\u00e9xico<\/strong><\/p>\n\n\n\n<p class=\"wp-block-paragraph\">En la ciudad de M\u00e9xico el punto de reuni\u00f3n es en La Glorieta de las Mujeres en la Avenida Reforma, entre las 13 y las 14 horas. Se reunir\u00e1n varios contingentes, entre ellos los &nbsp;de la Red Nacional de Refugios y &nbsp;Amnist\u00eda Internacional M\u00e9xico. Art\u00edculo 19 anunci\u00f3 que monitoreara la marcha. &nbsp;<\/p>\n\n\n\n<p class=\"wp-block-paragraph\">La ruta que seguir\u00e1n las protestas ser\u00e1 sobre Paseo de la Reforma hasta llegar a la altura del Monumento a la Revoluci\u00f3n, seguido de la Avenida Ju\u00e1rez para finalmente llegar al Z\u00f3calo capitalino.<\/p>\n\n\n\n<p class=\"wp-block-paragraph\">Desde el s\u00e1bado hay actividades culturales con talleres, pel\u00edculas, conversatorios&nbsp; y bailes en el Centro Cultural \u201cEl Rule\u201d y en El Faro Arag\u00f3n.<\/p>\n\n\n\n<figure class=\"wp-block-image size-large\"><a href=\"https:\/\/redsemlac.com\/semmexico\/wp-content\/uploads\/2024\/11\/WhatsApp-Image-2024-11-23-at-6.50.37-PM.jpeg\"><img loading=\"lazy\" decoding=\"async\" width=\"768\" height=\"1024\" src=\"https:\/\/redsemlac.com\/semmexico\/wp-content\/uploads\/2024\/11\/WhatsApp-Image-2024-11-23-at-6.50.37-PM-768x1024.jpeg\" alt=\"\" class=\"wp-image-90004\" srcset=\"https:\/\/redsemlac.com\/semmexico\/wp-content\/uploads\/2024\/11\/WhatsApp-Image-2024-11-23-at-6.50.37-PM-768x1024.jpeg 768w, https:\/\/redsemlac.com\/semmexico\/wp-content\/uploads\/2024\/11\/WhatsApp-Image-2024-11-23-at-6.50.37-PM-225x300.jpeg 225w, https:\/\/redsemlac.com\/semmexico\/wp-content\/uploads\/2024\/11\/WhatsApp-Image-2024-11-23-at-6.50.37-PM-1152x1536.jpeg 1152w, https:\/\/redsemlac.com\/semmexico\/wp-content\/uploads\/2024\/11\/WhatsApp-Image-2024-11-23-at-6.50.37-PM-150x200.jpeg 150w, https:\/\/redsemlac.com\/semmexico\/wp-content\/uploads\/2024\/11\/WhatsApp-Image-2024-11-23-at-6.50.37-PM-300x400.jpeg 300w, https:\/\/redsemlac.com\/semmexico\/wp-content\/uploads\/2024\/11\/WhatsApp-Image-2024-11-23-at-6.50.37-PM-696x928.jpeg 696w, https:\/\/redsemlac.com\/semmexico\/wp-content\/uploads\/2024\/11\/WhatsApp-Image-2024-11-23-at-6.50.37-PM-1068x1424.jpeg 1068w, https:\/\/redsemlac.com\/semmexico\/wp-content\/uploads\/2024\/11\/WhatsApp-Image-2024-11-23-at-6.50.37-PM.jpeg 1200w\" sizes=\"auto, (max-width: 768px) 100vw, 768px\" \/><\/a><\/figure>\n\n\n\n<figure class=\"wp-block-image size-large\"><a href=\"https:\/\/redsemlac.com\/semmexico\/wp-content\/uploads\/2024\/11\/WhatsApp-Image-2024-11-23-at-6.40.47-PM.jpeg\"><img loading=\"lazy\" decoding=\"async\" width=\"1024\" height=\"858\" src=\"https:\/\/redsemlac.com\/semmexico\/wp-content\/uploads\/2024\/11\/WhatsApp-Image-2024-11-23-at-6.40.47-PM-1024x858.jpeg\" alt=\"\" class=\"wp-image-89998\" srcset=\"https:\/\/redsemlac.com\/semmexico\/wp-content\/uploads\/2024\/11\/WhatsApp-Image-2024-11-23-at-6.40.47-PM-1024x858.jpeg 1024w, https:\/\/redsemlac.com\/semmexico\/wp-content\/uploads\/2024\/11\/WhatsApp-Image-2024-11-23-at-6.40.47-PM-300x251.jpeg 300w, https:\/\/redsemlac.com\/semmexico\/wp-content\/uploads\/2024\/11\/WhatsApp-Image-2024-11-23-at-6.40.47-PM-768x644.jpeg 768w, https:\/\/redsemlac.com\/semmexico\/wp-content\/uploads\/2024\/11\/WhatsApp-Image-2024-11-23-at-6.40.47-PM-150x126.jpeg 150w, https:\/\/redsemlac.com\/semmexico\/wp-content\/uploads\/2024\/11\/WhatsApp-Image-2024-11-23-at-6.40.47-PM-696x583.jpeg 696w, https:\/\/redsemlac.com\/semmexico\/wp-content\/uploads\/2024\/11\/WhatsApp-Image-2024-11-23-at-6.40.47-PM-1068x895.jpeg 1068w, https:\/\/redsemlac.com\/semmexico\/wp-content\/uploads\/2024\/11\/WhatsApp-Image-2024-11-23-at-6.40.47-PM.jpeg 1280w\" sizes=\"auto, (max-width: 1024px) 100vw, 1024px\" \/><\/a><\/figure>\n\n\n\n<figure class=\"wp-block-image size-full\"><a href=\"https:\/\/redsemlac.com\/semmexico\/wp-content\/uploads\/2024\/11\/thumbnail_image.png\"><img loading=\"lazy\" decoding=\"async\" width=\"523\" height=\"640\" src=\"https:\/\/redsemlac.com\/semmexico\/wp-content\/uploads\/2024\/11\/thumbnail_image.png\" alt=\"\" class=\"wp-image-90002\" srcset=\"https:\/\/redsemlac.com\/semmexico\/wp-content\/uploads\/2024\/11\/thumbnail_image.png 523w, https:\/\/redsemlac.com\/semmexico\/wp-content\/uploads\/2024\/11\/thumbnail_image-245x300.png 245w, https:\/\/redsemlac.com\/semmexico\/wp-content\/uploads\/2024\/11\/thumbnail_image-150x184.png 150w, https:\/\/redsemlac.com\/semmexico\/wp-content\/uploads\/2024\/11\/thumbnail_image-300x367.png 300w\" sizes=\"auto, (max-width: 523px) 100vw, 523px\" \/><\/a><\/figure>\n\n\n\n<p class=\"wp-block-paragraph\"><strong>La UNAM ilumina de naranja Biblioteca Central y Estadio Ol\u00edmpico<\/strong><\/p>\n\n\n\n<p class=\"wp-block-paragraph\">La&nbsp;Universidad Nacional&nbsp; Aut\u00f3noma de M\u00e9xico&nbsp;(UNAM) tiene preparado actividades en marco de la conmemoraci\u00f3n del&nbsp;25N, a partir de lunes y hasta el 10 de diciembre por la campa\u00f1a UNETE 16 d\u00edas de activismo contra la violencia de g\u00e9nero\u201d.<\/p>\n\n\n\n<p class=\"wp-block-paragraph\">La Biblioteca Central y el Estadio Ol\u00edmpico Universitario de la UNAM se iluminar\u00e1n de naranja para conmemorar a las v\u00edctimas de violencia de g\u00e9nero, desde el 25 de noviembre hasta el 10 de diciembre.<\/p>\n\n\n\n<p class=\"wp-block-paragraph\">Entre el 22 y 24 de noviembre en &nbsp;Casa de las Humanidades, Santa Catarina, Coyoac\u00e1n Igualdad de G\u00e9nero UNAM&nbsp;llevar\u00e1 a cabo conversatorios, talleres, proyecciones y actividades gratuitas y para todo p\u00fablico.<\/p>\n\n\n\n<p class=\"wp-block-paragraph\">El documental dirigido por la cineasta Patricia Balderas Castro,&nbsp;\u201cAhora que estamos juntas\u201d&nbsp;(2022) se proyectar\u00e1 en las Islas de CU para el viernes 29 de noviembre a las 18:30hrs.<\/p>\n\n\n\n<p class=\"wp-block-paragraph\"><strong>Cuernavaca, Morelos<\/strong><\/p>\n\n\n\n<p class=\"wp-block-paragraph\">En Cuernavaca, Morelos, las colectivas&nbsp;&nbsp; \u201c<a href=\"https:\/\/www.facebook.com\/Divulvadorxs?locale=es_LA\">Divulvadoras\u201d&nbsp;<\/a>y&nbsp;\u201c<a href=\"https:\/\/www.facebook.com\/profile.php?id=100066523364446&amp;locale=es_LA\">Existimos porque Resistimos<\/a>\u201d convocaron a trav\u00e9s de sus redes sociales a la marcha por el \u00abD\u00eda Internacional de la Eliminaci\u00f3n de la violencia contra la mujer\u00bb el&nbsp;25 de noviembre para exigir justicia por las v\u00edctimas de la violencia en el estado.<\/p>\n\n\n\n<p class=\"wp-block-paragraph\">El&nbsp;lugar de encuentro&nbsp;para iniciar la marcha ser\u00e1 la&nbsp;Iglesia del Calvario a las 15:00 horas, est\u00e1 previsto que el plant\u00f3n recorra las calles principales del centro de la ciudad&nbsp;para llegar a las letras \u00abMorelos\u00bb frente al Palacio de Cort\u00e9s&nbsp;donde habr\u00e1 un pronunciamiento. Solicitaron llevar vestimenta negra, velas, flores y pa\u00f1uelos. Se sumar\u00e1n otras colectivas como el Comit\u00e9 Feminista de Huitzilac, Bloque Violeta, Feministas Revolucionarias, Vivas nos Queremos, entre otras.<\/p>\n\n\n\n<figure class=\"wp-block-image size-full\"><a href=\"https:\/\/redsemlac.com\/semmexico\/wp-content\/uploads\/2024\/11\/thumbnail_image-1.png\"><img loading=\"lazy\" decoding=\"async\" width=\"526\" height=\"526\" src=\"https:\/\/redsemlac.com\/semmexico\/wp-content\/uploads\/2024\/11\/thumbnail_image-1.png\" alt=\"\" class=\"wp-image-90000\" srcset=\"https:\/\/redsemlac.com\/semmexico\/wp-content\/uploads\/2024\/11\/thumbnail_image-1.png 526w, https:\/\/redsemlac.com\/semmexico\/wp-content\/uploads\/2024\/11\/thumbnail_image-1-300x300.png 300w, https:\/\/redsemlac.com\/semmexico\/wp-content\/uploads\/2024\/11\/thumbnail_image-1-150x150.png 150w\" sizes=\"auto, (max-width: 526px) 100vw, 526px\" \/><\/a><\/figure>\n\n\n\n<p class=\"wp-block-paragraph\"><strong>Aguascalientes<\/strong><\/p>\n\n\n\n<p class=\"wp-block-paragraph\">En Aguascalientes Marea S\u00f3nica: batucada feminista, convoca el lunes 25 de noviembre a las 20:00hrs una concentraci\u00f3n \u201cReclamar la noche\u201d en la Plaza principal Exedra, en el centro de la ciudad de Aguascalientes.&nbsp;<\/p>\n\n\n\n<figure class=\"wp-block-image size-full\"><a href=\"https:\/\/redsemlac.com\/semmexico\/wp-content\/uploads\/2024\/11\/thumbnail_image-2.png\"><img loading=\"lazy\" decoding=\"async\" width=\"526\" height=\"526\" src=\"https:\/\/redsemlac.com\/semmexico\/wp-content\/uploads\/2024\/11\/thumbnail_image-2.png\" alt=\"\" class=\"wp-image-90001\" srcset=\"https:\/\/redsemlac.com\/semmexico\/wp-content\/uploads\/2024\/11\/thumbnail_image-2.png 526w, https:\/\/redsemlac.com\/semmexico\/wp-content\/uploads\/2024\/11\/thumbnail_image-2-300x300.png 300w, https:\/\/redsemlac.com\/semmexico\/wp-content\/uploads\/2024\/11\/thumbnail_image-2-150x150.png 150w\" sizes=\"auto, (max-width: 526px) 100vw, 526px\" \/><\/a><\/figure>\n\n\n\n<p class=\"wp-block-paragraph\"><strong>Guadalajara<\/strong><\/p>\n\n\n\n<p class=\"wp-block-paragraph\">Si eres de la capital de Jalisco, Plataforma Feminista Guadalajara convoca a una concentraci\u00f3n por el derecho de vivir en paz a las 19:30 hrs en el cruce calla Toledo con Avenida Castilla.<\/p>\n\n\n\n<figure class=\"wp-block-image size-full\"><a href=\"https:\/\/redsemlac.com\/semmexico\/wp-content\/uploads\/2024\/11\/thumbnail_image-3.png\"><img loading=\"lazy\" decoding=\"async\" width=\"526\" height=\"526\" src=\"https:\/\/redsemlac.com\/semmexico\/wp-content\/uploads\/2024\/11\/thumbnail_image-3.png\" alt=\"\" class=\"wp-image-89999\" srcset=\"https:\/\/redsemlac.com\/semmexico\/wp-content\/uploads\/2024\/11\/thumbnail_image-3.png 526w, https:\/\/redsemlac.com\/semmexico\/wp-content\/uploads\/2024\/11\/thumbnail_image-3-300x300.png 300w, https:\/\/redsemlac.com\/semmexico\/wp-content\/uploads\/2024\/11\/thumbnail_image-3-150x150.png 150w\" sizes=\"auto, (max-width: 526px) 100vw, 526px\" \/><\/a><\/figure>\n\n\n\n<p class=\"wp-block-paragraph\"><strong>Quer\u00e9taro<\/strong><\/p>\n\n\n\n<p class=\"wp-block-paragraph\">La asociaci\u00f3n civil feminista ADAX invita a conmemorar en D\u00eda Internacional de la Eliminaci\u00f3n de la Violencia en Contra de la Mujer el 27 de noviembre a las 9:30 hrs con una serie de talleres l\u00fadicos y recreativos en el Jard\u00edn Principal Adolfo L\u00f3pez Mateos.<\/p>\n\n\n\n<p class=\"wp-block-paragraph\"><strong>Quintana Roo<\/strong><\/p>\n\n\n\n<p class=\"wp-block-paragraph\">En Playa del Carmen, Siempre Unidas PC invita a una concentraci\u00f3n pac\u00edfica el 25 de noviembre a las 18:00 hrs en la Plaza 28 de Julio para dignificar la lucha de las mujeres. Tambi\u00e9n habr\u00e1 conversatorios, micr\u00f3fono abierto, talleres y mucho arte.&nbsp;<\/p>\n\n\n\n<figure class=\"wp-block-image size-full\"><a href=\"https:\/\/redsemlac.com\/semmexico\/wp-content\/uploads\/2024\/11\/thumbnail_image-5.png\"><img loading=\"lazy\" decoding=\"async\" width=\"512\" height=\"640\" src=\"https:\/\/redsemlac.com\/semmexico\/wp-content\/uploads\/2024\/11\/thumbnail_image-5.png\" alt=\"\" class=\"wp-image-90003\" srcset=\"https:\/\/redsemlac.com\/semmexico\/wp-content\/uploads\/2024\/11\/thumbnail_image-5.png 512w, https:\/\/redsemlac.com\/semmexico\/wp-content\/uploads\/2024\/11\/thumbnail_image-5-240x300.png 240w, https:\/\/redsemlac.com\/semmexico\/wp-content\/uploads\/2024\/11\/thumbnail_image-5-150x188.png 150w, https:\/\/redsemlac.com\/semmexico\/wp-content\/uploads\/2024\/11\/thumbnail_image-5-300x375.png 300w\" sizes=\"auto, (max-width: 512px) 100vw, 512px\" \/><\/a><\/figure>\n\n\n\n<p class=\"wp-block-paragraph\"><strong>Michoac\u00e1n<\/strong><\/p>\n\n\n\n<p class=\"wp-block-paragraph\">En Michoac\u00e1n inician actividades por la Secretar\u00eda de Cultura de Michoac\u00e1n para conmemorar el D\u00eda Internacional de la Eliminaci\u00f3n de la Violencia contra las Mujeres con una ceremonia tradicional, un c\u00edrculo de di\u00e1logo, talleres, meditaciones, charlas y una mercadita en el Museo del Estado, de 10:00 a 19:00 horas.<\/p>\n\n\n\n<p class=\"wp-block-paragraph\">El lunes 25 de noviembre se llevar\u00e1 a cabo la clase de stencil titulada Un corte a la violencia, en el Centro Cultural Clavijero, de 11:00 a 15:00 horas.<\/p>\n\n\n\n<p class=\"wp-block-paragraph\">Ese mismo d\u00eda, a las 11:00 horas, el podcast IdentidArtes estar\u00e1 dedicado al D\u00eda Internacional de la Eliminaci\u00f3n de la Violencia contra las Mujeres. Estar\u00e1 disponible en Spotify, YouTube y en la p\u00e1gina de Facebook del Centro de Documentaci\u00f3n e Investigaci\u00f3n de las Artes.<\/p>\n\n\n\n<p class=\"wp-block-paragraph\">A las 19:00 horas del mismo d\u00eda se presentar\u00e1 el performance interdisciplinario Cuando te nombro, en la capilla de la Casa de la Cultura de Morelia. Para culminar la conmemoraci\u00f3n, el martes 26 de noviembre, a las 19:00 horas, se impartir\u00e1 el taller de danza africana Conectando con tus ra\u00edces, en el mismo recinto.<\/p>\n\n\n\n<p class=\"wp-block-paragraph\"><strong>Tampico, Cada 10 minutos se asesina a una mujer<\/strong><\/p>\n\n\n\n<p class=\"wp-block-paragraph\">En Tampico, Tamaulipas las colectivas feministas se preparan para realizar este lunes la marcha del 25 N con el tema \u00abCada 10 minutos se asesina a una mujer. #NoHayExcusa. \u00danete para poner fin a la violencia contra las mujeres\u00bb, y convocan para que acudan a la caminata del pr\u00f3ximo lunes a las 5 de la tarde. La Colectiva Mujer Manglar&nbsp;anunci\u00f3 que&nbsp;la marcha iniciar\u00e1 en la Plaza de las Artes, en punto de las 17:00 horas, para iniciar con la ruta por la calle Altamira, luego seguir a Crist\u00f3bal Col\u00f3n hasta finalizar en la Plaza de Armas, donde&nbsp;se planea realizar un performance y un mitin.<\/p>\n\n\n\n<figure class=\"wp-block-image size-full\"><a href=\"https:\/\/redsemlac.com\/semmexico\/wp-content\/uploads\/2024\/11\/thumbnail_image-4.png\"><img loading=\"lazy\" decoding=\"async\" width=\"512\" height=\"640\" src=\"https:\/\/redsemlac.com\/semmexico\/wp-content\/uploads\/2024\/11\/thumbnail_image-4.png\" alt=\"\" class=\"wp-image-90005\" srcset=\"https:\/\/redsemlac.com\/semmexico\/wp-content\/uploads\/2024\/11\/thumbnail_image-4.png 512w, https:\/\/redsemlac.com\/semmexico\/wp-content\/uploads\/2024\/11\/thumbnail_image-4-240x300.png 240w, https:\/\/redsemlac.com\/semmexico\/wp-content\/uploads\/2024\/11\/thumbnail_image-4-150x188.png 150w, https:\/\/redsemlac.com\/semmexico\/wp-content\/uploads\/2024\/11\/thumbnail_image-4-300x375.png 300w\" sizes=\"auto, (max-width: 512px) 100vw, 512px\" \/><\/a><\/figure>\n\n\n\n<p class=\"wp-block-paragraph\"><strong>Xalapa<\/strong><\/p>\n\n\n\n<p class=\"wp-block-paragraph\">En una Cartelera de Acciones por el 25N en Lagos de Xalapa esta La Caminata Familiar de la carrera del 8M del IMMX, a las 7:45 am.<\/p>\n\n\n\n<p class=\"wp-block-paragraph\">El plant\u00f3n feminista est\u00e1 programado para lunes 25 de noviembre convocado por MOX y Orqu\u00eddeas &nbsp;violetas en Plaza Regina, Xalapa.<\/p>\n\n\n\n<p class=\"wp-block-paragraph\"><strong>Puebla<\/strong><\/p>\n\n\n\n<p class=\"wp-block-paragraph\">A las 7 de la noche convocan a las sobrevivientes de feminicidio&nbsp; y mujeres que deseen unirse a una concentracion en el z\u00f3calo de Puebla.<\/p>\n\n\n\n<p class=\"wp-block-paragraph\"><strong>Estado de M\u00e9xico<\/strong><\/p>\n\n\n\n<p class=\"wp-block-paragraph\">Para el lunes Conversatorio de Yadi, Yeri en la Universidad Mexiquense y participaci\u00f3n en la marcha en en Villa del Carb\u00f3n, Estado de M\u00e9xico.<\/p>\n\n\n\n<p class=\"wp-block-paragraph\"><strong>Jalisco<\/strong><\/p>\n\n\n\n<p class=\"wp-block-paragraph\">Charla sobreviv\u00ed a un feminicidio. Canchas del DIF Unidad Fovissste, Laureles 1151, Zapopan.&nbsp;<\/p>\n\n\n\n<p class=\"wp-block-paragraph\"><strong>Museos se unen al 25N, la historia del arte ha sido narrada desde lo masculino<\/strong><\/p>\n\n\n\n<p class=\"wp-block-paragraph\">Mediaci\u00f3n-es Violeta&nbsp;ofrecer\u00e1 diversas actividades con perspectiva de g\u00e9nero a partir del 23 de noviembre en tres espacios muse\u00edsticos: Museo Nacional de la Estampa, Museo Memoria y Tolerancia y Museo Franz Mayer, en el marco del Dia&nbsp; Internacional de la Eliminaci\u00f3n de la Violencia contra las Mujeres<\/p>\n\n\n\n<p class=\"wp-block-paragraph\">En los 16 d\u00edas de activismo contra la violencia de g\u00e9nero, en las cuales las instituciones participantes se suman a la realizaci\u00f3n de eventos que promuevan la escucha, el di\u00e1logo, la reflexi\u00f3n y la exigencia de una vida libre de violencia hacia las mujeres. Podr\u00e1 participar p\u00fablico de 12 a\u00f1os en adelante.<\/p>\n\n\n\n<p class=\"wp-block-paragraph\">La Mediaci\u00f3n-es Violeta integra la visita a la exposici\u00f3n temporal&nbsp;<em>Nos queremos libres y seguras<\/em>, del Museo Memoria y Tolerancia, que reconoce la importancia de visibilizar y combatir la violencia de g\u00e9nero desde un enfoque educativo y de sensibilizaci\u00f3n social a trav\u00e9s de un espacio de reflexi\u00f3n cr\u00edtica sobre las realidades que enfrentan las mujeres en cuanto a violencia, desigualdad y opresi\u00f3n.<\/p>\n\n\n\n<p class=\"wp-block-paragraph\">Se ofrece un recorrido por el Museo Franz Mayer, en donde el p\u00fablico podr\u00e1 disfrutar, en sus salas, de la colecci\u00f3n permanente y el edificio para contar su historia a partir de una mirada con perspectiva de g\u00e9nero, con el objetivo de visibilizar la vida de las mujeres que habitaron este espacio y la forma c\u00f3mo est\u00e1n representadas dentro del museo.<\/p>\n\n\n\n<p class=\"wp-block-paragraph\">Para cerrar&nbsp;Mediaci\u00f3n-es Violeta&nbsp;se realizar\u00e1n recorridos por el Museo Nacional de la Estampa y visitas a los talleres de gr\u00e1fica,&nbsp;<em>paste up<\/em>, tendedero gr\u00e1fico, tatuaje corporal e impresi\u00f3n de serigraf\u00eda sobre&nbsp;<em>tote bags<\/em>, apropi\u00e1ndose de la gr\u00e1fica como medio de lucha, protesta y exigencia de una vida libre de violencia.<\/p>\n\n\n\n<p class=\"wp-block-paragraph\">La historia de la gr\u00e1fica, as\u00ed como la historia del arte en general, ha sido narrada desde lo masculino, es por ello que el Munae busca tambi\u00e9n visibilizar los trabajos de mujeres grabadoras a trav\u00e9s de la fotograf\u00eda y el bordado, ya que actualmente su acervo ronda entre las 14 mil piezas, de las cuales 1,347 obras son autor\u00eda de 307 artistas mujeres, y aproximadamente 10% de toda la obra que conserva el Munae es de mujeres.&nbsp;&nbsp;<\/p>\n\n\n\n<p class=\"wp-block-paragraph\">Cabe destacar que como parte de esta resignificaci\u00f3n de espacios se busca tambi\u00e9n alentar y reforzar las relaciones entre las mujeres trabajadoras de museos y sus comunidades, a partir de proyectos colaborativos y de inter\u00e9s com\u00fan que permitan establecer y fortalecer lazos de sororidad y empat\u00eda, as\u00ed como promover a los museos como espacios capaces de brindar herramientas de di\u00e1logo y escucha activa con perspectiva de g\u00e9nero.&nbsp;<\/p>\n","protected":false},"excerpt":{"rendered":"<p>Micaela M\u00e1rquez SemM\u00e9xico. Ciudad de M\u00e9xico. 23 de noviembre 2024.- El 25 de noviembre fue establecido como el D\u00eda Internacional para Eliminar la Violencia contra la Mujer para&nbsp;visibilizar, erradicar y reivindicar las violaciones hacia los derechos de las mujeres y ni\u00f1as por la Asamblea General de las Naciones Unidas. Este a\u00f1o se cumple el 25.\u00ba [&hellip;]<\/p>\n","protected":false},"author":3,"featured_media":89997,"comment_status":"open","ping_status":"open","sticky":false,"template":"","format":"standard","meta":{"_monsterinsights_skip_tracking":false,"footnotes":""},"categories":[1147,27],"tags":[],"class_list":["post-89996","post","type-post","status-publish","format-standard","has-post-thumbnail","category-25n-2024","category-cobertura-especial"],"_links":{"self":[{"href":"https:\/\/redsemlac.com\/semmexico\/wp-json\/wp\/v2\/posts\/89996","targetHints":{"allow":["GET"]}}],"collection":[{"href":"https:\/\/redsemlac.com\/semmexico\/wp-json\/wp\/v2\/posts"}],"about":[{"href":"https:\/\/redsemlac.com\/semmexico\/wp-json\/wp\/v2\/types\/post"}],"author":[{"embeddable":true,"href":"https:\/\/redsemlac.com\/semmexico\/wp-json\/wp\/v2\/users\/3"}],"replies":[{"embeddable":true,"href":"https:\/\/redsemlac.com\/semmexico\/wp-json\/wp\/v2\/comments?post=89996"}],"version-history":[{"count":0,"href":"https:\/\/redsemlac.com\/semmexico\/wp-json\/wp\/v2\/posts\/89996\/revisions"}],"wp:featuredmedia":[{"embeddable":true,"href":"https:\/\/redsemlac.com\/semmexico\/wp-json\/wp\/v2\/media\/89997"}],"wp:attachment":[{"href":"https:\/\/redsemlac.com\/semmexico\/wp-json\/wp\/v2\/media?parent=89996"}],"wp:term":[{"taxonomy":"category","embeddable":true,"href":"https:\/\/redsemlac.com\/semmexico\/wp-json\/wp\/v2\/categories?post=89996"},{"taxonomy":"post_tag","embeddable":true,"href":"https:\/\/redsemlac.com\/semmexico\/wp-json\/wp\/v2\/tags?post=89996"}],"curies":[{"name":"wp","href":"https:\/\/api.w.org\/{rel}","templated":true}]}}