{"id":89981,"date":"2024-11-23T14:26:49","date_gmt":"2024-11-23T20:26:49","guid":{"rendered":"https:\/\/redsemlac.com\/semmexico\/?p=89981"},"modified":"2024-11-23T14:27:31","modified_gmt":"2024-11-23T20:27:31","slug":"desde-la-mano-izquierda-jornada-feminismo-y-derecho-la-lucha-por-protegernos-de-la-violencia-feminicida","status":"publish","type":"post","link":"https:\/\/redsemlac.com\/semmexico\/desde-la-mano-izquierda-jornada-feminismo-y-derecho-la-lucha-por-protegernos-de-la-violencia-feminicida\/","title":{"rendered":"Desde la mano izquierda| Jornada Feminismo y Derecho, la lucha por protegernos de la violencia feminicida"},"content":{"rendered":"\n<p class=\"wp-block-paragraph\">Claudia Espinosa Almaguer<\/p>\n\n\n\n<p class=\"wp-block-paragraph\">SemM\u00e9xico, San Luis Potos\u00ed, SLP, 23 de noviembre, 2024.- El pasado 14 de noviembre se realiz\u00f3 la&nbsp;<strong>Jornada virtual de Feminismo y Derecho&nbsp;<\/strong>denominada<strong>&nbsp;\u201cTeor\u00eda y Experiencias contra la Violencia Feminicida\u201d<\/strong>&nbsp;, un esfuerzo de la Alianza Internacional de Mujeres Feministas y la Facultad de Derecho de la Universidad Aut\u00f3noma de San Luis Potos\u00ed en donde ha participado&nbsp; L\u00b4Escola A.C., La Costilla Rota, Corporaci\u00f3n Mujer Denuncia y Mu\u00e9vete, Las Brujas del Mar, Centro de Derechos Humanos de la Monta\u00f1a Tlachinollan y la Asociaci\u00f3n para la Prevenci\u00f3n, Reinserci\u00f3n y Atenci\u00f3n a la Mujer Prostituida APRAMP reuniendo perspectivas de Espa\u00f1a, Argentina, Colombia y M\u00e9xico.<\/p>\n\n\n\n<p class=\"wp-block-paragraph\">No tenemos poco abordando el tema, ese&nbsp;<em>continuum<\/em>&nbsp;de violencia mis\u00f3gina fue denunciado a nivel internacional por&nbsp;<strong>Diana Russell<\/strong>&nbsp;en el&nbsp;<strong>Tribunal Internacional de Cr\u00edmenes contra la Mujer<\/strong>&nbsp;en 1976&nbsp; en Bruselas que reuni\u00f3 a m\u00e1s de 2 mil mujeres provenientes de 40 pa\u00edses para dar a conocer las formas en que esas agresiones se expresaban,&nbsp;<strong>vinculando el sexo y la condici\u00f3n subordinada del g\u00e9nero<\/strong>&nbsp;de cara a gobiernos permisivos, indiferentes y hasta part\u00edcipes. De hecho, cuando Russell dio su discurso se refiri\u00f3 a los&nbsp;<strong>femicidios como una pol\u00edtica sexual de asesinato que no era nuevo<\/strong>, sino que se encontraba presente desde la quema de brujas del pasado hasta el infanticidio de las ni\u00f1as en muchas sociedades del mundo.<\/p>\n\n\n\n<p class=\"wp-block-paragraph\">Ahora, precisamente en&nbsp;<strong>M\u00e9xico, hemos denunciado el primer desmantelamiento de una declaratoria de Alerta de Violencia de G\u00e9nero, la de San Luis Potos\u00ed&nbsp;<\/strong>en 3 de los municipios m\u00e1s inseguros para las mujeres:<strong>&nbsp;Matehuala, Tamu\u00edn y Tamazunchale&nbsp;<\/strong>en la zona huasteca y altiplano donde el&nbsp;<strong>crimen organizado<\/strong>&nbsp;ha dado muestras de pugnas y luchas por el control territorial, no obstante la Comisi\u00f3n Nacional para Prevenir y Erradicar la Violencia Contra las Mujeres (<strong>CONAVIM<\/strong>), la&nbsp;<strong>CNDH<\/strong>, el Instituto Nacional de las Mujeres, el&nbsp;<strong>IMES y la CEDH locales<\/strong>&nbsp;y hasta las especialistas del grupo interdisciplinario que se cre\u00f3 para analizar la situaci\u00f3n de la entidad,&nbsp;<strong>estuvieron de acuerdo en levantar el mecanismo.<\/strong><\/p>\n\n\n\n<p class=\"wp-block-paragraph\"><strong>Vamos a plantear ese desquicio a nivel nacional<\/strong>, en M\u00e9xico desde 2015, cuando el Secretariado Ejecutivo comenz\u00f3 a contar la incidencia delictiva contra las mujeres se han registrado&nbsp;<strong>65 mil 790&nbsp;<\/strong>carpetas de investigaci\u00f3n por feminicidio (7,928), homicidio doloso (25,052) y presuntamente culposo (32,810).<\/p>\n\n\n\n<p class=\"wp-block-paragraph\">Imaginemos que es una mujer por caso, m\u00e1s de&nbsp;<strong>65 mil v\u00edctimas muchas ni\u00f1as y adolescentes, m\u00e1s de 65 mil familias a quienes la CONAVIM ahora les propone la justicia restaurativa para justificar la incapacidad de dar justicia a secas, penas, prisi\u00f3n,&nbsp;<\/strong>vamos lo que cualquier Estado aplicar\u00eda sin remordimientos cuando quiere que alguien que viola, mutila y asesina sea un ejemplo para otros agresores.<\/p>\n\n\n\n<p class=\"wp-block-paragraph\">Y piense adem\u00e1s como es&nbsp;<strong>una burla absoluta<\/strong>&nbsp;ponerse a pensar en un asesino antes que en la mujer que ha matado y&nbsp;<strong>c\u00f3mo se enga\u00f1a a la ciudadan\u00eda&nbsp;<\/strong>haciendo pasar de coherente una forma de soluci\u00f3n que&nbsp;<strong>s\u00f3lo puede darse cuando el bien jur\u00eddico es recuperable, cuando el da\u00f1o tiene cierta forma de reparo y sirve de algo que el responsable de un delito comprenda<\/strong>&nbsp;la lesividad de su conducta. Es decir, incluso en el acto m\u00e1s despiadado posible, el&nbsp;<strong>Estado Mexicano est\u00e1 tan fuera de s\u00ed&nbsp;<\/strong>que exige el perd\u00f3n a mujeres muertas.<\/p>\n\n\n\n<p class=\"wp-block-paragraph\">De tal modo&nbsp;<strong>hemos vuelto a probar para esta ocasi\u00f3n de la Jornada quienes realmente protegen a las mujeres de la violencia feminicida,<\/strong>&nbsp;quienes las mantienen con vida y trabajan a diario en todo el mundo contra cada flagelo, en contextos de frontera, de migraci\u00f3n, con pueblos ind\u00edgenas, contra la trata y la prostituci\u00f3n, jug\u00e1ndose su propia integridad, cabe se\u00f1alar que en la organizaci\u00f3n de este evento pensamos traerlas a San Luis Potos\u00ed, pero&nbsp;<strong>la movilidad actualmente para las abogadas defensoras es una puesta en riesgo<\/strong>. En el panel que les comparto han estado Roc\u00edo Mora Nieto,&nbsp; Neil Arias Vitinio, Alejandra Vera Laguado y Arussi Unda Garza, el feminismo habla.<\/p>\n\n\n\n<p class=\"wp-block-paragraph\"><a href=\"https:\/\/www.facebook.com\/sharer.php?u=https%3A%2F%2Fnotitiacriminis.mx%2Ftribuna%2Fnfirmas%2F9236%2F\"><\/a><\/p>\n\n\n\n<p class=\"wp-block-paragraph\"><a href=\"https:\/\/twitter.com\/intent\/tweet?text=Jornada+Feminismo+y+Derecho%2C+la+lucha+por+protegernos+de+la+violencia+feminicida&amp;url=https%3A%2F%2Fnotitiacriminis.mx%2Ftribuna%2Fnfirmas%2F9236%2F&amp;via=NCrimnis\"><\/a><\/p>\n\n\n\n<p class=\"wp-block-paragraph\"><a href=\"https:\/\/api.whatsapp.com\/send?text=Jornada+Feminismo+y+Derecho%2C+la+lucha+por+protegernos+de+la+violencia+feminicida%20%0A%0A%20https:\/\/notitiacriminis.mx\/tribuna\/nfirmas\/9236\/\"><\/a><\/p>\n\n\n\n<p class=\"wp-block-paragraph\"><a href=\"https:\/\/www.linkedin.com\/shareArticle?mini=true&amp;url=https:\/\/notitiacriminis.mx\/tribuna\/nfirmas\/9236\/&amp;title=Jornada+Feminismo+y+Derecho%2C+la+lucha+por+protegernos+de+la+violencia+feminicida\"><\/a><\/p>\n","protected":false},"excerpt":{"rendered":"<p>Claudia Espinosa Almaguer SemM\u00e9xico, San Luis Potos\u00ed, SLP, 23 de noviembre, 2024.- El pasado 14 de noviembre se realiz\u00f3 la&nbsp;Jornada virtual de Feminismo y Derecho&nbsp;denominada&nbsp;\u201cTeor\u00eda y Experiencias contra la Violencia Feminicida\u201d&nbsp;, un esfuerzo de la Alianza Internacional de Mujeres Feministas y la Facultad de Derecho de la Universidad Aut\u00f3noma de San Luis Potos\u00ed en donde [&hellip;]<\/p>\n","protected":false},"author":3,"featured_media":60255,"comment_status":"open","ping_status":"open","sticky":false,"template":"","format":"standard","meta":{"_monsterinsights_skip_tracking":false,"footnotes":""},"categories":[131,110,35],"tags":[],"class_list":["post-89981","post","type-post","status-publish","format-standard","has-post-thumbnail","category-claudia-almaguer","category-la-opinion-columnas","category-opinion"],"_links":{"self":[{"href":"https:\/\/redsemlac.com\/semmexico\/wp-json\/wp\/v2\/posts\/89981","targetHints":{"allow":["GET"]}}],"collection":[{"href":"https:\/\/redsemlac.com\/semmexico\/wp-json\/wp\/v2\/posts"}],"about":[{"href":"https:\/\/redsemlac.com\/semmexico\/wp-json\/wp\/v2\/types\/post"}],"author":[{"embeddable":true,"href":"https:\/\/redsemlac.com\/semmexico\/wp-json\/wp\/v2\/users\/3"}],"replies":[{"embeddable":true,"href":"https:\/\/redsemlac.com\/semmexico\/wp-json\/wp\/v2\/comments?post=89981"}],"version-history":[{"count":0,"href":"https:\/\/redsemlac.com\/semmexico\/wp-json\/wp\/v2\/posts\/89981\/revisions"}],"wp:featuredmedia":[{"embeddable":true,"href":"https:\/\/redsemlac.com\/semmexico\/wp-json\/wp\/v2\/media\/60255"}],"wp:attachment":[{"href":"https:\/\/redsemlac.com\/semmexico\/wp-json\/wp\/v2\/media?parent=89981"}],"wp:term":[{"taxonomy":"category","embeddable":true,"href":"https:\/\/redsemlac.com\/semmexico\/wp-json\/wp\/v2\/categories?post=89981"},{"taxonomy":"post_tag","embeddable":true,"href":"https:\/\/redsemlac.com\/semmexico\/wp-json\/wp\/v2\/tags?post=89981"}],"curies":[{"name":"wp","href":"https:\/\/api.w.org\/{rel}","templated":true}]}}