{"id":8993,"date":"2019-06-20T20:55:10","date_gmt":"2019-06-20T20:55:10","guid":{"rendered":"https:\/\/redsemlac.com\/semmexico\/?p=8993"},"modified":"2023-07-21T14:49:42","modified_gmt":"2023-07-21T19:49:42","slug":"reinstalan-espectaculares-de-justiciaparasol-en-oaxaca","status":"publish","type":"post","link":"https:\/\/redsemlac.com\/semmexico\/reinstalan-espectaculares-de-justiciaparasol-en-oaxaca\/","title":{"rendered":"Reinstalan espectaculares de #JusticiaParaSol en Oaxaca"},"content":{"rendered":"\n<p class=\"wp-block-paragraph\"><strong><em>* Solidaridad feminista con la familia de la fotoperiodista asesinada en Juchit\u00e1n.<\/em><\/strong><\/p>\n\n\n\n<p class=\"wp-block-paragraph\"><strong><em>* En ellos se exhiben las fotograf\u00edas de quienes componen la \u201cred de complicidades\u201d<\/em><\/strong><\/p>\n\n\n\n<figure class=\"wp-block-image is-resized\"><img loading=\"lazy\" decoding=\"async\" src=\"https:\/\/redsemlac.com\/semmexico\/wp-content\/uploads\/2019\/06\/WhatsApp-Image-2019-06-20-at-12.45.17-PM-1024x768.jpeg\" alt=\"\" class=\"wp-image-8994\" width=\"738\" height=\"554\"\/><figcaption><em>Se reinstal\u00f3 el espectacular que anteriormente hab\u00eda sido destruido. <\/em><\/figcaption><\/figure>\n\n\n\n<p class=\"wp-block-paragraph\"><strong>Lorena Vaniezcot<\/strong><\/p>\n\n\n\n<p class=\"wp-block-paragraph\">SemM\u00e9xico,\nOaxaca, 20 junio 2019.- Feministas de Oaxaca reinstalaron los espectaculares vandalizadas\nla semana pasada de exigencia de justicia para Mar\u00eda del Sol Cruz Jarqu\u00edn esta\nma\u00f1ana en la capital oaxaque\u00f1a.<\/p>\n\n\n\n<p class=\"wp-block-paragraph\">Dos\nde los tres espectaculares colocados desde el 1 de junio en distintos de la\nciudad, fueron destruidos la semana pasada, los cuales ya fueron repuestos hoy\ngracias a la solidaridad del movimiento feminista oaxaque\u00f1o con la familia de\nMar\u00eda del Sol Cruz Jarqu\u00edn, asesinada el 2 de junio de 2018 en Juchit\u00e1n de\nZaragoza, donde tambi\u00e9n fueron acribillados la candidata a segunda concejala\nPamela Ter\u00e1n y su primo y chofer Adelfo Guerra.<\/p>\n\n\n\n<p class=\"wp-block-paragraph\">La\nexigencia busca visibilizar una red de complicidades que ha impedido el\nejercicio de la justicia en Oaxaca, por lo que adem\u00e1s de la fotograf\u00eda de la\nfot\u00f3grafa y videasta enviada ilegalmente a trabajar una campa\u00f1a pol\u00edtica,\nsiendo servidora p\u00fablica de la Secretar\u00eda de Asuntos Ind\u00edgenas del gobierno\nestatal, a uno de los municipios m\u00e1s violentos del pa\u00eds dentro de un contexto\nelectoral.<\/p>\n\n\n\n<p class=\"wp-block-paragraph\">Los\nespectaculares exhiben las fotograf\u00edas de Alejandro Murat, gobernador de\nOaxaca; el fiscal Rub\u00e9n Vasconcelos M\u00e9ndez; la fiscal especial en Delitos\nElectorales, Araceli Pinelo L\u00f3pez, y de los hermanos Francisco y Hageo Montero\nL\u00f3pez. El primero ex titular de la SAI, el segundo ex candidato a la\npresidencia municipal de Juchit\u00e1n de Zaragoza y actual regidor en ese municipio\nistme\u00f1o.<\/p>\n\n\n\n<p class=\"wp-block-paragraph\">En el caso del gobernador Murat por ser omiso ante la falta de efectividad mostrada por las fiscal\u00edas de Oaxaca, incluyendo a la electoral, para que la justicia sea pronta y expedita, \u201cporque de lo contrario no es justicia\u201d, como ha se\u00f1alado la madre de la fotoperiodista, la periodista Soledad Jarqu\u00edn, dicho ratificado por el mandatario tres d\u00edas despu\u00e9s en un acto p\u00fablico.<\/p>\n\n\n\n<p class=\"wp-block-paragraph\">Se considera como parte de la red de complicidades tambi\u00e9n a los fiscales Vasconcelos y Pinelo. El primero luego de las negligentes investigaciones y faltos de perspectiva de g\u00e9nero realizadas a cargo del \u201cequipo especial\u201d que asegura investiga el triple homicidio; la segunda por su dilaci\u00f3n excesiva para vinculaci\u00f3n de la carpeta de investigaci\u00f3n lista \u2013dicho por Pinelo- desde agosto pasado y quien tiene a su cargo la denuncia por robo del equipo de trabajo de Mar\u00eda del Sol Cruz Jarqu\u00edn, sin que haya procedido en consecuencia.<\/p>\n\n\n\n<p class=\"wp-block-paragraph\">As\u00ed\ncomo los hermanos Montero L\u00f3pez, a quienes tribunales electorales se\u00f1alan como\nresponsables de la comisi\u00f3n de faltas graves a la ley electoral y por lo que el\nex candidato Hageo Montero fue sancionado con una irrisoria multa financiera,\nen tanto su hermano no ha sido sancionado por el gobernador Murat tal y como se\norden\u00f3. Ambos protegidos evidentemente por la red de complicidades.<\/p>\n\n\n\n<p class=\"wp-block-paragraph\">SEM\/lv\/gr<\/p>\n","protected":false},"excerpt":{"rendered":"<p>* Solidaridad feminista con la familia de la fotoperiodista asesinada en Juchit\u00e1n. * En ellos se exhiben las fotograf\u00edas de quienes componen la \u201cred de complicidades\u201d Lorena Vaniezcot SemM\u00e9xico, Oaxaca, 20 junio 2019.- Feministas de Oaxaca reinstalaron los espectaculares vandalizadas la semana pasada de exigencia de justicia para Mar\u00eda del Sol Cruz Jarqu\u00edn esta ma\u00f1ana [&hellip;]<\/p>\n","protected":false},"author":3,"featured_media":8995,"comment_status":"open","ping_status":"open","sticky":false,"template":"","format":"standard","meta":{"_monsterinsights_skip_tracking":false,"footnotes":""},"categories":[690,54],"tags":[],"class_list":["post-8993","post","type-post","status-publish","format-standard","has-post-thumbnail","category-690","category-mujeres"],"_links":{"self":[{"href":"https:\/\/redsemlac.com\/semmexico\/wp-json\/wp\/v2\/posts\/8993","targetHints":{"allow":["GET"]}}],"collection":[{"href":"https:\/\/redsemlac.com\/semmexico\/wp-json\/wp\/v2\/posts"}],"about":[{"href":"https:\/\/redsemlac.com\/semmexico\/wp-json\/wp\/v2\/types\/post"}],"author":[{"embeddable":true,"href":"https:\/\/redsemlac.com\/semmexico\/wp-json\/wp\/v2\/users\/3"}],"replies":[{"embeddable":true,"href":"https:\/\/redsemlac.com\/semmexico\/wp-json\/wp\/v2\/comments?post=8993"}],"version-history":[{"count":0,"href":"https:\/\/redsemlac.com\/semmexico\/wp-json\/wp\/v2\/posts\/8993\/revisions"}],"wp:featuredmedia":[{"embeddable":true,"href":"https:\/\/redsemlac.com\/semmexico\/wp-json\/wp\/v2\/media\/8995"}],"wp:attachment":[{"href":"https:\/\/redsemlac.com\/semmexico\/wp-json\/wp\/v2\/media?parent=8993"}],"wp:term":[{"taxonomy":"category","embeddable":true,"href":"https:\/\/redsemlac.com\/semmexico\/wp-json\/wp\/v2\/categories?post=8993"},{"taxonomy":"post_tag","embeddable":true,"href":"https:\/\/redsemlac.com\/semmexico\/wp-json\/wp\/v2\/tags?post=8993"}],"curies":[{"name":"wp","href":"https:\/\/api.w.org\/{rel}","templated":true}]}}