{"id":8990,"date":"2019-06-20T20:50:04","date_gmt":"2019-06-20T20:50:04","guid":{"rendered":"https:\/\/redsemlac.com\/semmexico\/?p=8990"},"modified":"2023-07-21T14:49:42","modified_gmt":"2023-07-21T19:49:42","slug":"pide-gobernador-destituir-al-funcionariado-de-mixtla-veracruz","status":"publish","type":"post","link":"https:\/\/redsemlac.com\/semmexico\/pide-gobernador-destituir-al-funcionariado-de-mixtla-veracruz\/","title":{"rendered":"Pide gobernador destituir al funcionariado de Mixtla, Veracruz"},"content":{"rendered":"\n<p class=\"wp-block-paragraph\"><strong><em>* Esto tras el asesinato de la mun\u00edcipe Maricela Vallejo <\/em><\/strong><\/p>\n\n\n\n<p class=\"wp-block-paragraph\"><strong><em>* Hace unos d\u00edas asumi\u00f3 el cargo la alcaldesa suplente<\/em><\/strong><\/p>\n\n\n\n<p class=\"wp-block-paragraph\"><strong>Ana Alicia Osorio Gonz\u00e1lez<\/strong><\/p>\n\n\n\n<p class=\"wp-block-paragraph\">SemM\u00e9xico,\nVeracruz, 20 junio 2019.- El gobernador Cuitl\u00e1huac Garc\u00eda Jim\u00e9nez pidi\u00f3 al\nCongreso del Estado destituir al funcionariado del ayuntamiento de Mixtla de\nAltamirano, tras asesinato de su alcaldesa, Maricela Vallejo Orea, en abril\npasado.<\/p>\n\n\n\n<p class=\"wp-block-paragraph\">Durante la\nlectura de la correspondencia el Congreso dio entrada a la solicitud 304\/2019\nde declarar desaparecido el ayuntamiento, es decir que se retire a los\ntitulares electos y comience a funcionar un concejo municipal.<\/p>\n\n\n\n<p class=\"wp-block-paragraph\">Entre las\njustificaciones de Garc\u00eda Jim\u00e9nez se encuentra el asesinato de Maricela Vallejo\nOrea en abril, la falta de avances que se tienen en las investigaciones y las\ndenuncias de violencia pol\u00edtica de g\u00e9nero que hab\u00eda realizado meses atr\u00e1s.<\/p>\n\n\n\n<p class=\"wp-block-paragraph\">Adem\u00e1s, el\ndocumento sostiene que existe una importante violencia contra las mujeres por\nlo que asevera que el funcionariado municipal no tiene capacidad de resolver\nlos problemas.&nbsp;<\/p>\n\n\n\n<p class=\"wp-block-paragraph\">\u201c10 de junio el\nIVM acudi\u00f3 queja ante la Comisi\u00f3n Estatal de Derechos Humanos evidenciando que\nen el municipio de Mixtla de Altamirano impera la violencia contra las mujeres,\nincluso la primera autoridad de ese municipio fue v\u00edctima de homicidio por lo\nque no existen condiciones de seguridad\u201d, asegura el gobernador en el documento\nle\u00eddo por el Congreso.<\/p>\n\n\n\n<p class=\"wp-block-paragraph\">\u201cEl desequilibrio\ne inestabilidad pol\u00edtica, social y econ\u00f3mica del municipio de Mixtla de\nAltamirano, as\u00ed mismo hace evidente la violencia grave y el vac\u00edo de autoridad\npues se ha perdido el orden y la paz p\u00fablica (\u2026) es inviable que el\nayuntamiento siga funcionando y cumpliendo con sus obligaciones\u201d, a\u00f1ade.&nbsp;<\/p>\n\n\n\n<p class=\"wp-block-paragraph\">La alcaldesa\nsuplente, Margarita Montalvo Acahua, rindi\u00f3 protesta el 13 de junio, seg\u00fan un\ndocumento del propio Cabildo enviado al Congreso del municipio ubicado en la\nSierra de Zongolica, considerado el primer lugar en marginaci\u00f3n en la\nentidad.&nbsp;<\/p>\n\n\n\n<p class=\"wp-block-paragraph\">\u201cEs urgente\natender el clima de violencia que afecta el orden y la paz p\u00fablica (\u2026) resulta\nevidente la necesidad de desaparecer el ayuntamiento\u201d, se\u00f1ala el documento\nenviado por Garc\u00eda Jim\u00e9nez.&nbsp;<\/p>\n\n\n\n<p class=\"wp-block-paragraph\">Los diputados\npanistas se dijeron en contra, pues aseguraron que las causales para\ndesaparecer el ayuntamiento no son suficientes ya que la inseguridad es\ngeneralizada en toda la entidad, mientras que las pruebas proporcionadas en el\ndocumento fueron notas de algunos medios de comunicaci\u00f3n que consideraron\ninsuficientes.&nbsp;<\/p>\n\n\n\n<p class=\"wp-block-paragraph\">El an\u00e1lisis de la\npetici\u00f3n fue turnado a la Comisi\u00f3n Permanente Instructora para que la\ndictaminen.&nbsp;<\/p>\n\n\n\n<p class=\"wp-block-paragraph\">SEM\/aaog\/sj<\/p>\n","protected":false},"excerpt":{"rendered":"<p>* Esto tras el asesinato de la mun\u00edcipe Maricela Vallejo * Hace unos d\u00edas asumi\u00f3 el cargo la alcaldesa suplente Ana Alicia Osorio Gonz\u00e1lez SemM\u00e9xico, Veracruz, 20 junio 2019.- El gobernador Cuitl\u00e1huac Garc\u00eda Jim\u00e9nez pidi\u00f3 al Congreso del Estado destituir al funcionariado del ayuntamiento de Mixtla de Altamirano, tras asesinato de su alcaldesa, Maricela Vallejo [&hellip;]<\/p>\n","protected":false},"author":3,"featured_media":8991,"comment_status":"open","ping_status":"open","sticky":false,"template":"","format":"standard","meta":{"_monsterinsights_skip_tracking":false,"footnotes":""},"categories":[690,51],"tags":[],"class_list":["post-8990","post","type-post","status-publish","format-standard","has-post-thumbnail","category-690","category-ejecutivo"],"_links":{"self":[{"href":"https:\/\/redsemlac.com\/semmexico\/wp-json\/wp\/v2\/posts\/8990","targetHints":{"allow":["GET"]}}],"collection":[{"href":"https:\/\/redsemlac.com\/semmexico\/wp-json\/wp\/v2\/posts"}],"about":[{"href":"https:\/\/redsemlac.com\/semmexico\/wp-json\/wp\/v2\/types\/post"}],"author":[{"embeddable":true,"href":"https:\/\/redsemlac.com\/semmexico\/wp-json\/wp\/v2\/users\/3"}],"replies":[{"embeddable":true,"href":"https:\/\/redsemlac.com\/semmexico\/wp-json\/wp\/v2\/comments?post=8990"}],"version-history":[{"count":0,"href":"https:\/\/redsemlac.com\/semmexico\/wp-json\/wp\/v2\/posts\/8990\/revisions"}],"wp:featuredmedia":[{"embeddable":true,"href":"https:\/\/redsemlac.com\/semmexico\/wp-json\/wp\/v2\/media\/8991"}],"wp:attachment":[{"href":"https:\/\/redsemlac.com\/semmexico\/wp-json\/wp\/v2\/media?parent=8990"}],"wp:term":[{"taxonomy":"category","embeddable":true,"href":"https:\/\/redsemlac.com\/semmexico\/wp-json\/wp\/v2\/categories?post=8990"},{"taxonomy":"post_tag","embeddable":true,"href":"https:\/\/redsemlac.com\/semmexico\/wp-json\/wp\/v2\/tags?post=8990"}],"curies":[{"name":"wp","href":"https:\/\/api.w.org\/{rel}","templated":true}]}}