{"id":89880,"date":"2024-11-20T14:15:08","date_gmt":"2024-11-20T20:15:08","guid":{"rendered":"https:\/\/redsemlac.com\/semmexico\/?p=89880"},"modified":"2024-11-20T22:29:48","modified_gmt":"2024-11-21T04:29:48","slug":"mai-trevino-activista-social-gana-el-premio-de-la-juventud-en-tamaulipas","status":"publish","type":"post","link":"https:\/\/redsemlac.com\/semmexico\/mai-trevino-activista-social-gana-el-premio-de-la-juventud-en-tamaulipas\/","title":{"rendered":"Mai Trevi\u00f1o, activista social, gana el Premio de la Juventud en Tamaulipas"},"content":{"rendered":"\n<ul class=\"wp-block-list\">\n<li>Es abogada y autora de Ya no soy Morada me puse colorada<\/li>\n\n\n\n<li>Tambi\u00e9n ha fundado la asociaci\u00f3n civil Empode(R)hadas\u00a0<\/li>\n<\/ul>\n\n\n\n<p class=\"wp-block-paragraph\">Redacci\u00f3n<\/p>\n\n\n\n<p class=\"wp-block-paragraph\">SemM\u00e9xico, Cd.Victoria, Tamps., 20 de noviembre 2024.- Con una trayectoria de activista social en pro de los derechos humanos de las ni\u00f1as y las mujeres, la tamaulipeca Mai Trevi\u00f1o gan\u00f3 el Premio Estatal de la Juventud, organizado por el &nbsp;Instituto de la Juventud de Tamaulipas (INJUVE).<\/p>\n\n\n\n<p class=\"wp-block-paragraph\">En su carta de vida se resalta que es abogada y master en Derechos Humanos por profesi\u00f3n, conferencista, adem\u00e1s de estar certificada en menarqu\u00eda por la escuela l\u00edder en Latinoam\u00e9rica en Salud Menstrual y de la Mujer, La Tribu; y el Centro de Estudios en Salud de las Mujeres SpA, Santiago de Chile.<\/p>\n\n\n\n<p class=\"wp-block-paragraph\">Como activista social, la galardonada es fundadora de Empode(R)hadas a.c. y en los \u00faltimos cinco a\u00f1os se ha dedicado sin descanso a concientizar a ni\u00f1as y j\u00f3venes,con el tema de menstruaci\u00f3n, Derechos Humanos, violencia en el noviazgo, entre otros.<\/p>\n\n\n\n<p class=\"wp-block-paragraph\">Por igual&nbsp;trabaja con la b\u00fasqueda de mujeres desparecidas y mujeres en reclusi\u00f3n, haciendo alianza con asociaciones civiles.<\/p>\n\n\n\n<p class=\"wp-block-paragraph\">\u201cLos caminos de la vida nos ilustra sobre todo tipo de cosas, en este caso nos abri\u00f3 los ojos para apuntar hacia el futuro\u2026 las ni\u00f1as y ni\u00f1os que son quienes tienen m\u00e1s preguntas, pero son los que tienen menos respuestas y m\u00e1s confusi\u00f3n; esto como consecuencia de que culpamos \u201cla falta de inteligencia\u201d de las infancias para evitar explicarles la vida, la realidad, lo bueno y lo malo, cuando en verdad el error est\u00e1 en quienes deber\u00edamos ilustrarlos por no saber abordar la verdad con m\u00e9todos digeribles para ellas y ellos\u2026 oblig\u00e1ndolos a vivir en la mentira\u201d.<\/p>\n\n\n\n<p class=\"wp-block-paragraph\">Con<strong>&nbsp;<\/strong>el tema de menstruaci\u00f3n digna,&nbsp;ha recorrido escuelas y auditorios, plazas de barrio y oficinas; la presentaci\u00f3n de su libro \u201cYa no soy Morada me puse colorada\u201d, en la sala de cabildo del ayuntamiento de Victoria, sent\u00f3 un precedente, al se\u00f1alar que la menstruaci\u00f3n digna, debe ganar espacios, sin importar lo que nuestros ojos vean, en las ni\u00f1as, su mentalidad, edad, imaginaci\u00f3n es la misma, no las privemos de vivir su infancia, visibilicemos la menarquia temprana para que las ni\u00f1as vivan este proceso sin traumas ni estigmas como los que muchas pasamos.<\/p>\n\n\n\n<p class=\"wp-block-paragraph\">Mai Trevi\u00f1o es reconocida por su trabajo y contenido social, sus letras traducidas en cuentos y poes\u00edas, gozan ya de reconocimiento, entre sus publicaciones esta no solo \u201cYa no soy morada me puse colorada, sino tambi\u00e9n Las trenzas de esperanza y La herencia del mago.<\/p>\n\n\n\n<p class=\"wp-block-paragraph\">Con su mensaje de esperanza y de empodermiento femenino, Mai Trevi\u00f1o resalta que es oradora desde peque\u00f1a, tiene en el poder de la palabra su mejor herramienta para sembrar conciencia sobre la igualdad de g\u00e9nero, la educaci\u00f3n y la cultura &nbsp;en todas sus manifestaciones as\u00ed como la lucha contra la violencia a ni\u00f1as y mujeres.<\/p>\n\n\n\n<p class=\"wp-block-paragraph\"><br>Es evidente que hoy por hoy es necesario que los privilegios no nos quiten la empat\u00eda, ya que todas y todos podemos contribuir a que una mujer tenga educaci\u00f3n, en este contexto Unidas y Avanzando, somos fieles creyentes en el potencial de las j\u00f3venes asegurando que ser\u00e1n semilleras de conocimiento a la siguiente generaci\u00f3n, de ah\u00ed nace la primera convocatoria para becar a una mujer en sus gastos de inscripci\u00f3n escolar, la convocatoria a generado mucha atenci\u00f3n y en nosotras la convicci\u00f3n de lo que dice Malala Yousafzai, Premio nobel de la paz:&nbsp;<\/p>\n\n\n\n<p class=\"wp-block-paragraph\">\u201cPara hacerme poderosa solo necesito una cosa: educaci\u00f3n\u201d.<\/p>\n\n\n\n<p class=\"wp-block-paragraph\">SEM\/sj<\/p>\n","protected":false},"excerpt":{"rendered":"<p>Redacci\u00f3n SemM\u00e9xico, Cd.Victoria, Tamps., 20 de noviembre 2024.- Con una trayectoria de activista social en pro de los derechos humanos de las ni\u00f1as y las mujeres, la tamaulipeca Mai Trevi\u00f1o gan\u00f3 el Premio Estatal de la Juventud, organizado por el &nbsp;Instituto de la Juventud de Tamaulipas (INJUVE). En su carta de vida se resalta que [&hellip;]<\/p>\n","protected":false},"author":3,"featured_media":89881,"comment_status":"open","ping_status":"open","sticky":false,"template":"","format":"standard","meta":{"_monsterinsights_skip_tracking":false,"footnotes":""},"categories":[682],"tags":[],"class_list":["post-89880","post","type-post","status-publish","format-standard","has-post-thumbnail","category-noticias"],"_links":{"self":[{"href":"https:\/\/redsemlac.com\/semmexico\/wp-json\/wp\/v2\/posts\/89880","targetHints":{"allow":["GET"]}}],"collection":[{"href":"https:\/\/redsemlac.com\/semmexico\/wp-json\/wp\/v2\/posts"}],"about":[{"href":"https:\/\/redsemlac.com\/semmexico\/wp-json\/wp\/v2\/types\/post"}],"author":[{"embeddable":true,"href":"https:\/\/redsemlac.com\/semmexico\/wp-json\/wp\/v2\/users\/3"}],"replies":[{"embeddable":true,"href":"https:\/\/redsemlac.com\/semmexico\/wp-json\/wp\/v2\/comments?post=89880"}],"version-history":[{"count":0,"href":"https:\/\/redsemlac.com\/semmexico\/wp-json\/wp\/v2\/posts\/89880\/revisions"}],"wp:featuredmedia":[{"embeddable":true,"href":"https:\/\/redsemlac.com\/semmexico\/wp-json\/wp\/v2\/media\/89881"}],"wp:attachment":[{"href":"https:\/\/redsemlac.com\/semmexico\/wp-json\/wp\/v2\/media?parent=89880"}],"wp:term":[{"taxonomy":"category","embeddable":true,"href":"https:\/\/redsemlac.com\/semmexico\/wp-json\/wp\/v2\/categories?post=89880"},{"taxonomy":"post_tag","embeddable":true,"href":"https:\/\/redsemlac.com\/semmexico\/wp-json\/wp\/v2\/tags?post=89880"}],"curies":[{"name":"wp","href":"https:\/\/api.w.org\/{rel}","templated":true}]}}