{"id":8987,"date":"2019-06-20T20:45:15","date_gmt":"2019-06-20T20:45:15","guid":{"rendered":"https:\/\/redsemlac.com\/semmexico\/?p=8987"},"modified":"2023-07-21T14:49:42","modified_gmt":"2023-07-21T19:49:42","slug":"atacan-a-buscadoras-de-personas-desaparecidas","status":"publish","type":"post","link":"https:\/\/redsemlac.com\/semmexico\/atacan-a-buscadoras-de-personas-desaparecidas\/","title":{"rendered":"Atacan a buscadoras de personas desaparecidas"},"content":{"rendered":"\n<p class=\"wp-block-paragraph\"><strong><em>* Realizaban excavaciones en fosas clandestinas en R\u00edo Blanco.<\/em><\/strong><\/p>\n\n\n\n<p class=\"wp-block-paragraph\"><strong><em>* Pide seguridad, colectivo de Familias de Desaparecidos en Orizaba.<\/em><\/strong><\/p>\n\n\n\n<p class=\"wp-block-paragraph\"><strong>Ana Alicia Osorio Gonz\u00e1lez<\/strong><\/p>\n\n\n\n<p class=\"wp-block-paragraph\">SemM\u00e9xico,\nVeracruz, 20 junio 2019.- Las buscadoras de personas desaparecidas que realizan\nexcavaciones de fosas clandestinas en R\u00edo Blanco, recibieron un ataque cuando\nse dirig\u00edan a hacer las labores.&nbsp;<\/p>\n\n\n\n<p class=\"wp-block-paragraph\">El Colectivo\nde Familias de Desaparecidos Orizaba- C\u00f3rdoba inform\u00f3 a trav\u00e9s de un bolet\u00edn\ndel ataque que sufrieron en el que escucharon disparos y pidieron que se\nincrementen las medidas de seguridad para las personas que hacen la\nb\u00fasqueda.&nbsp;<\/p>\n\n\n\n<p class=\"wp-block-paragraph\">\u201cEl 17 de\njunio del 2019, a las 10:30 de la ma\u00f1ana, integrantes del Colectivo de Familias\nde Desaparecidos Orizaba- C\u00f3rdoba, junto con su directora, Araceli Salcedo\nJim\u00e9nez, se dirig\u00edan al Cerro de los Arenales, municipio de R\u00edo Blanco,\nVeracruz, para continuar la labor en unas fosas clandestinas, cuando fueron\natacados\u201d, se\u00f1ala el documento.&nbsp;<\/p>\n\n\n\n<p class=\"wp-block-paragraph\">Indicaron que\nel hecho se dio cuando sub\u00edan el cerro donde realizan las labores de b\u00fasqueda y\nescucharon un disparo de arma de fuego.&nbsp;<\/p>\n\n\n\n<p class=\"wp-block-paragraph\">Tras eso,\nse\u00f1alaron, la b\u00fasqueda fue suspendida debido al riesgo que significaba.&nbsp;<\/p>\n\n\n\n<p class=\"wp-block-paragraph\">El documento\nindica que la b\u00fasqueda se hac\u00eda con personal de la Fiscal\u00eda General del Estado\ny&nbsp;la Fiscal\u00eda General de la Rep\u00fablica y pese a ello se dieron los\nhechos&nbsp;<\/p>\n\n\n\n<p class=\"wp-block-paragraph\">\u201cEl\nacompa\u00f1amiento de las autoridades no inhibi\u00f3 a los atacantes\u201d, sentencia.&nbsp;<\/p>\n\n\n\n<p class=\"wp-block-paragraph\">Las y los\nactivistas ya presentaron la denuncia ante la Fiscal\u00eda y se notific\u00f3 al\nMecanismo de Protecci\u00f3n para Personas Defensoras de Derechos Humanos y\nPeriodistas.&nbsp;<\/p>\n\n\n\n<p class=\"wp-block-paragraph\">Adem\u00e1s,\nindican que ya se ha solicitado el reforzamiento de medidas de seguridad al\nGobierno del Estado y a la Polic\u00eda Federal pero no han tenido una respuesta\npositiva.&nbsp;<\/p>\n\n\n\n<p class=\"wp-block-paragraph\">\u201cHacemos un\nllamado a las instituciones para aumentar el acompa\u00f1amiento por parte de las\nautoridades en las b\u00fasquedas de fosas en esta zona de riesgo elevado\u201d, se\u00f1ala\nel comunicado del Colectivo.&nbsp;<\/p>\n\n\n\n<p class=\"wp-block-paragraph\">SEM\/aaog\/sj<\/p>\n","protected":false},"excerpt":{"rendered":"<p>* Realizaban excavaciones en fosas clandestinas en R\u00edo Blanco. * Pide seguridad, colectivo de Familias de Desaparecidos en Orizaba. Ana Alicia Osorio Gonz\u00e1lez SemM\u00e9xico, Veracruz, 20 junio 2019.- Las buscadoras de personas desaparecidas que realizan excavaciones de fosas clandestinas en R\u00edo Blanco, recibieron un ataque cuando se dirig\u00edan a hacer las labores.&nbsp; El Colectivo de [&hellip;]<\/p>\n","protected":false},"author":3,"featured_media":8988,"comment_status":"open","ping_status":"open","sticky":false,"template":"","format":"standard","meta":{"_monsterinsights_skip_tracking":false,"footnotes":""},"categories":[690,54],"tags":[],"class_list":["post-8987","post","type-post","status-publish","format-standard","has-post-thumbnail","category-690","category-mujeres"],"_links":{"self":[{"href":"https:\/\/redsemlac.com\/semmexico\/wp-json\/wp\/v2\/posts\/8987","targetHints":{"allow":["GET"]}}],"collection":[{"href":"https:\/\/redsemlac.com\/semmexico\/wp-json\/wp\/v2\/posts"}],"about":[{"href":"https:\/\/redsemlac.com\/semmexico\/wp-json\/wp\/v2\/types\/post"}],"author":[{"embeddable":true,"href":"https:\/\/redsemlac.com\/semmexico\/wp-json\/wp\/v2\/users\/3"}],"replies":[{"embeddable":true,"href":"https:\/\/redsemlac.com\/semmexico\/wp-json\/wp\/v2\/comments?post=8987"}],"version-history":[{"count":0,"href":"https:\/\/redsemlac.com\/semmexico\/wp-json\/wp\/v2\/posts\/8987\/revisions"}],"wp:featuredmedia":[{"embeddable":true,"href":"https:\/\/redsemlac.com\/semmexico\/wp-json\/wp\/v2\/media\/8988"}],"wp:attachment":[{"href":"https:\/\/redsemlac.com\/semmexico\/wp-json\/wp\/v2\/media?parent=8987"}],"wp:term":[{"taxonomy":"category","embeddable":true,"href":"https:\/\/redsemlac.com\/semmexico\/wp-json\/wp\/v2\/categories?post=8987"},{"taxonomy":"post_tag","embeddable":true,"href":"https:\/\/redsemlac.com\/semmexico\/wp-json\/wp\/v2\/tags?post=8987"}],"curies":[{"name":"wp","href":"https:\/\/api.w.org\/{rel}","templated":true}]}}