{"id":89842,"date":"2024-11-20T11:04:18","date_gmt":"2024-11-20T17:04:18","guid":{"rendered":"https:\/\/redsemlac.com\/semmexico\/?p=89842"},"modified":"2024-11-20T11:04:18","modified_gmt":"2024-11-20T17:04:18","slug":"mirada-violeta-lanzamos-el-programa-paridad","status":"publish","type":"post","link":"https:\/\/redsemlac.com\/semmexico\/mirada-violeta-lanzamos-el-programa-paridad\/","title":{"rendered":"Mirada Violeta | \u00a0\u00a1Lanzamos el Programa Paridad!"},"content":{"rendered":"\n<p class=\"wp-block-paragraph\">Mar\u00eda Guadalupe Ramos Ponce<\/p>\n\n\n\n<p class=\"wp-block-paragraph\">SemM\u00e9xico, Guadalajara, Jal., 20 de noviembre 2024.- Esta semana me encuentro en Bogot\u00e1, Colombia, en un Seminario internacional impulsado por CLADEM y Diakonia, en donde se dio a conocer el lanzamiento del Programa de Paridad a nivel regional.&nbsp;<\/p>\n\n\n\n<p class=\"wp-block-paragraph\">\u00bfSab\u00edas que solo el 30 por ciento de los esca\u00f1os legislativos en promedio son ocupados por mujeres? A este ritmo, \u00a1tomar\u00eda 130 a\u00f1os lograr una verdadera igualdad en la gobernanza!<\/p>\n\n\n\n<p class=\"wp-block-paragraph\">En un contexto de crisis institucional y retrocesos democr\u00e1ticos en Am\u00e9rica Latina y el Caribe, CLADEM y Diakonia, con el apoyo de la Estrategia Regional de ASDI, presentan esta iniciativa para impulsar la igualdad de g\u00e9nero y la participaci\u00f3n de las mujeres en los espacios de poder.<\/p>\n\n\n\n<p class=\"wp-block-paragraph\">La regi\u00f3n enfrenta desigualdades profundas, violencia de g\u00e9nero y corrupci\u00f3n, que limitan la representaci\u00f3n pol\u00edtica femenina y aumentan la violencia hacia las mujeres.<\/p>\n\n\n\n<p class=\"wp-block-paragraph\">Es momento de actuar. El Programa Paridad es nuestra respuesta para construir una regi\u00f3n m\u00e1s inclusiva y equitativa\u201d.<\/p>\n\n\n\n<p class=\"wp-block-paragraph\">Con este mensaje, dio inicio el Programa Paridad, que busca el Fortalecimiento de la participaci\u00f3n sustantiva de las mujeres, en su diversidad, en Am\u00e9rica Latina y El Caribe.&nbsp;<\/p>\n\n\n\n<p class=\"wp-block-paragraph\">En las \u00faltimas tres d\u00e9cadas, los pa\u00edses de Am\u00e9rica Latina y el Caribe (ALC) han enfrentado crisis institucionales que han puesto a prueba sus democracias, agravadas por factores como la desigualdad socioecon\u00f3mica estructural, el modelo neoliberal, la polarizaci\u00f3n pol\u00edtica, la violencia social y patriarcal, la corrupci\u00f3n, y la captura de instituciones por intereses ileg\u00edtimos; afectando especialmente a mujeres y ni\u00f1as por su situaci\u00f3n de vulnerabilidad.<\/p>\n\n\n\n<p class=\"wp-block-paragraph\">A pesar de ser la mitad de la poblaci\u00f3n, las mujeres a\u00fan no participan de manera igualitaria en los espacios de poder. A partir de 2009 la regi\u00f3n empez\u00f3 a adoptar la senda hacia la paridad y, a la fecha, pa\u00edses como Costa Rica y Ecuador (2009), Bolivia (2010), Honduras, Nicaragua y Panam\u00e1 (2012), M\u00e9xico (2014), Argentina (2017) y Per\u00fa (2020) han implementado leyes de paridad en el registro de candidaturas para la conformaci\u00f3n de sus parlamentos, acerc\u00e1ndose as\u00ed a la idea de una democracia paritaria. Sin embargo, a\u00fan persisten brechas significativas en la representaci\u00f3n efectiva de mujeres en los espacios de liderazgo y toma de decisiones. Seg\u00fan datos de la ONU, al 1 de enero de 2022, solo seis pa\u00edses del mundo ten\u00edan un 50 por ciento o m\u00e1s de mujeres en sus c\u00e1maras bajas o \u00fanicas, entre ellos M\u00e9xico, que alcanz\u00f3 el 50 por ciento.<\/p>\n\n\n\n<p class=\"wp-block-paragraph\">La brecha de representaci\u00f3n legislativa entre hombres y mujeres en 18 pa\u00edses de la regi\u00f3n es de 70 por ciento en promedio seg\u00fan datos de la CEPAL (2023). A nivel de parlamentos nacionales, poco m\u00e1s del 26 por ciento de los parlamentarios son mujeres, lo que representa un incremento de solo el 11 por ciento desde 1995. En Am\u00e9rica Latina y el Caribe, las mujeres ocupan el 36 por ciento de los esca\u00f1os parlamentarios. A este ritmo, la paridad de g\u00e9nero en los cuerpos legislativos nacionales no se alcanzar\u00e1 antes de 2063.<\/p>\n\n\n\n<p class=\"wp-block-paragraph\">En enero de 2024, las mujeres ocupan la jefatura de Estado o de Gobierno en solo 26 pa\u00edses a nivel mundial, mientras que 115 pa\u00edses nunca han tenido una mujer al frente. Seg\u00fan la Organizaci\u00f3n de las Naciones Unidas, al ritmo actual se necesitar\u00e1n 130 a\u00f1os para alcanzar una gobernanza verdaderamente inclusiva. &nbsp;<\/p>\n\n\n\n<p class=\"wp-block-paragraph\">La regi\u00f3n cuenta con un movimiento de mujeres y feminista bastante organizado y din\u00e1mico. Este movimiento, en toda su diversidad, a nivel local, nacional y regional, viene manteniendo una actitud de disputa en el plano de las ideas, discursos y normativas sobre el poder, lo p\u00fablico y la ciudadan\u00eda. Fueron estos movimientos, a nivel global, que impulsaron las agendas y acuerdos derivados de Beijing, Cairo y Bel\u00e9n do Par\u00e1, y en la regi\u00f3n, los consensos sobre desarrollo en ALC. Agendas que a pesar de los desaf\u00edos siguen como referentes normativos y pol\u00edticos esenciales para el reconocimiento de los derechos de las mujeres y, por ende, el alcance de la democracia sustantiva. Este mismo movimiento impuls\u00f3 reformas legislativas importantes, que garantizaran la igualdad formal (jur\u00eddica) entre hombres y mujeres.&nbsp;<\/p>\n\n\n\n<p class=\"wp-block-paragraph\">Pero estos avances no garantizaran la igual participaci\u00f3n en espacios de tomada de decisiones. Las condiciones concretas de vida en que se encuentran las mujeres (sobrecarga de trabajos de cuidado, violencia pol\u00edtica, discriminaci\u00f3n de g\u00e9nero, violencia dom\u00e9stica, y otras) limitan sobremanera su actuaci\u00f3n en los \u00e1mbitos m\u00e1s formales de participaci\u00f3n.&nbsp;<\/p>\n\n\n\n<p class=\"wp-block-paragraph\">Estos mismos obst\u00e1culos enfrentan las mujeres en \u00e1mbitos de poder y decisi\u00f3n fuera de la institucionalidad del Estado, como sindicatos, organizaciones, empresas, juntas o comit\u00e9s. La brecha de representaci\u00f3n se muestra a\u00fan m\u00e1s excluyente cuando consideramos las mujeres pobres, rurales, ind\u00edgenas y afrodescendientes siguieron y siguen siendo mayoritariamente excluidas. Lo que inicialmente se configur\u00f3 como un piso m\u00ednimo, termin\u00f3 convirti\u00e9ndose en un techo y una barrera para que m\u00e1s mujeres pudieran acceder a la participaci\u00f3n y a niveles m\u00e1s altos; y en pa\u00edses como Guatemala, Brasil y Rep\u00fablica Dominicana, ni siquiera se alcanza a\u00fan este piso m\u00ednimo.<\/p>\n\n\n\n<p class=\"wp-block-paragraph\">Desde CLADEM y DIAKONIA seguiremos impulsando actividades la Paridad de G\u00e9nero y la Igualdad Sustantiva en toda Am\u00e9rica Latina y el Caribe.&nbsp;<\/p>\n\n\n\n<p class=\"wp-block-paragraph\">Dra. Mar\u00eda Guadalupe Ramos Ponce<\/p>\n\n\n\n<p class=\"wp-block-paragraph\">Coordinadora de CLADEM en M\u00e9xico<\/p>\n\n\n\n<p class=\"wp-block-paragraph\">Profesora Investigadora de la UdeG.<\/p>\n\n\n\n<p class=\"wp-block-paragraph\">@dralupitaramosp<\/p>\n\n\n\n<p class=\"wp-block-paragraph\"><a href=\"mailto:lupitaramosponce@gmail.com\">lupitaramosponce@gmail.com<\/a><\/p>\n\n\n\n<p class=\"wp-block-paragraph\">Canal de Youtoube Dra. Lupita Ramos.<\/p>\n\n\n\n<figure class=\"wp-block-embed\"><div class=\"wp-block-embed__wrapper\">\nhttps:\/\/www.youtube.com\/channel\/UCQ_bKrt9f4rkb7VST7-sYrg\n<\/div><\/figure>\n\n\n\n<p class=\"wp-block-paragraph\">&nbsp;<a href=\"http:\/\/www.cladem.org\/\">www.cladem.org<\/a><\/p>\n\n\n\n<p class=\"wp-block-paragraph\"><a href=\"mailto:clademjalsc@gmail.com.mx\">clademjalsc@gmail.com<\/a><\/p>\n","protected":false},"excerpt":{"rendered":"<p>Mar\u00eda Guadalupe Ramos Ponce SemM\u00e9xico, Guadalajara, Jal., 20 de noviembre 2024.- Esta semana me encuentro en Bogot\u00e1, Colombia, en un Seminario internacional impulsado por CLADEM y Diakonia, en donde se dio a conocer el lanzamiento del Programa de Paridad a nivel regional.&nbsp; \u00bfSab\u00edas que solo el 30 por ciento de los esca\u00f1os legislativos en promedio [&hellip;]<\/p>\n","protected":false},"author":3,"featured_media":22937,"comment_status":"open","ping_status":"open","sticky":false,"template":"","format":"standard","meta":{"_monsterinsights_skip_tracking":false,"footnotes":""},"categories":[35],"tags":[],"class_list":["post-89842","post","type-post","status-publish","format-standard","has-post-thumbnail","category-opinion"],"_links":{"self":[{"href":"https:\/\/redsemlac.com\/semmexico\/wp-json\/wp\/v2\/posts\/89842","targetHints":{"allow":["GET"]}}],"collection":[{"href":"https:\/\/redsemlac.com\/semmexico\/wp-json\/wp\/v2\/posts"}],"about":[{"href":"https:\/\/redsemlac.com\/semmexico\/wp-json\/wp\/v2\/types\/post"}],"author":[{"embeddable":true,"href":"https:\/\/redsemlac.com\/semmexico\/wp-json\/wp\/v2\/users\/3"}],"replies":[{"embeddable":true,"href":"https:\/\/redsemlac.com\/semmexico\/wp-json\/wp\/v2\/comments?post=89842"}],"version-history":[{"count":0,"href":"https:\/\/redsemlac.com\/semmexico\/wp-json\/wp\/v2\/posts\/89842\/revisions"}],"wp:featuredmedia":[{"embeddable":true,"href":"https:\/\/redsemlac.com\/semmexico\/wp-json\/wp\/v2\/media\/22937"}],"wp:attachment":[{"href":"https:\/\/redsemlac.com\/semmexico\/wp-json\/wp\/v2\/media?parent=89842"}],"wp:term":[{"taxonomy":"category","embeddable":true,"href":"https:\/\/redsemlac.com\/semmexico\/wp-json\/wp\/v2\/categories?post=89842"},{"taxonomy":"post_tag","embeddable":true,"href":"https:\/\/redsemlac.com\/semmexico\/wp-json\/wp\/v2\/tags?post=89842"}],"curies":[{"name":"wp","href":"https:\/\/api.w.org\/{rel}","templated":true}]}}