{"id":8983,"date":"2019-06-20T18:30:09","date_gmt":"2019-06-20T18:30:09","guid":{"rendered":"https:\/\/redsemlac.com\/semmexico\/?p=8983"},"modified":"2023-07-21T14:49:42","modified_gmt":"2023-07-21T19:49:42","slug":"van-las-constituyentes-por-la-4a-generacion-de-la-escuela-de-verano-feminista","status":"publish","type":"post","link":"https:\/\/redsemlac.com\/semmexico\/van-las-constituyentes-por-la-4a-generacion-de-la-escuela-de-verano-feminista\/","title":{"rendered":"Van Las Constituyentes por la 4\u00aa generaci\u00f3n de la Escuela de Verano Feminista"},"content":{"rendered":"\n<p class=\"wp-block-paragraph\"><strong><em>* Las inscripciones cierran este viernes<\/em><\/strong><\/p>\n\n\n\n<p class=\"wp-block-paragraph\"><strong><em>* Hasta hoy hay 690 mujeres inscritas<\/em><\/strong><\/p>\n\n\n\n<p class=\"wp-block-paragraph\"><strong>Argelia Guevara<\/strong><\/p>\n\n\n\n<p class=\"wp-block-paragraph\">SemM\u00e9xico,\nCd. de M\u00e9xico, 20 junio 2019.- La colectiva Las Constituyentes abrir\u00e1 este 1 de\njulio, por cuarto a\u00f1o consecutivo, la Escuela de Verano Feminista, una escuela\nde pedagog\u00eda feminista enfocada a la defensa de los derechos humanos de las\nmujeres y los liderazgos. Se han inscrito ya 690 mujeres, tanto de la zona\nmetropolitana como de otras entidades del pa\u00eds. <\/p>\n\n\n\n<p class=\"wp-block-paragraph\">Las\ninscripciones se cierran ma\u00f1ana viernes. Es gratuita, conferencistas y maestras\nbuscar\u00e1n incluir en las participantes el pensamiento cr\u00edtico. Es de verano\nporque consta de 10 sesiones de cuatro horas, entre el 6 de julio y el 7 de\nseptiembre.<\/p>\n\n\n\n<p class=\"wp-block-paragraph\">Entre sus objetivos, destaca, fortalecer la ciudadan\u00eda de las mujeres, por ello la convocatoria se dirigi\u00f3 a mujeres mayores de 15 a\u00f1os interesadas en participar, de manera especial a quienes habiten y transiten en la Ciudad de M\u00e9xico y la zona metropolitana. No obstante, se ha recibido el registro de interesadas de ocho diferentes entidades del pa\u00eds. Las inscripciones cierran este viernes 21 de junio sin ning\u00fan costo. <\/p>\n\n\n\n<p class=\"wp-block-paragraph\">La\nEscuela de Verano Feminista consta de 10 sesiones que se realizan los s\u00e1bados\nen un horario de 10 a 2 de la tarde. Los temas que se abordar\u00e1n est\u00e1n relacionados\ncon los derechos humanos de las mujeres, g\u00e9nero, feminismos, participaci\u00f3n\npol\u00edtica, <\/p>\n\n\n\n<p class=\"wp-block-paragraph\">estado\nlaico, vida libre de violencia, diversidad sexual, pol\u00edticas p\u00fablicas, entre\notros. <\/p>\n\n\n\n<p class=\"wp-block-paragraph\">La\nEscuela de Verano de las Constituyentes sesionar\u00e1 en la sala Digna Ochoa de la\nComisi\u00f3n de Derechos Humanos de la Ciudad de M\u00e9xico. Ya est\u00e1 el programa,\nparticipar\u00e1n mujeres del mundo pol\u00edtico, feminista y acad\u00e9mico, incluso,\nmujeres con experiencia internacional, como es el caso de la doctora Patricia\nOlamendi.<\/p>\n\n\n\n<p class=\"wp-block-paragraph\">Han\ndicho que s\u00ed, la <em>Ombudsperson<\/em> de la\nCiudad de M\u00e9xico Nashieli Ram\u00edrez; la acad\u00e9mica Lourdes Enr\u00edquez de la Federaci\u00f3n\nde Mujeres Universitarias (FEMU); la periodista y experta Guadalupe L\u00f3pez\nGarc\u00eda; la catedr\u00e1tica Pilar Alberti; Oriana L\u00f3pez Uribe, coordinadora de Fondo\nMARIA, as\u00ed como mujeres que trabajan por los derechos humanos y v\u00edctimas cuya\nexperiencia ser\u00e1 compartida con las participantes, entre ellas, Shioban\nGuerrero, Ana de Alejandro, Frida Guerrera e Irinea Buend\u00eda.<\/p>\n\n\n\n<p class=\"wp-block-paragraph\">Dar\u00e1n\nsu testimonio Wendy Figueroa, Directora General de la Red Nacional de Refugios;\nla especialista en presupuestos y pol\u00edticas p\u00fablicas, Yaucalli Mancillas, entre\notras.<\/p>\n\n\n\n<p class=\"wp-block-paragraph\">Las\nbases de la convocatoria se encuentran publicadas en la p\u00e1gina de Facebook \u201cLas\nConstituyentes CDMX y en la cuenta de twitter <em>@LasConstiCDMX<\/em> donde todav\u00eda se encuentra el formulario de registro\nque con corte al 17 de junio han recibido 690 inscripciones. <\/p>\n\n\n\n<p class=\"wp-block-paragraph\">Las\nConstituyentes CDMX Feministas clausuraran la 4a edici\u00f3n de la Escuela de\nVerano Feminista el 7 de septiembre, en el marco del d\u00eda internacional de la\nciudadan\u00eda de las mujeres, el cual se conmemora el 8 de septiembre con el\nobjetivo de reivindicar que la formaci\u00f3n pol\u00edtica es parte fundamental en el\nejercicio derecho de las mujeres a la participaci\u00f3n pol\u00edtica y ciudadana. <\/p>\n\n\n\n<p class=\"wp-block-paragraph\">SEM\/ag\/sj<\/p>\n","protected":false},"excerpt":{"rendered":"<p>* Las inscripciones cierran este viernes * Hasta hoy hay 690 mujeres inscritas Argelia Guevara SemM\u00e9xico, Cd. de M\u00e9xico, 20 junio 2019.- La colectiva Las Constituyentes abrir\u00e1 este 1 de julio, por cuarto a\u00f1o consecutivo, la Escuela de Verano Feminista, una escuela de pedagog\u00eda feminista enfocada a la defensa de los derechos humanos de las [&hellip;]<\/p>\n","protected":false},"author":3,"featured_media":8984,"comment_status":"open","ping_status":"open","sticky":false,"template":"","format":"standard","meta":{"_monsterinsights_skip_tracking":false,"footnotes":""},"categories":[690,54],"tags":[],"class_list":["post-8983","post","type-post","status-publish","format-standard","has-post-thumbnail","category-690","category-mujeres"],"_links":{"self":[{"href":"https:\/\/redsemlac.com\/semmexico\/wp-json\/wp\/v2\/posts\/8983","targetHints":{"allow":["GET"]}}],"collection":[{"href":"https:\/\/redsemlac.com\/semmexico\/wp-json\/wp\/v2\/posts"}],"about":[{"href":"https:\/\/redsemlac.com\/semmexico\/wp-json\/wp\/v2\/types\/post"}],"author":[{"embeddable":true,"href":"https:\/\/redsemlac.com\/semmexico\/wp-json\/wp\/v2\/users\/3"}],"replies":[{"embeddable":true,"href":"https:\/\/redsemlac.com\/semmexico\/wp-json\/wp\/v2\/comments?post=8983"}],"version-history":[{"count":0,"href":"https:\/\/redsemlac.com\/semmexico\/wp-json\/wp\/v2\/posts\/8983\/revisions"}],"wp:featuredmedia":[{"embeddable":true,"href":"https:\/\/redsemlac.com\/semmexico\/wp-json\/wp\/v2\/media\/8984"}],"wp:attachment":[{"href":"https:\/\/redsemlac.com\/semmexico\/wp-json\/wp\/v2\/media?parent=8983"}],"wp:term":[{"taxonomy":"category","embeddable":true,"href":"https:\/\/redsemlac.com\/semmexico\/wp-json\/wp\/v2\/categories?post=8983"},{"taxonomy":"post_tag","embeddable":true,"href":"https:\/\/redsemlac.com\/semmexico\/wp-json\/wp\/v2\/tags?post=8983"}],"curies":[{"name":"wp","href":"https:\/\/api.w.org\/{rel}","templated":true}]}}