{"id":89826,"date":"2024-11-20T09:38:35","date_gmt":"2024-11-20T15:38:35","guid":{"rendered":"https:\/\/redsemlac.com\/semmexico\/?p=89826"},"modified":"2024-11-20T09:38:36","modified_gmt":"2024-11-20T15:38:36","slug":"indigna-nuevo-feminicidio-en-chiapas-monica-delgado-era-maquillista-y-mama-de-dos-pequenos-fue-asesinada-a-golpes","status":"publish","type":"post","link":"https:\/\/redsemlac.com\/semmexico\/indigna-nuevo-feminicidio-en-chiapas-monica-delgado-era-maquillista-y-mama-de-dos-pequenos-fue-asesinada-a-golpes\/","title":{"rendered":"Indigna nuevo feminicidio en Chiapas; M\u00f3nica Delgado, era maquillista y mam\u00e1 de dos peque\u00f1os fue asesinada a golpes."},"content":{"rendered":"\n<p class=\"wp-block-paragraph\"><\/p>\n\n\n\n<p class=\"wp-block-paragraph\">El responsable ser\u00eda su marido Miguel \u00c1ngel, quien habr\u00eda huido en la madrugada luego de golpearla.<\/p>\n\n\n\n<p class=\"wp-block-paragraph\">Gabriela Couti\u00f1o&nbsp;&nbsp;<\/p>\n\n\n\n<p class=\"wp-block-paragraph\">SemM\u00e9xico, Tuxtla Guti\u00e9rrez, Chis. 20 de noviembre, 2024- Un nuevo caso de violencia machista se registra en Chiapas; esta vez la v\u00edctima es una mujer de 35 a\u00f1os de edad, M\u00f3nica Delgado Castellanos, de profesi\u00f3n maquillista, asesinada a golpes por su esposo y padre de sus dos menores hijos, inform\u00f3 la Colectiva Feminista 50 m\u00e1s 1.<\/p>\n\n\n\n<p class=\"wp-block-paragraph\">La Fiscal\u00eda contra Feminicidios dio a conocer en un bolet\u00edn de prensa que el cuerpo de M\u00f3nica se encontraba en el interior de una casa, ubicada en las calles 7a sur y 4a oriente en el barrio de Ter\u00e1n en la capital Tuxtla Guti\u00e9rrez; la v\u00edctima presentaba m\u00faltiples golpes en el rostro y extremidades inferiores.<\/p>\n\n\n\n<p class=\"wp-block-paragraph\">M\u00f3nica due\u00f1a de una peluquer\u00eda para mujeres, fue golpeada hasta perder la vida, aparentemente por un veh\u00edculo marca Suzuki con placas DPK 429-B, propiedad de la joven, se\u00f1alaron los vecinos.<\/p>\n\n\n\n<p class=\"wp-block-paragraph\">La Fiscal\u00eda precis\u00f3 que las investigaciones se realizan de manera coordinada con la Fiscal\u00eda Metropolitana y de acuerdo con el protocolo de actuaci\u00f3n con perspectiva de g\u00e9nero para la investigaci\u00f3n del delito de feminicidio en Chiapas.<\/p>\n\n\n\n<p class=\"wp-block-paragraph\">La Colectiva 50 + 1 demand\u00f3 a las autoridades de gobierno que revisen los alcances de la actual estrategia de alerta de g\u00e9nero y que se ampli\u00e9 a los dem\u00e1s municipios de Chiapas, ya que 2018 cuando se implement\u00f3 la alerta de g\u00e9nero los feminicidios no cesan, cuestion\u00f3.<\/p>\n\n\n\n<p class=\"wp-block-paragraph\">Al se\u00f1alar que el mes de noviembre ha sido tr\u00e1gico para las mujeres chiapanecas, ya que en lo que va del mes suman cuatro feminicidios en la entidad, 50 mas 1, dijo que, adem\u00e1s, el entorno estatal no ayuda, pues se incrementa la violencia y tambi\u00e9n la percepci\u00f3n de inseguridad. \u00bfCuantas m\u00e1s? \u00bfCu\u00e1ndo las mujeres nos sentiremos seguras?, cuestion\u00f3.<\/p>\n\n\n\n<figure class=\"wp-block-image\"><img decoding=\"async\" src=\"https:\/\/lh7-rt.googleusercontent.com\/docsz\/AD_4nXfx-VJ3Jhz3hj3PHAdxbGOM6aCStuaGPnZQfmlv77j9EmdOxJtEL2xuA7pSNy6oClAmzfwaoBjZXu8kh0Q0r_kXWJaiU8eX7H41NcUmxDiqk8XzDl_RatpLqB4rG9WdLGm_5fLF413lAm8tV1fJSCU?key=G3-gdhjTd_PfHSh7WXmgMe8m\" alt=\"Texto\n\nDescripci\u00f3n generada autom\u00e1ticamente\"\/><\/figure>\n\n\n\n<p class=\"wp-block-paragraph\">\u201cLaura, Erika, Anel y ahora M\u00f3nica han sido las v\u00edctimas de noviembre de la tragedia del feminicidio que nos lacera a todas y todos\u201d. Con el feminicidio de M\u00f3nica, 50 mas 1 suma 33 los feminicidios en Chiapas en lo que va del a\u00f1o, una cifra que supera a la registrada en 2023.<\/p>\n\n\n\n<p class=\"wp-block-paragraph\">La colectiva feminista convoc\u00f3 a las autoridades competentes a revisar las estrategias, redise\u00f1ar acciones y programas, que coadyuven en general a que la justicia para las v\u00edctimas no sea s\u00f3lo una exigencia, sino una realidad enmarcada en la ley.<\/p>\n","protected":false},"excerpt":{"rendered":"<p>El responsable ser\u00eda su marido Miguel \u00c1ngel, quien habr\u00eda huido en la madrugada luego de golpearla. Gabriela Couti\u00f1o&nbsp;&nbsp; SemM\u00e9xico, Tuxtla Guti\u00e9rrez, Chis. 20 de noviembre, 2024- Un nuevo caso de violencia machista se registra en Chiapas; esta vez la v\u00edctima es una mujer de 35 a\u00f1os de edad, M\u00f3nica Delgado Castellanos, de profesi\u00f3n maquillista, asesinada [&hellip;]<\/p>\n","protected":false},"author":3,"featured_media":89827,"comment_status":"open","ping_status":"open","sticky":false,"template":"","format":"standard","meta":{"_monsterinsights_skip_tracking":false,"footnotes":""},"categories":[48],"tags":[],"class_list":["post-89826","post","type-post","status-publish","format-standard","has-post-thumbnail","category-no-mas-impunidad-no-mas-impunidad"],"_links":{"self":[{"href":"https:\/\/redsemlac.com\/semmexico\/wp-json\/wp\/v2\/posts\/89826","targetHints":{"allow":["GET"]}}],"collection":[{"href":"https:\/\/redsemlac.com\/semmexico\/wp-json\/wp\/v2\/posts"}],"about":[{"href":"https:\/\/redsemlac.com\/semmexico\/wp-json\/wp\/v2\/types\/post"}],"author":[{"embeddable":true,"href":"https:\/\/redsemlac.com\/semmexico\/wp-json\/wp\/v2\/users\/3"}],"replies":[{"embeddable":true,"href":"https:\/\/redsemlac.com\/semmexico\/wp-json\/wp\/v2\/comments?post=89826"}],"version-history":[{"count":0,"href":"https:\/\/redsemlac.com\/semmexico\/wp-json\/wp\/v2\/posts\/89826\/revisions"}],"wp:featuredmedia":[{"embeddable":true,"href":"https:\/\/redsemlac.com\/semmexico\/wp-json\/wp\/v2\/media\/89827"}],"wp:attachment":[{"href":"https:\/\/redsemlac.com\/semmexico\/wp-json\/wp\/v2\/media?parent=89826"}],"wp:term":[{"taxonomy":"category","embeddable":true,"href":"https:\/\/redsemlac.com\/semmexico\/wp-json\/wp\/v2\/categories?post=89826"},{"taxonomy":"post_tag","embeddable":true,"href":"https:\/\/redsemlac.com\/semmexico\/wp-json\/wp\/v2\/tags?post=89826"}],"curies":[{"name":"wp","href":"https:\/\/api.w.org\/{rel}","templated":true}]}}