{"id":89821,"date":"2024-11-19T20:34:33","date_gmt":"2024-11-20T02:34:33","guid":{"rendered":"https:\/\/redsemlac.com\/semmexico\/?p=89821"},"modified":"2024-11-19T22:27:38","modified_gmt":"2024-11-20T04:27:38","slug":"avanza-en-congreso-local-de-chiapas-la-despenalizacion-del-aborto","status":"publish","type":"post","link":"https:\/\/redsemlac.com\/semmexico\/avanza-en-congreso-local-de-chiapas-la-despenalizacion-del-aborto\/","title":{"rendered":"Avanza en Congreso local de Chiapas la despenalizaci\u00f3n del aborto"},"content":{"rendered":"\n<p class=\"wp-block-paragraph\">La despenalizaci\u00f3n espera, hasta que llegue la nueva administraci\u00f3n<\/p>\n\n\n\n<p class=\"wp-block-paragraph\">Micaela M\u00e1rquez&nbsp;&nbsp;<\/p>\n\n\n\n<p class=\"wp-block-paragraph\">SemM\u00e9xico, Ciudad de M\u00e9xico, 19 de noviembre 2024.- Avanza la despenalizaci\u00f3n del aborto en Chiapas, al aprobar la reforma al art\u00edculo 4 de su constituci\u00f3n, que reconoc\u00eda y tutelaba el derecho a la vida \u201cdesde el momento de la concepci\u00f3n\u201d, lo que abre el camino a despenalizar totalmente el aborto en dicho estado.<\/p>\n\n\n\n<p class=\"wp-block-paragraph\">Ya que el pasado 7 de noviembre la Suprema Corte de Justicia&nbsp; orden\u00f3 al Congreso local de Chiapas realizar tareas legislativas para despenalizar el aborto en la entidad, con un plazo m\u00e1ximo hasta el pr\u00f3ximo periodo de sesiones legislativas, que concluye el 30 de junio de 2025.<\/p>\n\n\n\n<p class=\"wp-block-paragraph\">En la sesi\u00f3n de este 19 de noviembre el pleno aprob\u00f3 la iniciativa de decreto por el que se reforma el p\u00e1rrafo cuarto, del art\u00edculo 4, de la Constituci\u00f3n Pol\u00edtica de Chiapas. Con la reforma aprobada por el Congreso, el texto queda de la siguiente manera: \u201cEl Estado reconoce, protege y tutela, el derecho a la vida que todo ser humano tiene. Sin perjuicio de las excluyentes de responsabilidad previstas en la legislaci\u00f3n penal del estado de Chiapas\u201d.<\/p>\n\n\n\n<p class=\"wp-block-paragraph\">Se elimin\u00f3 el texto:\u201c desde el momento de la concepci\u00f3n, entra bajo la protecci\u00f3n de la Ley y se le reputa como nacido para todos los efectos legales correspondientes, hasta su muerte natural , salvo las excepciones que establezca la legislaci\u00f3n penal\u201d.<\/p>\n\n\n\n<p class=\"wp-block-paragraph\">En el bolet\u00edn del Congreso chiapaneco se se\u00f1ala que&nbsp; en sesi\u00f3n ordinaria presidida por el diputado Luis Ignacio Avenda\u00f1o Berm\u00fadez, el pleno de la Sexag\u00e9sima Novena Legislatura aprob\u00f3 el dictamen emitido por las comisiones unidas de Gobernaci\u00f3n y Puntos Constitucionales y de Salud, relativo a los derechos de las mujeres y personas gestantes.&nbsp;<\/p>\n\n\n\n<p class=\"wp-block-paragraph\">Es as\u00ed, que el pleno aprob\u00f3 la iniciativa de decreto por el que se reforma el p\u00e1rrafo cuarto, del art\u00edculo 4, de la Constituci\u00f3n Pol\u00edtica de Chiapas. Con la reforma aprobada por el Congreso, el texto queda de la siguiente manera: \u201cEl Estado reconoce, protege y tutela, el derecho a la vida que todo ser humano tiene. Sin perjuicio de las excluyentes de responsabilidad previstas en la legislaci\u00f3n penal del estado de Chiapas\u201d.<\/p>\n\n\n\n<p class=\"wp-block-paragraph\">El p\u00e1rrafo anterior de la Constituci\u00f3n de Chiapas, dictaba lo siguiente: \u201cEl estado reconoce, protege y tutela, el derecho a la vida que todo ser humano tiene desde el momento de la concepci\u00f3n, entra bajo la protecci\u00f3n de la Ley y se reputa como nacido para todos los efectos legales correspondientes, hasta su muerte natural, salvo las excepciones que establezca la legislaci\u00f3n penal\u201d.<\/p>\n\n\n\n<p class=\"wp-block-paragraph\">Participaron para exponer sus argumentos a favor, las diputadas: por el Partido Verde Ecologista de M\u00e9xico, Rosa Linda L\u00f3pez S\u00e1nchez; por MORENA, Faride Abud Garc\u00eda; y por el Partido del Trabajo, Elvira Catalina Aguiar \u00c1lvarez. En contra, expuso sus argumentos la diputada del Partido Acci\u00f3n Nacional, Jovannie<strong> <\/strong>Maricela Ibarra Gallardo.<\/p>\n","protected":false},"excerpt":{"rendered":"<p>La despenalizaci\u00f3n espera, hasta que llegue la nueva administraci\u00f3n Micaela M\u00e1rquez&nbsp;&nbsp; SemM\u00e9xico, Ciudad de M\u00e9xico, 19 de noviembre 2024.- Avanza la despenalizaci\u00f3n del aborto en Chiapas, al aprobar la reforma al art\u00edculo 4 de su constituci\u00f3n, que reconoc\u00eda y tutelaba el derecho a la vida \u201cdesde el momento de la concepci\u00f3n\u201d, lo que abre el [&hellip;]<\/p>\n","protected":false},"author":3,"featured_media":89822,"comment_status":"open","ping_status":"open","sticky":false,"template":"","format":"standard","meta":{"_monsterinsights_skip_tracking":false,"footnotes":""},"categories":[50,700],"tags":[],"class_list":["post-89821","post","type-post","status-publish","format-standard","has-post-thumbnail","category-congreso","category-estados"],"_links":{"self":[{"href":"https:\/\/redsemlac.com\/semmexico\/wp-json\/wp\/v2\/posts\/89821","targetHints":{"allow":["GET"]}}],"collection":[{"href":"https:\/\/redsemlac.com\/semmexico\/wp-json\/wp\/v2\/posts"}],"about":[{"href":"https:\/\/redsemlac.com\/semmexico\/wp-json\/wp\/v2\/types\/post"}],"author":[{"embeddable":true,"href":"https:\/\/redsemlac.com\/semmexico\/wp-json\/wp\/v2\/users\/3"}],"replies":[{"embeddable":true,"href":"https:\/\/redsemlac.com\/semmexico\/wp-json\/wp\/v2\/comments?post=89821"}],"version-history":[{"count":0,"href":"https:\/\/redsemlac.com\/semmexico\/wp-json\/wp\/v2\/posts\/89821\/revisions"}],"wp:featuredmedia":[{"embeddable":true,"href":"https:\/\/redsemlac.com\/semmexico\/wp-json\/wp\/v2\/media\/89822"}],"wp:attachment":[{"href":"https:\/\/redsemlac.com\/semmexico\/wp-json\/wp\/v2\/media?parent=89821"}],"wp:term":[{"taxonomy":"category","embeddable":true,"href":"https:\/\/redsemlac.com\/semmexico\/wp-json\/wp\/v2\/categories?post=89821"},{"taxonomy":"post_tag","embeddable":true,"href":"https:\/\/redsemlac.com\/semmexico\/wp-json\/wp\/v2\/tags?post=89821"}],"curies":[{"name":"wp","href":"https:\/\/api.w.org\/{rel}","templated":true}]}}