{"id":89818,"date":"2024-11-19T20:31:53","date_gmt":"2024-11-20T02:31:53","guid":{"rendered":"https:\/\/redsemlac.com\/semmexico\/?p=89818"},"modified":"2024-11-19T22:25:11","modified_gmt":"2024-11-20T04:25:11","slug":"que-no-queden-a-la-interpretacion-las-leyes-secundarias-para-la-igualdad-sustantiva-se-propuso-en-el-senado","status":"publish","type":"post","link":"https:\/\/redsemlac.com\/semmexico\/que-no-queden-a-la-interpretacion-las-leyes-secundarias-para-la-igualdad-sustantiva-se-propuso-en-el-senado\/","title":{"rendered":"Que no queden a la interpretaci\u00f3n las Leyes secundarias para la igualdad sustantiva, se propuso en el Senado"},"content":{"rendered":"\n<p class=\"wp-block-paragraph\">Las leyes secundarias deber\u00e1n estar listas antes del 10 de diciembre<\/p>\n\n\n\n<p class=\"wp-block-paragraph\">Elda Montiel&nbsp;<\/p>\n\n\n\n<p class=\"wp-block-paragraph\">SemM\u00e9xico, Ciudad de M\u00e9xico,&nbsp; 19 de noviembre 2024.- Era necesario desde la Constituci\u00f3n garantizar la<strong> <\/strong>igualdad sustantiva, la erradicaci\u00f3n de la violencia de g\u00e9nero y la reducci\u00f3n de la brecha salarial y reconocer que pese a todo lo avanzado se sigue violentando y matando a las mujeres \u201cpero es de no cansarse\u201d dijo ayer la Consejera Jur\u00eddica de la Presidencia, Ernestina Godoy Ramos.<\/p>\n\n\n\n<p class=\"wp-block-paragraph\">Por todo lo no atendido en las oficinas, en las fiscal\u00edas,&nbsp; hay que hacer leyes secundarias lo m\u00e1s claras posible y no&nbsp; dejarlas a interpretaci\u00f3n fue el&nbsp; llamado de la senadora&nbsp; Martha Lucia Micher Camarena presidenta de la Comisi\u00f3n de Igualdad en el&nbsp; Se nado .&nbsp;<\/p>\n\n\n\n<p class=\"wp-block-paragraph\">&nbsp;Ambas hablaron al inaugurarse el&nbsp; \u201cForo&nbsp; Hacia la igualdad sustantiva: propuestas legislativas para construir las leyes secundarias relativas a las reformas de los art\u00edculos 4, 21, 41, 73, 116, 122 y 123 de la Constituci\u00f3n Pol\u00edtica\u201d en el Senado de la Republica.<\/p>\n\n\n\n<p class=\"wp-block-paragraph\">Godoy Ramos,&nbsp; enfatiz\u00f3 que es gran avance que desde la Constituci\u00f3n este la obligaci\u00f3n de las fiscal\u00edas especializadas y vigilarlas que est\u00e9n en todos los estados con ministerios p\u00fablicos especializados, peritas y peritos.<\/p>\n\n\n\n<p class=\"wp-block-paragraph\">Tambi\u00e9n hizo la invitaci\u00f3n a las abogadas, principalmente a las j\u00f3venes a disputar un lugar en la impartici\u00f3n de justicia ya sea como juezas o magistradas, al referirse que s\u00f3lo queda una semana para que se registren a la convocatoria para cargos en el Poder Judicial.&nbsp;<\/p>\n\n\n\n<p class=\"wp-block-paragraph\">Habl\u00f3 de ello para coincidir&nbsp; con&nbsp; el presidente de la Mesa Directiva, Gerardo Fern\u00e1ndez Noro\u00f1a quien dijo que deben participar m\u00e1s las abogadas, j\u00f3venes,&nbsp; puesto que&nbsp; de las m\u00e1s de 2 mil 700 personas registradas hasta el domingo, s\u00f3lo 30 por ciento son mujeres.<\/p>\n\n\n\n<p class=\"wp-block-paragraph\">Respecto al Foro, Fern\u00e1ndez Noro\u00f1a se\u00f1alo que es una enorme tarea que, efectivamente, tiene que ver con la legislaci\u00f3n, pero que con la legislaci\u00f3n no es suficiente, tenemos que hacer un cambio profundo cultural, un cambio profundo de conciencia para generar condiciones de igualdad y de que se haga realidad, ojal\u00e1 pudi\u00e9ramos ser el primer pa\u00eds que fuera ejemplo de lograr toda, erradicar toda violencia, toda discriminaci\u00f3n en contra de las mujeres.<\/p>\n\n\n\n<p class=\"wp-block-paragraph\">Celebr\u00f3 el foro y todos los espacios, que promovamos este tipo de pol\u00edticas y les deseo todo el \u00e9xito en los trabajos.<\/p>\n\n\n\n<p class=\"wp-block-paragraph\">La senadora Martha Luc\u00eda Micher destac\u00f3 que es un sue\u00f1o hecho realidad tener una Presidenta en el pa\u00eds lo que costo a\u00f1os de lucha de muchas mujeres, pero que segu\u00edan siendo \u201cexistencialistas irredentas\u201d&nbsp; y quieren elaborar leyes secundarias en consulta, para que se escuchen todas las voces, avanzar en la Ley del Trabajo, en la Igualdad Sustantiva, en los procedimientos penales y para que queden todas las propuestas se hab\u00eda hecho una gu\u00eda metodol\u00f3gica para la incorporaci\u00f3n de la perspectiva de g\u00e9nero.&nbsp;&nbsp;<\/p>\n\n\n\n<p class=\"wp-block-paragraph\">La Senadora Virginia Maga\u00f1a Fonseca&nbsp; respecto a la gu\u00eda metodol\u00f3gica, dijo que va a permitir poner una lupa en c\u00f3mo vamos a estar dise\u00f1ando legislativamente todas esas leyes. No solamente integrar el lenguaje incluyente, sino poner justo esa mirada anal\u00edtica que nos permite la perspectiva de g\u00e9nero, desmenuzar esas desigualdades, s\u00ed, todas las desigualdades que vivimos, las faltas de oportunidades, que eso es lo que justamente nos permite.&nbsp;&nbsp;<\/p>\n\n\n\n<p class=\"wp-block-paragraph\">Mientras que la&nbsp; senadora petista&nbsp; Geovanna Ba\u00f1uelos de la Torre, presidenta de la Comisi\u00f3n&nbsp; de Trabajo y Previsi\u00f3n comparti\u00f3 los datos del ingreso de hombres y mujeres seg\u00fan el INEGI en 2022, el ingreso promedio trimestral para los hombres equival\u00eda a 29 mil 285 pesos; para las mujeres fue de 19 mil 081 pesos. Es decir, una diferencia de m\u00e1s de 10 mil 204 pesos por trimestre, por realizar exactamente el mismo trabajo. \u201cEsto es el tipo de cifras, el tipo de datos que vamos a combatir con esta reforma constitucional, que ahora a trav\u00e9s de las leyes secundarias a la Ley Federal de Trabajo, vamos a poder hacer una realidad\u201d.<\/p>\n\n\n\n<p class=\"wp-block-paragraph\">Se\u00f1al\u00f3 que la firma del decreto constitucional era<strong> <\/strong>un momento hist\u00f3rico en esta etapa de la Cuarta Transformaci\u00f3n; as\u00ed como la primera mujer que gobierna nuestra naci\u00f3n en 200 a\u00f1os de la Rep\u00fablica.&nbsp;<\/p>\n\n\n\n<p class=\"wp-block-paragraph\">Modificaciones constitucionales y legales que empoderan a las mujeres, que reconocen sus derechos; el ahora estar discutiendo leyes secundarias para poder garantizar el derecho a las mujeres a vivir una vida libre de violencia, a establecer la perspectiva de g\u00e9nero en materia de seguridad p\u00fablica y de juzgadores; la obligatoriedad para las fiscal\u00edas especializadas para las entidades y la aprobaci\u00f3n de leyes secundarias para que sean incorporadas en sus respectivos marcos jur\u00eddicos locales, es algo muy importante que nos pone a las mujeres dentro de las pol\u00edticas p\u00fablicas de este pa\u00eds.<\/p>\n\n\n\n<p class=\"wp-block-paragraph\">En pr\u00f3ximas semanas, en d\u00edas, vamos a estar discutiendo las propuestas que habr\u00e1n de ser el resultado de este debate al que hemos sido convocados por la senadora Mal\u00fa Micher. Adelant\u00f3 que todas las leyes secundarias que derivan de los cambios constitucionales que mand\u00f3 la presidenta de la Rep\u00fablica, deben estar listas antes del 10 de diciembre, cuando terminan los 16 d\u00edas de Activismo para erradicar la violencia contra las mujeres, jornada de reflexi\u00f3n internacional.<\/p>\n\n\n\n<p class=\"wp-block-paragraph\">Asisti\u00f3 Beatriz Santamar\u00eda Monjaraz, representante de la secretaria de Gobernaci\u00f3n Rosa Icela Rodr\u00edguez; y&nbsp; Eunice Renata Romo Molina, representante de la senadora con licencia, y designada Secretaria de las Mujeres&nbsp; Citlalli Hern\u00e1ndez.<\/p>\n\n\n\n<p class=\"wp-block-paragraph\">Estuvo una docena de representantes de la sociedad civil que hicieron propuestas concretas. Se recibir\u00e1n m\u00e1s propuestas v\u00eda electr\u00f3nica hasta este mi\u00e9rcoles en la noche.<\/p>\n","protected":false},"excerpt":{"rendered":"<p>Las leyes secundarias deber\u00e1n estar listas antes del 10 de diciembre Elda Montiel&nbsp; SemM\u00e9xico, Ciudad de M\u00e9xico,&nbsp; 19 de noviembre 2024.- Era necesario desde la Constituci\u00f3n garantizar la igualdad sustantiva, la erradicaci\u00f3n de la violencia de g\u00e9nero y la reducci\u00f3n de la brecha salarial y reconocer que pese a todo lo avanzado se sigue violentando [&hellip;]<\/p>\n","protected":false},"author":3,"featured_media":89819,"comment_status":"open","ping_status":"open","sticky":false,"template":"","format":"standard","meta":{"_monsterinsights_skip_tracking":false,"footnotes":""},"categories":[50],"tags":[],"class_list":["post-89818","post","type-post","status-publish","format-standard","has-post-thumbnail","category-congreso"],"_links":{"self":[{"href":"https:\/\/redsemlac.com\/semmexico\/wp-json\/wp\/v2\/posts\/89818","targetHints":{"allow":["GET"]}}],"collection":[{"href":"https:\/\/redsemlac.com\/semmexico\/wp-json\/wp\/v2\/posts"}],"about":[{"href":"https:\/\/redsemlac.com\/semmexico\/wp-json\/wp\/v2\/types\/post"}],"author":[{"embeddable":true,"href":"https:\/\/redsemlac.com\/semmexico\/wp-json\/wp\/v2\/users\/3"}],"replies":[{"embeddable":true,"href":"https:\/\/redsemlac.com\/semmexico\/wp-json\/wp\/v2\/comments?post=89818"}],"version-history":[{"count":0,"href":"https:\/\/redsemlac.com\/semmexico\/wp-json\/wp\/v2\/posts\/89818\/revisions"}],"wp:featuredmedia":[{"embeddable":true,"href":"https:\/\/redsemlac.com\/semmexico\/wp-json\/wp\/v2\/media\/89819"}],"wp:attachment":[{"href":"https:\/\/redsemlac.com\/semmexico\/wp-json\/wp\/v2\/media?parent=89818"}],"wp:term":[{"taxonomy":"category","embeddable":true,"href":"https:\/\/redsemlac.com\/semmexico\/wp-json\/wp\/v2\/categories?post=89818"},{"taxonomy":"post_tag","embeddable":true,"href":"https:\/\/redsemlac.com\/semmexico\/wp-json\/wp\/v2\/tags?post=89818"}],"curies":[{"name":"wp","href":"https:\/\/api.w.org\/{rel}","templated":true}]}}