{"id":89815,"date":"2024-11-19T15:19:15","date_gmt":"2024-11-19T21:19:15","guid":{"rendered":"https:\/\/redsemlac.com\/semmexico\/?p=89815"},"modified":"2024-11-19T22:20:06","modified_gmt":"2024-11-20T04:20:06","slug":"bellas-y-airosas-carmen-rincon-a-la-secretaria-de-las-mujeres-de-pachuca","status":"publish","type":"post","link":"https:\/\/redsemlac.com\/semmexico\/bellas-y-airosas-carmen-rincon-a-la-secretaria-de-las-mujeres-de-pachuca\/","title":{"rendered":"Bellas y Airosas |Carmen Rinc\u00f3n a la Secretar\u00eda de las Mujeres de Pachuca"},"content":{"rendered":"\n<p class=\"wp-block-paragraph\"><\/p>\n\n\n\n<p class=\"wp-block-paragraph\">Elvira Hern\u00e1ndez Carballido<\/p>\n\n\n\n<p class=\"wp-block-paragraph\">SemM\u00e9xico, Pachuca, Hgo., 19 de noviembre 2024.- \u00a1Justicia para Carmen! Fue el grito que se escuchaba por la calle de Guerrero en el centro de la capital Bellairosa, era el a\u00f1o de 1987, por primera vez las mujeres hidalguenses sal\u00edan a marchar para unirse a la defensa de Carmen Rinc\u00f3n. Esa historia marc\u00f3 el inicio del movimiento feminista en Hidalgo.<\/p>\n\n\n\n<p class=\"wp-block-paragraph\">En efecto, la situaci\u00f3n que ella vivi\u00f3 no solamente sacudi\u00f3 a la sociedad de esta regi\u00f3n, todo M\u00e9xico se enter\u00f3 de la violencia obst\u00e9trica que enfrent\u00f3 luego de haber sido mal atendida en su parto, fallecer su beb\u00e9 y haberle provocado una grave infecci\u00f3n que ya no le permiti\u00f3 volver a embarazarse. Esta gran tragedia estuvo a punto de sumirla en una terrible depresi\u00f3n, pero una escena que observ\u00f3 desde la habitaci\u00f3n de su hogar donde se hab\u00eda encerrado la hizo reaccionar: Vio a una ni\u00f1a tomada de la mano de su madre, las dos caminando alegres, mir\u00e1ndose con cari\u00f1o.&nbsp;<\/p>\n\n\n\n<p class=\"wp-block-paragraph\">Entonces Carmen pens\u00f3 que no pod\u00eda permitir que ninguna mujer pasara por lo mismo que ella, ni esa mujer ni su peque\u00f1a, ninguna m\u00e1s, decidi\u00f3 denunciar y su lucha lleg\u00f3 a los escenarios internacionales, as\u00ed en la Conferencia Internacional sobre Poblaci\u00f3n y Desarrollo en El Cairo su voz se escuch\u00f3 fuerte y segura, los derechos reproductivos de las mujeres se enmarcaron en el contexto de los derechos humanos y como una condici\u00f3n indispensable para el logro de la autonom\u00eda de las mujeres en sus cuerpos.&nbsp;<\/p>\n\n\n\n<p class=\"wp-block-paragraph\">Sin duda, Carmen Rinc\u00f3n es una pionera del feminismo en Hidalgo donde desde hace casi cuarenta a\u00f1os se ha ganado el respeto de todos los grupos de mujeres de la entidad, ha marcado pauta en las transformaciones del estado y su voz no deja de exigir una transformaci\u00f3n en la vida de las mujeres que las empodere para lograr esa igualdad que el sistema patriarcal sigue complicando.&nbsp;<\/p>\n\n\n\n<p class=\"wp-block-paragraph\">Por ello, hoy celebramos que Carmen Rinc\u00f3n haya sido elegida la nueva titular de la Secretar\u00eda de las Mujeres en Pachuca. Es muy importante destacar que su nombramiento se dio en un escenario absolutamente democr\u00e1tico ya que por primera vez en nuestro pa\u00eds se lanz\u00f3 una convocatoria para ser elegida en este puesto y en esta instituci\u00f3n, las participantes fueron evaluadas por la Comisi\u00f3n Regulatoria del Sistema Municipal de Igualdad y as\u00ed llegaron a una terna final tres de ellas, de la cual Rinc\u00f3n fue la elegida.&nbsp;<\/p>\n\n\n\n<p class=\"wp-block-paragraph\">Quienes conocemos la historia de esta admirable mujer hidalguenses celebramos la decisi\u00f3n porque sabemos que la experiencia y el compromiso de Carmen es inquebrantable. Feminista y activista, cursa su segundo doctorado, fund\u00f3 el primer grupo de mujeres en Hidalgo, Cihuatl, y public\u00f3 el libro \u201cJusticia para Carmen\u201d donde detalla su historia.&nbsp;<\/p>\n\n\n\n<p class=\"wp-block-paragraph\">Al ser nombrada la nueva titular de la Secretar\u00eda de las Mujeres en Pachuca, por el periodo 2024-2027 de inmediato dio a conocer su plan de trabajo que est\u00e1 sustentado en cinco ejes representativos:<\/p>\n\n\n\n<ul class=\"wp-block-list\">\n<li>La ruta de atenci\u00f3n contra la violencia de g\u00e9nero.<\/li>\n\n\n\n<li>La creaci\u00f3n de un modelo de cuidados.<\/li>\n\n\n\n<li>El fortalecimiento de la Secretar\u00eda.<\/li>\n\n\n\n<li>La tranversalizaci\u00f3n de g\u00e9nero en todos los escenarios.\u00a0<\/li>\n\n\n\n<li>La difusi\u00f3n de la igualdad de g\u00e9nero.\u00a0<\/li>\n<\/ul>\n\n\n\n<p class=\"wp-block-paragraph\">Rinc\u00f3n conoce muy bien los problemas que afectan a las hidalguenses, desde el femincidio hasta los embarazos adolescentes, la ausencia de pol\u00edticas p\u00fablicas con una verdadera perspectiva de g\u00e9nero y la importancia de sensibilizar a todas las instancias para que realicen acciones no por ser lo correctamente pol\u00edtico sino porque en verdad han comprendido lo importante que es transformar la situaci\u00f3n de las mujeres en Hidalgo.<\/p>\n\n\n\n<p class=\"wp-block-paragraph\">La noticia fue recibido con benepl\u00e1cito y las felicitaciones no se hicieron esperar, la maestra Silvia Rodr\u00edguez, profesora de la Universidad Aut\u00f3noma del Estado de Hidalgo, declar\u00f3:<\/p>\n\n\n\n<p class=\"wp-block-paragraph\">\u201cCarmen, tu nombramiento es resultado de todos los a\u00f1os que llevas trabajando de manera continua y comprometida por las mujeres. La Secretar\u00eda est\u00e1 en buenas manos, unas manos honestas que ser\u00e1n ofrecidas para apoyar, para ser solidarias, para curar y fortalecer. Eres un ejemplo y un gran orgullo para la lucha de las mujeres. Quienes te conocemos estamos muy orgullosas de ti. Te mando un abrazo.<\/p>\n\n\n\n<p class=\"wp-block-paragraph\">El cari\u00f1o y amistad que nos une a Carmen es inmenso, ella sabe que cuenta con nosotras, por eso, luego de los mensajes de felicitaci\u00f3n, nos respondi\u00f3:<\/p>\n\n\n\n<p class=\"wp-block-paragraph\">\u201cLlegamos todas\u2026 es la Secretar\u00eda de todas\u2026 y continuamos trabajando como lo hemos hecho, acompa\u00f1\u00e1ndonos y compartiendo nuestras fortalezas. No llegu\u00e9 sola, que sepan que llegamos todas. Y que s\u00ed, fuimos todas, fuimos todas. Abrazos\u201d<\/p>\n","protected":false},"excerpt":{"rendered":"<p>Elvira Hern\u00e1ndez Carballido SemM\u00e9xico, Pachuca, Hgo., 19 de noviembre 2024.- \u00a1Justicia para Carmen! Fue el grito que se escuchaba por la calle de Guerrero en el centro de la capital Bellairosa, era el a\u00f1o de 1987, por primera vez las mujeres hidalguenses sal\u00edan a marchar para unirse a la defensa de Carmen Rinc\u00f3n. Esa historia [&hellip;]<\/p>\n","protected":false},"author":3,"featured_media":70197,"comment_status":"open","ping_status":"open","sticky":false,"template":"","format":"standard","meta":{"_monsterinsights_skip_tracking":false,"footnotes":""},"categories":[202,35],"tags":[],"class_list":["post-89815","post","type-post","status-publish","format-standard","has-post-thumbnail","category-elvira-hernandez-carballido","category-opinion"],"_links":{"self":[{"href":"https:\/\/redsemlac.com\/semmexico\/wp-json\/wp\/v2\/posts\/89815","targetHints":{"allow":["GET"]}}],"collection":[{"href":"https:\/\/redsemlac.com\/semmexico\/wp-json\/wp\/v2\/posts"}],"about":[{"href":"https:\/\/redsemlac.com\/semmexico\/wp-json\/wp\/v2\/types\/post"}],"author":[{"embeddable":true,"href":"https:\/\/redsemlac.com\/semmexico\/wp-json\/wp\/v2\/users\/3"}],"replies":[{"embeddable":true,"href":"https:\/\/redsemlac.com\/semmexico\/wp-json\/wp\/v2\/comments?post=89815"}],"version-history":[{"count":0,"href":"https:\/\/redsemlac.com\/semmexico\/wp-json\/wp\/v2\/posts\/89815\/revisions"}],"wp:featuredmedia":[{"embeddable":true,"href":"https:\/\/redsemlac.com\/semmexico\/wp-json\/wp\/v2\/media\/70197"}],"wp:attachment":[{"href":"https:\/\/redsemlac.com\/semmexico\/wp-json\/wp\/v2\/media?parent=89815"}],"wp:term":[{"taxonomy":"category","embeddable":true,"href":"https:\/\/redsemlac.com\/semmexico\/wp-json\/wp\/v2\/categories?post=89815"},{"taxonomy":"post_tag","embeddable":true,"href":"https:\/\/redsemlac.com\/semmexico\/wp-json\/wp\/v2\/tags?post=89815"}],"curies":[{"name":"wp","href":"https:\/\/api.w.org\/{rel}","templated":true}]}}