{"id":89803,"date":"2024-11-19T10:28:10","date_gmt":"2024-11-19T16:28:10","guid":{"rendered":"https:\/\/redsemlac.com\/semmexico\/?p=89803"},"modified":"2024-11-19T10:28:11","modified_gmt":"2024-11-19T16:28:11","slug":"sheinbaum-propone-en-g-20-destinar-1-del-gasto-militar-en-programa-de-reforestacion","status":"publish","type":"post","link":"https:\/\/redsemlac.com\/semmexico\/sheinbaum-propone-en-g-20-destinar-1-del-gasto-militar-en-programa-de-reforestacion\/","title":{"rendered":"Sheinbaum propone en G-20 destinar 1% del gasto militar en programa de reforestaci\u00f3n"},"content":{"rendered":"\n<p class=\"wp-block-paragraph\"><\/p>\n\n\n\n<p class=\"wp-block-paragraph\">La presidenta Claudia Sheinbaum participa en la reuni\u00f3n del G20. | Foto: Cortes\u00eda Presidencia<\/p>\n\n\n\n<p class=\"wp-block-paragraph\">La presidenta mexicana explic\u00f3 que el programa podr\u00eda \u00abapoyar a 6 millones de sembradores de \u00e1rboles que reforestar\u00edan 15 millones de hect\u00e1reas\u00bb<\/p>\n\n\n\n<p class=\"wp-block-paragraph\">Javier Divany&nbsp;<\/p>\n\n\n\n<p class=\"wp-block-paragraph\">SemM\u00e9xico\/ El Sol de M\u00e9xico, Cd. de M\u00e9xico, 19 de noviembre, 2024.- La presidenta Claudia Sheinbaum Pardo&nbsp;presente en la Cumbre de l\u00edderes del G-20, que se lleva a cabo en R\u00edo de Janeiro, Brasil, propuso \u00absembrar paz y vida, en lugar de guerras\u00bb, al&nbsp;destinar el 1 por ciento del gasto militar&nbsp;para poner en marcha el&nbsp;programa de reforestaci\u00f3n m\u00e1s grande de la historia.<\/p>\n\n\n\n<p class=\"wp-block-paragraph\">\u201cSignificar\u00eda liberar unos 24 mil millones de d\u00f3lares al a\u00f1o (12 veces lo que ya destina M\u00e9xico) para&nbsp;apoyar a 6 millones de sembradores de \u00e1rboles que reforestar\u00edan 15 millones de hect\u00e1reas, algo as\u00ed como cuatro veces la superficie de Dinamarca, toda la de Guatemala, Belice y el Salvador juntos, o 30 por ciento la de Suecia.<\/p>\n\n\n\n<p class=\"wp-block-paragraph\">\u201cCon ello ayudar\u00edamos a&nbsp;mitigar el calentamiento global&nbsp;y&nbsp;restaurar\u00edamos el tejido social ayudando a las comunidades a salir de la pobreza. La propuesta es&nbsp;dejar de sembrar guerras, sembremos paz y sembremos vida\u201d, destac\u00f3 durante su participaci\u00f3n en la Primera Sesi\u00f3n de Trabajo \u201cLucha contra el Hambre y la Pobreza\u201d.<\/p>\n\n\n\n<p class=\"wp-block-paragraph\">Claudia Sheinbaum se\u00f1al\u00f3 como ejemplo de que con la reforestaci\u00f3n y el apoyo a sembradores se logran cambios importantes, la implementaci\u00f3n en M\u00e9xico del programa&nbsp;Sembrando Vida, uno de los m\u00e1s ambiciosos del Gobierno de M\u00e9xico, que consiste en dar un jornal a las familias pobres del campo,&nbsp;capacitaci\u00f3n t\u00e9cnica para sembrar \u00e1rboles maderables y frutales, as\u00ed como otros cultivos.<\/p>\n\n\n\n<p class=\"wp-block-paragraph\">La mandataria mexicana explic\u00f3 que este apoyo, al que se le destinan cada a\u00f1o&nbsp;mil 700 millones de d\u00f3lares,&nbsp;beneficia a 439 mil familias mexicanas y a 40 mil en Guatemala,&nbsp;Honduras&nbsp;y&nbsp;El Salvador, permitiendo con ello la&nbsp;reforestaci\u00f3n&nbsp;en los \u00faltimos seis a\u00f1os de&nbsp;m\u00e1s de un mill\u00f3n de hect\u00e1reas&nbsp;con la siembra de mil 100 millones de \u00e1rboles, lo que equivale a&nbsp;capturar anualmente 30 millones de toneladas de di\u00f3xido de carbono (CO\u2082).<\/p>\n\n\n\n<p class=\"wp-block-paragraph\">Sheinbaum&nbsp;tambi\u00e9n resalt\u00f3 que \u201ca nombre de un pueblo generoso, solidario y sabio\u201d, asiste al G20 a hacer un llamado a las grandes naciones a construir la paz, la fraternidad y la igualdad.<\/p>\n\n\n\n<p class=\"wp-block-paragraph\">\u201c\u00bfQu\u00e9 est\u00e1 pasando en nuestro mundo que en tan solo dos a\u00f1os el gasto en armas creci\u00f3 casi el triple que la econom\u00eda mundial? \u00bfC\u00f3mo es que la econom\u00eda de la destrucci\u00f3n alcanz\u00f3 un gasto de m\u00e1s de 2.4 billones de d\u00f3lares? \u00bfC\u00f3mo es que 700 millones de personas en el mundo a\u00fan viven por debajo de la l\u00ednea de pobreza?\u00bb, cuestion\u00f3.<\/p>\n\n\n\n<p class=\"wp-block-paragraph\">\u201cResulta absurdo, sinsentido, que haya m\u00e1s gasto en armas que para atender la pobreza o el cambio clim\u00e1tico. Reducir\u00edamos la migraci\u00f3n, el hambre, si tan solo elevamos la palabra amor por encima del odio, la generosidad de la persona humilde y despose\u00edda, por encima de la avaricia y el deseo de dominaci\u00f3n. Me niego a pensar que somos capaces de crear la inteligencia artificial e incapaces de dar la mano al que se qued\u00f3 atr\u00e1s\u201d, manifest\u00f3.<\/p>\n\n\n\n<p class=\"wp-block-paragraph\">Expuso que, de los pa\u00edses miembros de la Organizaci\u00f3n para la Cooperaci\u00f3n y el Desarrollo Econ\u00f3mico (OCDE),&nbsp;M\u00e9xico es de los menos endeudados, con&nbsp;menor tasa de desempleo&nbsp;y en donde&nbsp;el salario m\u00ednimo aument\u00f3 a m\u00e1s del doble en seis a\u00f1os.<\/p>\n\n\n\n<p class=\"wp-block-paragraph\">\u201cSe construyen trenes, carreteras, puertos y aeropuertos, la pobreza se redujo en m\u00e1s de 9 millones de personas y disminuyen las desigualdades. Hay democracia, libertades, pluralidad y derecho a disentir, se fortalecen las instituciones de seguridad, de justicia y se construye paz\u201d, resalt\u00f3.<\/p>\n\n\n\n<p class=\"wp-block-paragraph\">Ante los representantes de los pa\u00edses miembros del G-20 mencion\u00f3 \u201ctuve el gran honor de convertirme en la primera mujer Presidenta de mi pa\u00eds y no llegu\u00e9 sola, llegamos las campesinas, las migrantes, las obreras, las profesionistas, nuestras abuelas, nuestras hijas y nuestras nietas, llegamos todas las mujeres mexicanas\u201d, expres\u00f3.<\/p>\n\n\n\n<p class=\"wp-block-paragraph\">Destac\u00f3 que pertenece a una&nbsp;generaci\u00f3n que luch\u00f3 contra la represi\u00f3n, el autoritarismo, por la justicia social y la democracia, y que proviene de un pueblo que decidi\u00f3 fundar por la v\u00eda pac\u00edfica, una nueva historia.<\/p>\n","protected":false},"excerpt":{"rendered":"<p>La presidenta Claudia Sheinbaum participa en la reuni\u00f3n del G20. | Foto: Cortes\u00eda Presidencia La presidenta mexicana explic\u00f3 que el programa podr\u00eda \u00abapoyar a 6 millones de sembradores de \u00e1rboles que reforestar\u00edan 15 millones de hect\u00e1reas\u00bb Javier Divany&nbsp; SemM\u00e9xico\/ El Sol de M\u00e9xico, Cd. de M\u00e9xico, 19 de noviembre, 2024.- La presidenta Claudia Sheinbaum Pardo&nbsp;presente [&hellip;]<\/p>\n","protected":false},"author":3,"featured_media":89804,"comment_status":"open","ping_status":"open","sticky":false,"template":"","format":"standard","meta":{"_monsterinsights_skip_tracking":false,"footnotes":""},"categories":[694,903],"tags":[],"class_list":["post-89803","post","type-post","status-publish","format-standard","has-post-thumbnail","category-destacadas","category-presidenta-y-mas"],"_links":{"self":[{"href":"https:\/\/redsemlac.com\/semmexico\/wp-json\/wp\/v2\/posts\/89803","targetHints":{"allow":["GET"]}}],"collection":[{"href":"https:\/\/redsemlac.com\/semmexico\/wp-json\/wp\/v2\/posts"}],"about":[{"href":"https:\/\/redsemlac.com\/semmexico\/wp-json\/wp\/v2\/types\/post"}],"author":[{"embeddable":true,"href":"https:\/\/redsemlac.com\/semmexico\/wp-json\/wp\/v2\/users\/3"}],"replies":[{"embeddable":true,"href":"https:\/\/redsemlac.com\/semmexico\/wp-json\/wp\/v2\/comments?post=89803"}],"version-history":[{"count":0,"href":"https:\/\/redsemlac.com\/semmexico\/wp-json\/wp\/v2\/posts\/89803\/revisions"}],"wp:featuredmedia":[{"embeddable":true,"href":"https:\/\/redsemlac.com\/semmexico\/wp-json\/wp\/v2\/media\/89804"}],"wp:attachment":[{"href":"https:\/\/redsemlac.com\/semmexico\/wp-json\/wp\/v2\/media?parent=89803"}],"wp:term":[{"taxonomy":"category","embeddable":true,"href":"https:\/\/redsemlac.com\/semmexico\/wp-json\/wp\/v2\/categories?post=89803"},{"taxonomy":"post_tag","embeddable":true,"href":"https:\/\/redsemlac.com\/semmexico\/wp-json\/wp\/v2\/tags?post=89803"}],"curies":[{"name":"wp","href":"https:\/\/api.w.org\/{rel}","templated":true}]}}