{"id":8980,"date":"2019-06-20T18:22:17","date_gmt":"2019-06-20T18:22:17","guid":{"rendered":"https:\/\/redsemlac.com\/semmexico\/?p=8980"},"modified":"2023-07-21T14:49:42","modified_gmt":"2023-07-21T19:49:42","slug":"proponen-garantizar-el-derecho-de-las-mujeres-a-decidir","status":"publish","type":"post","link":"https:\/\/redsemlac.com\/semmexico\/proponen-garantizar-el-derecho-de-las-mujeres-a-decidir\/","title":{"rendered":"Proponen garantizar el derecho de las mujeres a decidir"},"content":{"rendered":"\n<p class=\"wp-block-paragraph\"><strong><em>* Llama diputado a eliminar la autorizaci\u00f3n del MP para ILE en caso de violaci\u00f3n<\/em><\/strong><\/p>\n\n\n\n<p class=\"wp-block-paragraph\"><strong><em>* De lo contrario, habr\u00e1 una Segunda Declaraci\u00f3n de AVGM en Guerrero.<\/em><\/strong><\/p>\n\n\n\n<p class=\"wp-block-paragraph\"><strong>Josefina Aguilar Pastor <\/strong><\/p>\n\n\n\n<p class=\"wp-block-paragraph\">SemM\u00e9xico, Chilpancingo,\nGro., 19 junio 2019.- Arturo Mart\u00ednez N\u00fa\u00f1ez, diputado local de Morena, exhort\u00f3\na sus hom\u00f3logos que integran las comisiones de Justicia, Salud y para la\nIgualdad de G\u00e9nero, resolver a favor de las propuestas del Grupo de Trabajo\npara atender la solicitud de alerta de violencia de g\u00e9nero contra las mujeres\npara el estado de Guerrero por agravio comparado y eliminar del C\u00f3digo Penal\nvigente, la autorizaci\u00f3n del ministerio p\u00fablico para la interrupci\u00f3n del\nembarazo producto de una violaci\u00f3n sexual.<\/p>\n\n\n\n<p class=\"wp-block-paragraph\">Expuso que, en\ncumplimiento con su responsabilidad institucional, el Poder Legislativo debe\ngenerar un marco jur\u00eddico que garantice el derecho de las mujeres a decidir\nsobre su propio cuerpo y acceder a una vida libre de violencia.<\/p>\n\n\n\n<p class=\"wp-block-paragraph\">De acuerdo al Informe del grupo de trabajo conformado para\natender la solicitud de alerta de violencia de g\u00e9nero contra las mujeres para\nel Estado de Guerrero por agravio comparado, enviadoel pasado 30 de mayo a dicha soberan\u00eda, a trav\u00e9s de la\nComisi\u00f3n Nacional para Prevenir y Erradicar la Violencia contra las Mujeres (Conavim), se determin\u00f3 que, en Guerrero, existe un agravio comparado que impide el\nejercicio pleno de los derechos humanos de las mujeres.<\/p>\n\n\n\n<p class=\"wp-block-paragraph\">Esto se deriva,\nrefiri\u00f3, a que en la fracci\u00f3n I del art\u00edculo 159 del C\u00f3digo Penal del Estado de\nGuerrero, establece como condici\u00f3n necesaria para excluir de responsabilidad\npenal a la pr\u00e1ctica de aborto a mujeres, ni\u00f1as y adolescentes embarazadas como\nresultado de una violaci\u00f3n sexual, la comprobaci\u00f3n de los hechos por parte del\nMinisterio P\u00fablico para autorizar su pr\u00e1ctica.<\/p>\n\n\n\n<p class=\"wp-block-paragraph\">De ah\u00ed que una de\nlas recomendaciones hechas por el grupo de trabajo, hacia el Poder Legislativo,\nes la eliminaci\u00f3n de esa condicionante, a partir de la reforma del mencionado\nart\u00edculo 159 del C\u00f3digo penal, y apegarse a lo establecido en la Ley General de\nV\u00edctimas, la Norma Oficial Mexicana 046, al art\u00edculo 10 de la Ley General de\nSalud, y garantizar el acceso de las mujeres a la interrupci\u00f3n legal del\nembarazo en caso de violaci\u00f3n por parte de los servicios de salud p\u00fablica y\nprivada de manera segura.<\/p>\n\n\n\n<p class=\"wp-block-paragraph\">\u201cEl problema en\nGuerrero es que las mujeres no tienen garantizado el uso de los servicios de\nsalud p\u00fablica y privada para interrumpir su embarazo cuando \u00e9ste ha sido\nproducto de una violaci\u00f3n, de acuerdo a como est\u00e1 establecido actualmente,\nrequieren la autorizaci\u00f3n del Ministerio P\u00fablico una vez que \u00e9ste haya\ncomprobado la comisi\u00f3n del delito\u201d, refiri\u00f3 el legislador de Morena, y esto\nagreg\u00f3, contraviene distintas disposiciones nacionales e internacionales en\nmateria de derechos humanos de las mujeres, en particular, su derecho para\ndecidir sobre su propio cuerpo y acceder a una vida libre de violencia.<\/p>\n\n\n\n<p class=\"wp-block-paragraph\">Mart\u00ednez N\u00fa\u00f1ez\nreconoci\u00f3 que el embarazo forzado,\nprovoca da\u00f1o psicol\u00f3gico, moral, familiar, se extiende m\u00e1s all\u00e1 del\n\u00e1mbito privado e impacta con el \u00e1mbito p\u00fablico de la convivencia comunitaria,\ndestruye el proyecto de vida de las mujeres y trasciende a su \u00e1mbito social y\necon\u00f3mico, marc\u00e1ndola para toda su vida; sobre todo al tratarse de ni\u00f1as y\nadolescentes, ofrece un escenario todav\u00eda m\u00e1s cr\u00edtico y deleznable.<\/p>\n\n\n\n<p class=\"wp-block-paragraph\">De no tenderse esta\nrecomendaci\u00f3n, se dar\u00eda lugar a una Segunda Declaraci\u00f3n de Alerta de Violencia\nde G\u00e9nero en Guerrero, advirti\u00f3 Mart\u00ednez N\u00fa\u00f1ez, de ah\u00ed el exhorto a las\ncomisiones de Justicia, Salud y Para la Igualdad de G\u00e9nero, a fin de que\nacepten la recomendaci\u00f3n, y emitan el dictamen a favor de la reforma del C\u00f3digo\nPenal.<\/p>\n\n\n\n<p class=\"wp-block-paragraph\">Subray\u00f3 que la\nsolicitud de interrupci\u00f3n legal del embarazo en caso de violaci\u00f3n, debe verse\nen funci\u00f3n de la protecci\u00f3n de los Derechos Humanos de la v\u00edctima y no en\nfunci\u00f3n de la punibilidad de dicha acci\u00f3n; ni debe abordarse desde la\nperspectiva personal, \u201caqu\u00ed no caben argumentos morales y religiosos que\ndesvirt\u00faan y confunden nuestro car\u00e1cter de representantes populares\u201d, recalc\u00f3.<\/p>\n\n\n\n<p class=\"wp-block-paragraph\">Se trata, agreg\u00f3 el\nmorenista, de responder al inter\u00e9s general de la ciudadan\u00eda y, particularmente,\nde la defensa de los derechos humanos de las mujeres v\u00edctimas de \u201cno es una\ncuesti\u00f3n de n\u00famero de v\u00edctimas; no es una cuesti\u00f3n de afinidad ideol\u00f3gica o de\nobjeci\u00f3n de conciencia. Nosotros como diputadas y diputados y el personal\nm\u00e9dico y enfermer\u00eda del Sistema Nacional de Salud, somos servidores p\u00fablicos\nsujetos a un marco jur\u00eddico y legal que, hoy por hoy, se rige sobre el\nejercicio plano de las libertades y derechos humanos de la ciudadan\u00eda\u201d, acot\u00f3.<\/p>\n\n\n\n<p class=\"wp-block-paragraph\">SEM\/jap\/sj<\/p>\n","protected":false},"excerpt":{"rendered":"<p>* Llama diputado a eliminar la autorizaci\u00f3n del MP para ILE en caso de violaci\u00f3n * De lo contrario, habr\u00e1 una Segunda Declaraci\u00f3n de AVGM en Guerrero. Josefina Aguilar Pastor SemM\u00e9xico, Chilpancingo, Gro., 19 junio 2019.- Arturo Mart\u00ednez N\u00fa\u00f1ez, diputado local de Morena, exhort\u00f3 a sus hom\u00f3logos que integran las comisiones de Justicia, Salud y [&hellip;]<\/p>\n","protected":false},"author":3,"featured_media":8981,"comment_status":"open","ping_status":"open","sticky":false,"template":"","format":"standard","meta":{"_monsterinsights_skip_tracking":false,"footnotes":""},"categories":[690,50],"tags":[],"class_list":["post-8980","post","type-post","status-publish","format-standard","has-post-thumbnail","category-690","category-congreso"],"_links":{"self":[{"href":"https:\/\/redsemlac.com\/semmexico\/wp-json\/wp\/v2\/posts\/8980","targetHints":{"allow":["GET"]}}],"collection":[{"href":"https:\/\/redsemlac.com\/semmexico\/wp-json\/wp\/v2\/posts"}],"about":[{"href":"https:\/\/redsemlac.com\/semmexico\/wp-json\/wp\/v2\/types\/post"}],"author":[{"embeddable":true,"href":"https:\/\/redsemlac.com\/semmexico\/wp-json\/wp\/v2\/users\/3"}],"replies":[{"embeddable":true,"href":"https:\/\/redsemlac.com\/semmexico\/wp-json\/wp\/v2\/comments?post=8980"}],"version-history":[{"count":0,"href":"https:\/\/redsemlac.com\/semmexico\/wp-json\/wp\/v2\/posts\/8980\/revisions"}],"wp:featuredmedia":[{"embeddable":true,"href":"https:\/\/redsemlac.com\/semmexico\/wp-json\/wp\/v2\/media\/8981"}],"wp:attachment":[{"href":"https:\/\/redsemlac.com\/semmexico\/wp-json\/wp\/v2\/media?parent=8980"}],"wp:term":[{"taxonomy":"category","embeddable":true,"href":"https:\/\/redsemlac.com\/semmexico\/wp-json\/wp\/v2\/categories?post=8980"},{"taxonomy":"post_tag","embeddable":true,"href":"https:\/\/redsemlac.com\/semmexico\/wp-json\/wp\/v2\/tags?post=8980"}],"curies":[{"name":"wp","href":"https:\/\/api.w.org\/{rel}","templated":true}]}}