{"id":89798,"date":"2024-11-19T10:24:34","date_gmt":"2024-11-19T16:24:34","guid":{"rendered":"https:\/\/redsemlac.com\/semmexico\/?p=89798"},"modified":"2024-11-19T10:24:36","modified_gmt":"2024-11-19T16:24:36","slug":"en-pausa-30-proyectos-de-energias-renovables-daniela-medina","status":"publish","type":"post","link":"https:\/\/redsemlac.com\/semmexico\/en-pausa-30-proyectos-de-energias-renovables-daniela-medina\/","title":{"rendered":"En pausa, 30 proyectos de energ\u00edas renovables: Daniela Medina"},"content":{"rendered":"\n<p class=\"wp-block-paragraph\">Empresas del sector requieren de un esquema claro en los costos de transmisi\u00f3n para mejorar la competitividad, indica la Amdee<\/p>\n\n\n\n<p class=\"wp-block-paragraph\">Luis Romero<\/p>\n\n\n\n<p class=\"wp-block-paragraph\">SemM\u00e9xico \/ El Sol de M\u00e9xico, Cd. de M\u00e9xico, 19 de noviembre, 2024.- El sector de energ\u00edas&nbsp;renovables&nbsp;tiene en pausa alrededor de 30 proyectos de inversi\u00f3n que podr\u00edan contribuir al&nbsp;sistema de generaci\u00f3n el\u00e9ctrica&nbsp;del pa\u00eds, indic\u00f3 Daniela Medina, gerente de sostenibilidad de la&nbsp;Asociaci\u00f3n Mexicana de Energ\u00eda E\u00f3lica&nbsp;(Amdee).<\/p>\n\n\n\n<p class=\"wp-block-paragraph\">\u00abLos proyectos detenidos van creciendo cada d\u00eda, habl\u00e1bamos de por lo menos cerca de&nbsp;28 o 30 proyectos detenidos&nbsp;que estaban ya en un punto avanzado. Estos proyectos no se cancelaron, solo se pausaron, precisamente por la falta de reglas claras y certeza jur\u00eddica, pues no se ha podido avanzar\u00bb.<\/p>\n\n\n\n<p class=\"wp-block-paragraph\">En entrevista, Medina explic\u00f3 que estos proyectos representan una&nbsp;inversi\u00f3n&nbsp;estimada de entre&nbsp;10 mil y 15 mil millones de d\u00f3lares,&nbsp;muchos de los cuales est\u00e1n en etapas avanzadas de construcci\u00f3n o terminados, pero no han podido conectarse al&nbsp;sistema el\u00e9ctrico nacional.<\/p>\n\n\n\n<p class=\"wp-block-paragraph\">Medina&nbsp;dijo que una de las principales&nbsp;demandas&nbsp;del sector es la definici\u00f3n de un esquema claro para los costos de&nbsp;transmisi\u00f3n, conocidos como&nbsp;porteo, lo que permitir\u00eda reducir costos y mejorar la competitividad de las&nbsp;energ\u00edas renovables.<\/p>\n\n\n\n<p class=\"wp-block-paragraph\"><img loading=\"lazy\" decoding=\"async\" width=\"635\" height=\"396\" src=\"https:\/\/lh7-rt.googleusercontent.com\/docsz\/AD_4nXdovcHMgOGF9oTVVJROwtIhXJxAgeOpwbl865sg2V2ueLYyia6g-_lu67kSWwRq_3YDcYe39rifVSnWsw3fUvpIQ9vLjGdATzCUvdzVrr_JP8QXlG8YSVAi7OB15euldfw5plgP7zQvToYRc7CMWss?key=b4m1ROydqzvnulXUOhBwF2KZ\" alt=\"Humo saliendo de las nubes\n\nDescripci\u00f3n generada autom\u00e1ticamente con confianza media\"><\/p>\n\n\n\n<p class=\"wp-block-paragraph\">Oaxaca es una de las regiones con proyectos de energ\u00edas renovables \/ Foto: Cortes\u00eda AMDEE .ORG<\/p>\n\n\n\n<p class=\"wp-block-paragraph\">\u00abLa regulaci\u00f3n debe permitir un esquema que garantice la atenci\u00f3n energ\u00e9tica sostenible e incluya la participaci\u00f3n del sector privado\u00bb, coment\u00f3.<\/p>\n\n\n\n<p class=\"wp-block-paragraph\">La&nbsp;Amdee, que representa a m\u00e1s de&nbsp;40 empresas del sector e\u00f3lico&nbsp;en M\u00e9xico, afirm\u00f3 que al menos&nbsp;siete parques e\u00f3licos con una capacidad instalada conjunta de&nbsp;800 megavatios&nbsp;no han podido conectarse a la red el\u00e9ctrica. Estos proyectos est\u00e1n ubicados en&nbsp;Tamaulipas y Oaxaca.<\/p>\n\n\n\n<p class=\"wp-block-paragraph\">Medina indic\u00f3 que la suspensi\u00f3n de las&nbsp;subastas el\u00e9ctricas&nbsp;agrav\u00f3 la situaci\u00f3n, ya que eran fundamentales para&nbsp;garantizar precios competitivos&nbsp;y el cumplimiento de compromisos internacionales en materia de energ\u00eda limpia.<\/p>\n\n\n\n<p class=\"wp-block-paragraph\">El sector privado propone la eliminaci\u00f3n del porteo para proyectos renovables. Seg\u00fan la&nbsp;Amdee, esta medida podr\u00eda&nbsp;duplicar la capacidad instalada de energ\u00edas limpias, que actualmente representan solo el seis por ciento del total nacional. Medina destac\u00f3 que tres de los siete parques e\u00f3licos listos podr\u00edan operar en un plazo de tres meses, mientras que los dem\u00e1s esperan respuesta a sus solicitudes de interconexi\u00f3n.<\/p>\n","protected":false},"excerpt":{"rendered":"<p>Empresas del sector requieren de un esquema claro en los costos de transmisi\u00f3n para mejorar la competitividad, indica la Amdee Luis Romero SemM\u00e9xico \/ El Sol de M\u00e9xico, Cd. de M\u00e9xico, 19 de noviembre, 2024.- El sector de energ\u00edas&nbsp;renovables&nbsp;tiene en pausa alrededor de 30 proyectos de inversi\u00f3n que podr\u00edan contribuir al&nbsp;sistema de generaci\u00f3n el\u00e9ctrica&nbsp;del pa\u00eds, [&hellip;]<\/p>\n","protected":false},"author":3,"featured_media":89801,"comment_status":"open","ping_status":"open","sticky":false,"template":"","format":"standard","meta":{"_monsterinsights_skip_tracking":false,"footnotes":""},"categories":[206],"tags":[],"class_list":["post-89798","post","type-post","status-publish","format-standard","has-post-thumbnail","category-entrevistas"],"_links":{"self":[{"href":"https:\/\/redsemlac.com\/semmexico\/wp-json\/wp\/v2\/posts\/89798","targetHints":{"allow":["GET"]}}],"collection":[{"href":"https:\/\/redsemlac.com\/semmexico\/wp-json\/wp\/v2\/posts"}],"about":[{"href":"https:\/\/redsemlac.com\/semmexico\/wp-json\/wp\/v2\/types\/post"}],"author":[{"embeddable":true,"href":"https:\/\/redsemlac.com\/semmexico\/wp-json\/wp\/v2\/users\/3"}],"replies":[{"embeddable":true,"href":"https:\/\/redsemlac.com\/semmexico\/wp-json\/wp\/v2\/comments?post=89798"}],"version-history":[{"count":0,"href":"https:\/\/redsemlac.com\/semmexico\/wp-json\/wp\/v2\/posts\/89798\/revisions"}],"wp:featuredmedia":[{"embeddable":true,"href":"https:\/\/redsemlac.com\/semmexico\/wp-json\/wp\/v2\/media\/89801"}],"wp:attachment":[{"href":"https:\/\/redsemlac.com\/semmexico\/wp-json\/wp\/v2\/media?parent=89798"}],"wp:term":[{"taxonomy":"category","embeddable":true,"href":"https:\/\/redsemlac.com\/semmexico\/wp-json\/wp\/v2\/categories?post=89798"},{"taxonomy":"post_tag","embeddable":true,"href":"https:\/\/redsemlac.com\/semmexico\/wp-json\/wp\/v2\/tags?post=89798"}],"curies":[{"name":"wp","href":"https:\/\/api.w.org\/{rel}","templated":true}]}}