{"id":89792,"date":"2024-11-19T10:09:21","date_gmt":"2024-11-19T16:09:21","guid":{"rendered":"https:\/\/redsemlac.com\/semmexico\/?p=89792"},"modified":"2024-11-19T10:09:21","modified_gmt":"2024-11-19T16:09:21","slug":"en-los-proximos-anos-la-cooperacion-entre-mexico-y-eua-podria-ser-dura-pragmatica-y-rispida","status":"publish","type":"post","link":"https:\/\/redsemlac.com\/semmexico\/en-los-proximos-anos-la-cooperacion-entre-mexico-y-eua-podria-ser-dura-pragmatica-y-rispida\/","title":{"rendered":"En los pr\u00f3ximos a\u00f1os la cooperaci\u00f3n entre M\u00e9xico y EUA\u00a0 podr\u00eda ser dura, pragm\u00e1tica y r\u00edspida"},"content":{"rendered":"\n<p class=\"wp-block-paragraph\">Luego del proceso electoral en el vecino pa\u00eds del norte, no va a poder deportar a 11 millones de personas indocumentadas en cuatro a\u00f1os<\/p>\n\n\n\n<p class=\"wp-block-paragraph\">Silvia N\u00fa\u00f1ez Garc\u00eda, Mariana Aparicio, Claudia Maya y Tom\u00e1s Milton Mu\u00f1oz explicaron la situaci\u00f3n que prevalece y los escenarios en la relaci\u00f3n con el regreso de Donald Trump a la Casa Blanca<\/p>\n\n\n\n<p class=\"wp-block-paragraph\">Redacci\u00f3n<\/p>\n\n\n\n<p class=\"wp-block-paragraph\">SemM\u00e9xico, Cd. de M\u00e9xico, 19 de noviembre, 2024.-Tres especialistas, analistas y profesoras universitarias&nbsp; analizan las dificultades que tendr\u00e1 la presidenta Caludia Seheimbaun Pardo con Estados Unidos, luego del triungo de Donald Trupm.&nbsp;<\/p>\n\n\n\n<p class=\"wp-block-paragraph\">Silvia N\u00fa\u00f1ez Garc\u00eda, Mariana Aparicio Ram\u00edrez y&nbsp; Claudia Maya L\u00f3pez, profesoras investigadoras, analizaron algunos escenarios, la migraci\u00f3n, la frontera y las relaciones pol\u00edticas, en un ejercicio acad\u00e9mico, preocupadas por el pa\u00eds.<\/p>\n\n\n\n<p class=\"wp-block-paragraph\">As\u00ed resumen que con el triunfo de Donald Trump en la elecci\u00f3n para presidente de Estados Unidos (EUA), M\u00e9xico enfrentar\u00e1 dificultades en su relaci\u00f3n con el vecino pa\u00eds del norte y debe estar prevenido para situaciones como la detenci\u00f3n y el retorno en masa de mexicanos y de otros latinos, destacaron acad\u00e9micas y acad\u00e9micos de la UNAM.<\/p>\n\n\n\n<p class=\"wp-block-paragraph\">En la mesa Implicaciones de la elecci\u00f3n presidencial en Estados Unidos: Minor\u00edas, migraci\u00f3n, seguridad y econom\u00eda, en la Facultad de Ciencias Pol\u00edticas y Sociales (FCPyS), Silvia N\u00fa\u00f1ez Garc\u00eda, exdirectora e investigadora del Centro de Investigaciones sobre Am\u00e9rica del Norte (CISAN), consider\u00f3:&nbsp;<\/p>\n\n\n\n<p class=\"wp-block-paragraph\">Aunque M\u00e9xico enfrentar\u00e1 dificultades en su relaci\u00f3n con los Estados Unidos, \u201ctendremos capacidad para vernos de frente\u201d. &nbsp;<\/p>\n\n\n\n<p class=\"wp-block-paragraph\">\u201cEstamos condenados a ser vecinos, no podemos renunciar a esto\u201d, y en este momento de tantos retos, nuestra vecindad tendr\u00e1 que ser apuntalada a partir de un nuevo proyecto de pol\u00edtica exterior, porque \u201cest\u00e1 en la lona\u201d.<\/p>\n\n\n\n<p class=\"wp-block-paragraph\">&nbsp;En ese sentido, detall\u00f3 que en la administraci\u00f3n anterior se asignaron pocos recursos a la Canciller\u00eda y \u201cM\u00e9xico se borr\u00f3 de ser un actor participativo en el escenario internacional. Tenemos que recuperar esa parte\u201d.&nbsp;<\/p>\n\n\n\n<p class=\"wp-block-paragraph\">La experta dijo que en nuestro pa\u00eds no podemos darnos el lujo de improvisar; debemos tener capacidad para \u201cnavegar\u201d con dem\u00f3cratas o republicanos, y aprender a dimensionar el riesgo de nuestras decisiones en pol\u00edtica exterior; de otro modo continuaremos siendo una naci\u00f3n que se subordina a los intereses de los Estados Unidos.<\/p>\n\n\n\n<p class=\"wp-block-paragraph\">N\u00fa\u00f1ez Garc\u00eda mencion\u00f3 que m\u00e1s all\u00e1 del triunfo de los republicanos, la sociedad estadounidense sigue dividida. Trump obtuvo 74.5 millones de votos y Kamala Harris, 69 millones. Eso significa que la esencia de una sociedad progresista se mantiene en la Uni\u00f3n Americana, y aquello que lo gravit\u00f3 en la elecci\u00f3n fue el bolsillo de los votantes.&nbsp;<\/p>\n\n\n\n<p class=\"wp-block-paragraph\"><strong>Estrategia conocida<\/strong><\/p>\n\n\n\n<p class=\"wp-block-paragraph\">&nbsp;Mariana Aparicio Ram\u00edrez, integrante del Observatorio de la Relaci\u00f3n Binacional M\u00e9xico-Estados Unidos, adscrito al Centro de Relaciones Internacionales (CRI) de la FCPyS, se\u00f1al\u00f3 que la frontera y la seguridad (temas fundamentales de la relaci\u00f3n bilateral) est\u00e1n vinculados con otros dos: la pol\u00edtica migratoria y comercial.<\/p>\n\n\n\n<p class=\"wp-block-paragraph\">Si a partir de la perspectiva del pr\u00f3ximo presidente estadounidense M\u00e9xico no hace lo necesario en t\u00e9rminos de seguridad, frontera y detenci\u00f3n migratoria, la amenaza de imponer aranceles \u201cser\u00e1 una estrategia que ya conocemos\u201d. La cooperaci\u00f3n entre ambas naciones podr\u00eda ser dura, pragm\u00e1tica y por momentos r\u00edspida, estim\u00f3 la universitaria.&nbsp;<\/p>\n\n\n\n<p class=\"wp-block-paragraph\">El futuro residente de la Casa Blanca ha hablado de sellar la frontera y detener la migraci\u00f3n; \u201cme parece que es viable y m\u00e1s cercano de lo que parece\u201d, y M\u00e9xico debe estar preparado para detenciones y el retorno en masa de mexicanos y de otros latinos. Trump tiene el apoyo de la ciudadan\u00eda y eso significa que lo pol\u00edticamente incorrecto puede ser pol\u00edticamente viable, advirti\u00f3.&nbsp;<\/p>\n\n\n\n<p class=\"wp-block-paragraph\">Tambi\u00e9n ser\u00eda posible que en EUA se catalogara a los c\u00e1rteles de la droga mexicanos como grupos terroristas y eso determinar\u00eda una nueva relaci\u00f3n en la frontera y tendr\u00eda implicaciones en la pol\u00edtica de seguridad, a\u00f1adi\u00f3 Aparicio Ram\u00edrez.&nbsp;<\/p>\n\n\n\n<p class=\"wp-block-paragraph\">Claudia Maya L\u00f3pez, tambi\u00e9n acad\u00e9mica del CISAN, record\u00f3 que M\u00e9xico tiene m\u00e1s de 80 por ciento de su comercio y actividad econ\u00f3mica vinculada con Estados Unidos. Pero m\u00e1s que una integraci\u00f3n, se trata de una dependencia, y con una imposici\u00f3n de aranceles nuestro pa\u00eds se ver\u00eda afectado.&nbsp;<\/p>\n\n\n\n<p class=\"wp-block-paragraph\">Contrario a la tendencia de Donald Trump de impulsar una econom\u00eda m\u00e1s proteccionista y depender cada vez menos del extranjero, nuestro pa\u00eds es una econom\u00eda abierta. Aqu\u00ed la pol\u00edtica comercial no est\u00e1 en funci\u00f3n de cimentar al mercado interno y dependemos de las remesas y las exportaciones, coment\u00f3.&nbsp;<\/p>\n\n\n\n<p class=\"wp-block-paragraph\">Adem\u00e1s, apunt\u00f3 que Trump va a hacer deportaciones y M\u00e9xico debe estar preparado para ello. Una buena opci\u00f3n para integrar a esos deportados al mercado de trabajo es agregarlos al campo y as\u00ed contribuir a satisfacer nuestras necesidades m\u00ednimas, \u201cporque importamos hasta el ma\u00edz de la tortilla que nos comemos\u201d.&nbsp;<\/p>\n\n\n\n<p class=\"wp-block-paragraph\">Propuso establecer pol\u00edticas p\u00fablicas de pleno empleo y mayor gasto en infraestructura para aminorar el problema de los migrantes y evitar que se conviertan en criminales, \u201cporque en este pa\u00eds el principal empleador es el narco\u201d.<\/p>\n\n\n\n<figure class=\"wp-block-image\"><img decoding=\"async\" src=\"https:\/\/lh7-rt.googleusercontent.com\/docsz\/AD_4nXflQBkXyU0ttnG0s6g2EycGjQenn3dqSZhvXp1s1i0fdy7wzBqE6itZLrUl17rezTNYrMEarmt_5gxfaPDoveej6LQ6ksXKwXdCHpF1Zptipj51BUYglQ_oHsDVxmQ8iw17wsu6mAnketXStmZqAXw?key=1XJXIoXQjUApsOvC-aex9V5j\" alt=\"Un hombre con lentes y una biblioteca\n\nDescripci\u00f3n generada autom\u00e1ticamente\"\/><\/figure>\n\n\n\n<p class=\"wp-block-paragraph\">Tom\u00e1s Milton Mu\u00f1oz Bravo, del CRI-FCPyS, calific\u00f3 como preocupante la pol\u00edtica migratoria de los siguientes cuatro a\u00f1os. La ret\u00f3rica antiinmigrante le funciona al empresario estadounidense, le da votos y le permite solidificar a su base; tendr\u00e1 discursos y reacciones xen\u00f3fobos y racistas.&nbsp;<\/p>\n\n\n\n<p class=\"wp-block-paragraph\">En su primer periodo como presidente subi\u00f3 en m\u00e1s de 30 por ciento el n\u00famero de actos de violencia contra minor\u00edas, y ahora los grupos neonazis y neofascistas se van a sentir empoderados y eso incrementar\u00e1 los cr\u00edmenes de odio; tambi\u00e9n se elevar\u00e1n en n\u00famero las separaciones familiares; disminuir\u00e1 la recepci\u00f3n de asilados y refugiados; y estar\u00e1n en riesgo programas como DACA (Acci\u00f3n Diferida para los Llegados en la Infancia) que beneficia a 553 mil j\u00f3venes.&nbsp;<\/p>\n\n\n\n<p class=\"wp-block-paragraph\">En este escenario, que no es nada positivo, es probable que disminuyan los recursos que EUA daba a organismos como la Agencia de la ONU para los Refugiados; y podr\u00eda haber enfrentamientos entre el gobierno federal con los denominados estados y ciudades \u201csantuario\u201d.&nbsp;<\/p>\n\n\n\n<p class=\"wp-block-paragraph\">Aunque Trump no va a poder deportar a 11 millones de personas indocumentadas en cuatro a\u00f1os, por el costo que eso implica, s\u00ed aumentar\u00e1n las redadas y el discurso de odio. A partir del sexenio pasado se dijo que se iban a invertir recursos para transformar los consulados en defensor\u00edas; no obstante, se les quit\u00f3 presupuesto. Se necesita replantear esto y que gente capaz del servicio diplom\u00e1tico mexicano est\u00e9 a cargo, finaliz\u00f3 Mu\u00f1oz Bravo.<\/p>\n","protected":false},"excerpt":{"rendered":"<p>Luego del proceso electoral en el vecino pa\u00eds del norte, no va a poder deportar a 11 millones de personas indocumentadas en cuatro a\u00f1os Silvia N\u00fa\u00f1ez Garc\u00eda, Mariana Aparicio, Claudia Maya y Tom\u00e1s Milton Mu\u00f1oz explicaron la situaci\u00f3n que prevalece y los escenarios en la relaci\u00f3n con el regreso de Donald Trump a la Casa [&hellip;]<\/p>\n","protected":false},"author":3,"featured_media":89794,"comment_status":"open","ping_status":"open","sticky":false,"template":"","format":"standard","meta":{"_monsterinsights_skip_tracking":false,"footnotes":""},"categories":[748],"tags":[],"class_list":["post-89792","post","type-post","status-publish","format-standard","has-post-thumbnail","category-cultura-feminista"],"_links":{"self":[{"href":"https:\/\/redsemlac.com\/semmexico\/wp-json\/wp\/v2\/posts\/89792","targetHints":{"allow":["GET"]}}],"collection":[{"href":"https:\/\/redsemlac.com\/semmexico\/wp-json\/wp\/v2\/posts"}],"about":[{"href":"https:\/\/redsemlac.com\/semmexico\/wp-json\/wp\/v2\/types\/post"}],"author":[{"embeddable":true,"href":"https:\/\/redsemlac.com\/semmexico\/wp-json\/wp\/v2\/users\/3"}],"replies":[{"embeddable":true,"href":"https:\/\/redsemlac.com\/semmexico\/wp-json\/wp\/v2\/comments?post=89792"}],"version-history":[{"count":0,"href":"https:\/\/redsemlac.com\/semmexico\/wp-json\/wp\/v2\/posts\/89792\/revisions"}],"wp:featuredmedia":[{"embeddable":true,"href":"https:\/\/redsemlac.com\/semmexico\/wp-json\/wp\/v2\/media\/89794"}],"wp:attachment":[{"href":"https:\/\/redsemlac.com\/semmexico\/wp-json\/wp\/v2\/media?parent=89792"}],"wp:term":[{"taxonomy":"category","embeddable":true,"href":"https:\/\/redsemlac.com\/semmexico\/wp-json\/wp\/v2\/categories?post=89792"},{"taxonomy":"post_tag","embeddable":true,"href":"https:\/\/redsemlac.com\/semmexico\/wp-json\/wp\/v2\/tags?post=89792"}],"curies":[{"name":"wp","href":"https:\/\/api.w.org\/{rel}","templated":true}]}}