{"id":89789,"date":"2024-11-19T09:31:13","date_gmt":"2024-11-19T15:31:13","guid":{"rendered":"https:\/\/redsemlac.com\/semmexico\/?p=89789"},"modified":"2024-11-19T09:31:13","modified_gmt":"2024-11-19T15:31:13","slug":"25n-intolerancia-llave-de-las-violencias-en-cambio-respeto-a-ideas-y-practicas-la-salida","status":"publish","type":"post","link":"https:\/\/redsemlac.com\/semmexico\/25n-intolerancia-llave-de-las-violencias-en-cambio-respeto-a-ideas-y-practicas-la-salida\/","title":{"rendered":"25N Intolerancia, llave de las violencias, en cambio\u00a0 respeto a ideas y pr\u00e1cticas la salida\u00a0"},"content":{"rendered":"\n<p class=\"wp-block-paragraph\">La convivencia arm\u00f3nica de las diferencias, es el camino\u00a0<\/p>\n\n\n\n<p class=\"wp-block-paragraph\">Andrea Kenya S\u00e1nchez Zepeda, en la UNAM, por el d\u00eda internacional de la Tolerancia\u00a0 que se conmemora el 16 de noviembre<\/p>\n\n\n\n<p class=\"wp-block-paragraph\">Redacci\u00f3n&nbsp;<\/p>\n\n\n\n<p class=\"wp-block-paragraph\">SemM\u00e9xico, Ciudad de M\u00e9xico, 19 de noviembre, 2024.- Respetar las ideas, creencias y pr\u00e1cticas de los dem\u00e1s cuando son contrarias a las propias es tolerancia, un valor fundamental para fomentar el aprecio al pluralismo en todas sus formas. \u201cEs la convivencia arm\u00f3nica de las diferencias\u201d, resume la profesora de la Escuela Nacional de Trabajo Social (ENTS) de la UNAM, Andrea Kenya S\u00e1nchez Zepeda.<\/p>\n\n\n\n<p class=\"wp-block-paragraph\">Al abordar el tema con motivo del D\u00eda Internacional de la Tolerancia, que se conmemora a partir de 1996 el 16 de noviembre, a propuesta de la Organizaci\u00f3n de las Naciones Unidas, aniversario del natalicio de Mahatma Gandhi, destaca:<\/p>\n\n\n\n<p class=\"wp-block-paragraph\">\u201cTolerar no significa aguantar o soportar, lo que esconde un sometimiento; implica respetar y aceptar algo distinto a lo que pensamos, vi\u00e9ndolo de igual a igual\u201d.<\/p>\n\n\n\n<p class=\"wp-block-paragraph\">Como seres sociales, los humanos debemos considerar las diferencias de ideas, cultura, religi\u00f3n, caracter\u00edsticas f\u00edsicas y condiciones socioecon\u00f3micas, rubros que con frecuencia distinguen entre individuos y colectividades, enfatiza la universitaria.<\/p>\n\n\n\n<p class=\"wp-block-paragraph\">\u201cSe debe abordar desde los derechos humanos, pues implica el reconocimiento de estos y de las libertades fundamentales de las dem\u00e1s personas\u201d, apunta.<\/p>\n\n\n\n<figure class=\"wp-block-image\"><img decoding=\"async\" src=\"https:\/\/lh7-rt.googleusercontent.com\/docsz\/AD_4nXeemIBrM7nK8DVjwS5kZq-mcnnVzlKBOaf_OxmZoRpLWSJk0mH3-MnHxNEdCN4R6SCBdjX3G7oXte6cI7KYzbHqJBiZiOgNfhFHA__IsQhz78BfZO6W-PN4KsjUTBfWSLraObynMDcfwQRl3GMgYmI?key=JRiQGjD2grjDTq9dP8Jk804A\" alt=\"Un hombre con lentes sentado en una silla\n\nDescripci\u00f3n generada autom\u00e1ticamente con confianza media\"\/><\/figure>\n\n\n\n<p class=\"wp-block-paragraph\">S\u00e1nchez Zepeda explica que la familia es la primera estructura en donde la poblaci\u00f3n infantil aprende, o no, a ser tolerantes. \u201cEs abierta y mutable en su estructura, no es una burbuja aislada, sino que intercambia conocimientos, valores y cultura con la sociedad en que se desarrolla. Todos tenemos ideas y creencias heredadas de nuestra historia, del entorno inmediato y del pa\u00eds de donde somos\u201d.<\/p>\n\n\n\n<p class=\"wp-block-paragraph\">\u201cLa intolerancia es la llave de las violencias. A partir de ella se genera discriminaci\u00f3n, abuso, acoso,&nbsp;<em>bullying<\/em>, falta de l\u00edmites y repetici\u00f3n de estereotipos. Al aprenderlos desde la casa es dif\u00edcil erradicarla, pues se refuerza en la escuela\u201d, precisa.<\/p>\n\n\n\n<p class=\"wp-block-paragraph\">La especialista resalta que una vida familiar democr\u00e1tica ser\u00eda lo ideal para fomentar la tolerancia entre las nuevas generaciones. Afortunadamente, entre las juventudes existen m\u00e1s inquietudes y apertura para aceptar lo distinto o contrario a lo propio, pero a\u00fan hay mucho que avanzar.<\/p>\n\n\n\n<p class=\"wp-block-paragraph\">Existen algunos logros a los derechos de las mujeres y a las diversidades sexo-gen\u00e9ricas, pero no son las \u00fanicas \u00e1reas en donde hay diferencias; tambi\u00e9n las hay en nuestro origen \u00e9tnico, nivel socioecon\u00f3mico e incluso acad\u00e9mico, asevera.<\/p>\n\n\n\n<p class=\"wp-block-paragraph\">S\u00e1nchez Zepeda reconoce que la UNAM ha tenido cambios significativos y estructurales respecto a la igualdad de g\u00e9nero y a la diversidad sexual. \u201cTenemos que ampliar la mirada, avanzar en la parte cultural y de clase social para poder erradicar la discriminaci\u00f3n estructural\u201d, entre otros aspectos, opina.<\/p>\n\n\n\n<p class=\"wp-block-paragraph\">La universitaria rememora: en la ENTS fuimos pioneras en instalar en la UNAM la Unidad de Igualdad de G\u00e9nero, una iniciativa que se ha replicado en varias entidades de la Universidad, mediante la cual se fomentan t\u00e9cnicas vivenciales y corporales para que las y los j\u00f3venes tengan experiencias respecto del sentir y pensar del otro.<\/p>\n\n\n\n<p class=\"wp-block-paragraph\">Tambi\u00e9n hay los llamados grupos de pares, en los que los estudiantes ofrecen pl\u00e1ticas para tratar alg\u00fan tema; las y los docentes imparten cursos y talleres.<\/p>\n","protected":false},"excerpt":{"rendered":"<p>La convivencia arm\u00f3nica de las diferencias, es el camino\u00a0 Andrea Kenya S\u00e1nchez Zepeda, en la UNAM, por el d\u00eda internacional de la Tolerancia\u00a0 que se conmemora el 16 de noviembre Redacci\u00f3n&nbsp; SemM\u00e9xico, Ciudad de M\u00e9xico, 19 de noviembre, 2024.- Respetar las ideas, creencias y pr\u00e1cticas de los dem\u00e1s cuando son contrarias a las propias es [&hellip;]<\/p>\n","protected":false},"author":3,"featured_media":89790,"comment_status":"open","ping_status":"open","sticky":false,"template":"","format":"standard","meta":{"_monsterinsights_skip_tracking":false,"footnotes":""},"categories":[1],"tags":[],"class_list":["post-89789","post","type-post","status-publish","format-standard","has-post-thumbnail","category-uncategorized"],"_links":{"self":[{"href":"https:\/\/redsemlac.com\/semmexico\/wp-json\/wp\/v2\/posts\/89789","targetHints":{"allow":["GET"]}}],"collection":[{"href":"https:\/\/redsemlac.com\/semmexico\/wp-json\/wp\/v2\/posts"}],"about":[{"href":"https:\/\/redsemlac.com\/semmexico\/wp-json\/wp\/v2\/types\/post"}],"author":[{"embeddable":true,"href":"https:\/\/redsemlac.com\/semmexico\/wp-json\/wp\/v2\/users\/3"}],"replies":[{"embeddable":true,"href":"https:\/\/redsemlac.com\/semmexico\/wp-json\/wp\/v2\/comments?post=89789"}],"version-history":[{"count":0,"href":"https:\/\/redsemlac.com\/semmexico\/wp-json\/wp\/v2\/posts\/89789\/revisions"}],"wp:featuredmedia":[{"embeddable":true,"href":"https:\/\/redsemlac.com\/semmexico\/wp-json\/wp\/v2\/media\/89790"}],"wp:attachment":[{"href":"https:\/\/redsemlac.com\/semmexico\/wp-json\/wp\/v2\/media?parent=89789"}],"wp:term":[{"taxonomy":"category","embeddable":true,"href":"https:\/\/redsemlac.com\/semmexico\/wp-json\/wp\/v2\/categories?post=89789"},{"taxonomy":"post_tag","embeddable":true,"href":"https:\/\/redsemlac.com\/semmexico\/wp-json\/wp\/v2\/tags?post=89789"}],"curies":[{"name":"wp","href":"https:\/\/api.w.org\/{rel}","templated":true}]}}