{"id":89786,"date":"2024-11-19T09:27:13","date_gmt":"2024-11-19T15:27:13","guid":{"rendered":"https:\/\/redsemlac.com\/semmexico\/?p=89786"},"modified":"2024-11-19T09:27:14","modified_gmt":"2024-11-19T15:27:14","slug":"cubanas-omara-durand-elias-las-atletas-somos-mujeres-valientes","status":"publish","type":"post","link":"https:\/\/redsemlac.com\/semmexico\/cubanas-omara-durand-elias-las-atletas-somos-mujeres-valientes\/","title":{"rendered":"Cubanas: Omara Durand El\u00edas, \u00ablas atletas somos mujeres valientes\u00bb"},"content":{"rendered":"\n<p class=\"wp-block-paragraph\"><br>Lisandra Fari\u00f1as<br><\/p>\n\n\n\n<p class=\"wp-block-paragraph\">SemM\u00e9xico\/SEMlac, La Habana, Cuba, 19 de&nbsp; noviembre, 2024.- Omara Durand El\u00edas cree en los sue\u00f1os, pero sobre todo en la perseverancia para conseguirlos. No se autodefine como una mujer valiente, pero cuando enumera el sacrificio que hacen las atletas para lograr sus metas, sin duda alguna refiere que hay que tener mucho coraje.<br>As\u00ed ha sido la vida de esta santiaguera, una mujer en situaci\u00f3n de discapacidad visual que a sus casi 33 a\u00f1os, y como velocista de alto rendimiento, conquist\u00f3 11 medallas paral\u00edmpicas, todas de oro; otras 14 medallas doradas en Campeonatos del Mundo e impuso tres r\u00e9cords mundiales.<\/p>\n\n\n\n<p class=\"wp-block-paragraph\"><br>\u00abSoy de las que pienso que so\u00f1ar es maravilloso, hay muchos sue\u00f1os que se hacen realidad\u00bb, afirm\u00f3 a SEMlac Durand El\u00edas, quien considera que una persona con discapacidad puede hacer lo que quiera, pero el primer paso es aceptarse a s\u00ed misma tal y como es.<\/p>\n\n\n\n<p class=\"wp-block-paragraph\"><br>Madre y licenciada en Cultura F\u00edsica, relat\u00f3 que el camino hacia sus resultados en el deporte comenz\u00f3 en su amada Santiago de Cuba -provincia del oriente de la naci\u00f3n caribe\u00f1a, a 874 kil\u00f3metros de La Habana- cuando a los siete a\u00f1os de edad su profesor de Educaci\u00f3n F\u00edsica, Reinaldo Cascar\u00e9 Castillo, se percat\u00f3 de que ella ten\u00eda condiciones para el atletismo.<\/p>\n\n\n\n<p class=\"wp-block-paragraph\"><br>Entonces cursaba estudios en la escuela para ni\u00f1os ciegos y d\u00e9biles visuales en el santiaguero poblado de Boniato, en su territorio. All\u00ed, adem\u00e1s de asignaturas como Matem\u00e1tica, Lengua Espa\u00f1ola e Historia, aprendi\u00f3 a arreglar la cama, ba\u00f1arse, peinarse, coser, lavar, cocinar, fregar y otras habilidades que le permitir\u00edan no depender de otros en su vida diaria y que tambi\u00e9n la prepararon para su inserci\u00f3n en la ense\u00f1anza general.<\/p>\n\n\n\n<p class=\"wp-block-paragraph\"><br>\u00abEstaba en octavo grado cuando empec\u00e9 en la Escuela Superior de Perfeccionamiento Atl\u00e9tico (Espa) provincial, pero nunca hab\u00eda estudiado ni hab\u00eda tenido tanto roce con adolescentes sin ning\u00fan tipo de discapacidad. Ese fue el primer choque, y no exactamente por m\u00ed, sino porque estos ni\u00f1os no tienen incorporado en su vida -y much\u00edsimas veces no saben- c\u00f3mo lidiar con una persona en esa situaci\u00f3n\u00bb, coment\u00f3.<\/p>\n\n\n\n<p class=\"wp-block-paragraph\"><br>Acostumbrarse a las clases, en un ambiente donde todos los profesores no ten\u00edan en cuenta sus caracter\u00edsticas, fue un desaf\u00edo e incluso en un momento lleg\u00f3 a deprimirse, pues sus resultados acad\u00e9micos disminuyeron. Sin embargo, en la medida en que todos se fueron adaptando y comenz\u00f3 a contar con el apoyo de sus compa\u00f1eros de clases, la barrera fue superada.<br>\u00abEse momento fue un aprendizaje para todos\u00bb, afirm\u00f3 Durand, quien rememor\u00f3 las amistades que llegaron y perduraron hasta la universidad, donde una de esas compa\u00f1eras, incluso, le dictaba lo que los maestros escrib\u00edan en la pizarra.<br>Omara Durand considera que para lograr lo que se desea no se puede ver a la discapacidad como un obst\u00e1culo. \u00abSomos seres humanos y ya. Y un ser humano llega a donde quiere, siempre que se lo propone\u00bb, enfatiz\u00f3.<\/p>\n\n\n\n<p class=\"wp-block-paragraph\"><br>Se\u00f1al\u00f3 que es cierto que en el camino se tropieza con dificultades y, sobre todo, con personas que \u00abtienen discapacidad en el coraz\u00f3n\u00bb,que no aceptan a una persona en situaci\u00f3n de discapacidad o que sienten que por esa raz\u00f3n no pueden hacer algo determinado.<\/p>\n\n\n\n<p class=\"wp-block-paragraph\"><br>\u00abCambiar la mente de un ser humano es dif\u00edcil\u00bb, valor\u00f3. Para ella, lo m\u00e1s importante es la manera en que la persona se ve a s\u00ed misma y la determinaci\u00f3n con la cual persigue sus sue\u00f1os.<\/p>\n\n\n\n<p class=\"wp-block-paragraph\"><br>En particular, Durand El\u00edas refiri\u00f3 que desde sus inicios hasta la actualidad el deporte para personas en situaci\u00f3n de discapacidad en el pa\u00eds ha evolucionado mucho, pero opin\u00f3 que a\u00fan es posible mejorarlo.<br>\u00abNecesitamos avanzar m\u00e1s y tenemos que volcarnos a hacer much\u00edsimas cosas para que el deporte para personas con discapacidad en Cuba sea&nbsp;diverso, se puedan practicar m\u00e1s deportes, llevar m\u00e1s deportes paral\u00edmpicos a juegos multidisciplinarios, pero esto necesita de mucha disposici\u00f3n y de mucho trabajo\u00bb, dijo.<br><strong><br><\/strong><strong>Nace una campeona<\/strong><\/p>\n\n\n\n<p class=\"wp-block-paragraph\"><br>Cuando era ni\u00f1a, Omara Durand no so\u00f1aba con ser campeona paral\u00edmpica ni mundial, ni recordista del mundo; sin embargo, con el tiempo, el atletismo se convirti\u00f3 en su pasi\u00f3n. \u00abLo \u00fanico que he hecho en toda mi vida ha sido correr\u00bb, remarc\u00f3.<br>Su carrera deportiva ha estado llena de momentos brillantes, pero tambi\u00e9n de mucho aprendizaje y sacrificio.<\/p>\n\n\n\n<p class=\"wp-block-paragraph\"><br>La participaci\u00f3n en los Juegos Paral\u00edmpicos de Beijing 2008 es para ella un momento triste, pues ten\u00eda una lesi\u00f3n y no lleg\u00f3 en forma \u00f3ptima a la competencia, de manera que se fue sin medallas del evento.<\/p>\n\n\n\n<p class=\"wp-block-paragraph\"><br>\u00abEso caus\u00f3 dolor, frustraciones, pero tambi\u00e9n entend\u00ed que los atletas tenemos que ser responsables, disciplinados, aprend\u00ed c\u00f3mo evitar una lesi\u00f3n, aunque a veces son inevitables\u00bb, detall\u00f3.<\/p>\n\n\n\n<p class=\"wp-block-paragraph\"><br>\u00abBeijing para m\u00ed fue una experiencia para que no se repitiera lo mismo en otra competencia y sal\u00ed con mucha fuerza para seguir adelante en el deporte y con much\u00edsimos deseos de alcanzar una medalla en otros Juegos Paral\u00edmpicos\u00bb, record\u00f3.<br>El triunfo lleg\u00f3 en Londres 2012, con dos medallas de oro, una en 100 y otra en 400 metros planos, y donde compiti\u00f3 sin saber que estaba embarazada.<\/p>\n\n\n\n<p class=\"wp-block-paragraph\"><br>\u00abDecid\u00ed tener a mi beb\u00e9 y no fue un obst\u00e1culo para nada ser atleta y mam\u00e1 a la vez. Adem\u00e1s, tuve el apoyo incondicional de mi mam\u00e1 y mi esposo, que jugaron un papel s\u00faper importante para yo seguir adelante en el deporte. A los tres meses del parto me reincorpor\u00e9 y mis mejores resultados deportivos de toda la vida fueron despu\u00e9s de haber sido madre. O sea, mi hija ha sido una bendici\u00f3n en todos los sentidos\u00bb, reflexion\u00f3.<\/p>\n\n\n\n<p class=\"wp-block-paragraph\"><br>El proceso de la maternidad trajo consigo una revaluaci\u00f3n en la clasificaci\u00f3n visual, debido a la p\u00e9rdida de visi\u00f3n, lo que signific\u00f3 que la ubicaran en la categor\u00eda T12 y comenzara a correr con un gu\u00eda.<\/p>\n\n\n\n<p class=\"wp-block-paragraph\"><br>En la trayectoria de la deportista Omara Durand El\u00edas ha sido medular la presencia de la entrenadora M\u00edriam Ferrer. Ella la tom\u00f3 de la mano cuando era una adolescente y la condujo en todos sus resultados deportivos, por lo cual la joven santiaguera considera que la profesora merece todos los halagos y reconocimientos.<\/p>\n\n\n\n<p class=\"wp-block-paragraph\"><br>Ferrer fue tambi\u00e9n la persona que llev\u00f3 a Yuniol Kindel\u00e1n a la vida de Durand, una vez que el colectivo t\u00e9cnico y ella decidieron correr con un gu\u00eda. Kindel\u00e1n hab\u00eda causado baja del equipo nacional de atletismo, corr\u00eda 400 metros, pero la entrenadora consider\u00f3 que ten\u00eda las cualidades para trabajar con la campeona y comenzaron juntos en 2015.<\/p>\n\n\n\n<p class=\"wp-block-paragraph\"><br>\u00abCompetimos por primera vez en un campeonato mundial en ese mismo a\u00f1o en Qatar y ah\u00ed fue donde empezamos a tener resultados s\u00faper relevantes. De hecho, en esa competencia alcanzamos tres medallas de oro en 100, 200 y 400 metros planos, incluso con r\u00e9cords mundiales. A partir de ese momento estuvimos trabajando juntos durante nueve a\u00f1os; nunca corr\u00ed con otro gu\u00eda que no fuese Yuniol y \u00e9l nunca ha corrido con otra atleta\u00bb, coment\u00f3 a SEMlac.<\/p>\n\n\n\n<p class=\"wp-block-paragraph\"><br>A\u00f1adi\u00f3 que son muy buenos amigos y crearon una hermandad para toda la vida. Gracias a nuestra amistad, a lo bien que siempre supimos lidiar el uno con el otro, es que llegamos tan lejos, valor\u00f3.<\/p>\n\n\n\n<p class=\"wp-block-paragraph\"><br>La deportista refiri\u00f3 no tener secretos para sus resultados, pero s\u00ed herramientas, como la disciplina y la perseverancia.<\/p>\n\n\n\n<p class=\"wp-block-paragraph\"><br>\u00abTodos los d\u00edas entrenaba con mucha fuerza de voluntad. Incluso, ya en los \u00faltimos tiempos la fuerza de voluntad se impuso much\u00edsimo, porque entrenaba con muchas limitaciones, pues llegaron los achaques, las lesiones me golpeaban con m\u00e1s frecuencia y tuve que entrenar innumerables veces aguantando dolores para llegar a los Juegos Paral\u00edmpicos en mi mejor forma\u00bb.<\/p>\n\n\n\n<p class=\"wp-block-paragraph\"><br>Record\u00f3 que bajar de peso luego de la maternidad y volver a fortalecer todos los planos musculares para regresar a los entrenamientos fue un reto grande, adem\u00e1s de lactar y entrenar. Tambi\u00e9n tener que dejar de amamantar a su ni\u00f1a o irse a una base de entrenamiento y dejarla peque\u00f1ita fueron procesos dif\u00edciles en los cuales, insisti\u00f3, fue vital el apoyo de su mam\u00e1 y su esposo.<br><br><strong>Ser atleta y mujer<\/strong><\/p>\n\n\n\n<p class=\"wp-block-paragraph\">Experiencias como las de Durand El\u00edas matizan la vida de las mujeres en el deporte, para quienes lidiar con cuestiones cotidianas, como el periodo menstrual, marcan muchas veces las diferencias.<\/p>\n\n\n\n<p class=\"wp-block-paragraph\"><br>\u00abNo podemos parar y psicol\u00f3gicamente tenemos que ser fuertes. Nosotros nos preparamos en el entrenamiento para un d\u00eda espec\u00edfico, una hora espec\u00edfica, un minuto espec\u00edfico que no puede fallar, porque si falla ya pierdes todo el esfuerzo de a\u00f1os\u00bb, dijo.<\/p>\n\n\n\n<p class=\"wp-block-paragraph\"><br>Los problemas familiares, la maternidad, todo debe quedar a un lado al momento de competir y para eso se requiere ser muy valiente, opin\u00f3 Durand, quien en las pistas tiene como modelo a la cubana Ana Fidelia Quirot, pero en la vida tiene a su madre como referente. \u00abNunca nos dio un mal ejemplo. Ella no ten\u00eda cosas materiales que brindarnos, pero si nos inculc\u00f3 muchos valores bonitos\u00bb, dijo.<\/p>\n\n\n\n<p class=\"wp-block-paragraph\"><br>Ahora que se retir\u00f3 del deporte activo desea superarse profesionalmente y seguir apoyando y colaborando con el deporte paral\u00edmpico. Se considera una mujer realizada y por eso no duda en alentar a las ni\u00f1as que sue\u00f1an con ser atletas.<\/p>\n\n\n\n<p class=\"wp-block-paragraph\"><br>A todas las que est\u00e1n en escuelas de iniciaci\u00f3n deportiva, a las ni\u00f1as en situaci\u00f3n de discapacidad: el deporte es una de las mayores fuentes de inclusi\u00f3n para cualquier ser humano, sostuvo.<\/p>\n\n\n\n<p class=\"wp-block-paragraph\"><br>Prop\u00f3nganse ser grandes, sue\u00f1en con ser grandes atletas y eso las va a llevar a ser fuertes, a sacrificarse y a conquistar lo que pudiera parecer imposible, afirm\u00f3.<\/p>\n","protected":false},"excerpt":{"rendered":"<p>Lisandra Fari\u00f1as SemM\u00e9xico\/SEMlac, La Habana, Cuba, 19 de&nbsp; noviembre, 2024.- Omara Durand El\u00edas cree en los sue\u00f1os, pero sobre todo en la perseverancia para conseguirlos. No se autodefine como una mujer valiente, pero cuando enumera el sacrificio que hacen las atletas para lograr sus metas, sin duda alguna refiere que hay que tener mucho coraje.As\u00ed [&hellip;]<\/p>\n","protected":false},"author":3,"featured_media":89787,"comment_status":"open","ping_status":"open","sticky":false,"template":"","format":"standard","meta":{"_monsterinsights_skip_tracking":false,"footnotes":""},"categories":[748],"tags":[],"class_list":["post-89786","post","type-post","status-publish","format-standard","has-post-thumbnail","category-cultura-feminista"],"_links":{"self":[{"href":"https:\/\/redsemlac.com\/semmexico\/wp-json\/wp\/v2\/posts\/89786","targetHints":{"allow":["GET"]}}],"collection":[{"href":"https:\/\/redsemlac.com\/semmexico\/wp-json\/wp\/v2\/posts"}],"about":[{"href":"https:\/\/redsemlac.com\/semmexico\/wp-json\/wp\/v2\/types\/post"}],"author":[{"embeddable":true,"href":"https:\/\/redsemlac.com\/semmexico\/wp-json\/wp\/v2\/users\/3"}],"replies":[{"embeddable":true,"href":"https:\/\/redsemlac.com\/semmexico\/wp-json\/wp\/v2\/comments?post=89786"}],"version-history":[{"count":0,"href":"https:\/\/redsemlac.com\/semmexico\/wp-json\/wp\/v2\/posts\/89786\/revisions"}],"wp:featuredmedia":[{"embeddable":true,"href":"https:\/\/redsemlac.com\/semmexico\/wp-json\/wp\/v2\/media\/89787"}],"wp:attachment":[{"href":"https:\/\/redsemlac.com\/semmexico\/wp-json\/wp\/v2\/media?parent=89786"}],"wp:term":[{"taxonomy":"category","embeddable":true,"href":"https:\/\/redsemlac.com\/semmexico\/wp-json\/wp\/v2\/categories?post=89786"},{"taxonomy":"post_tag","embeddable":true,"href":"https:\/\/redsemlac.com\/semmexico\/wp-json\/wp\/v2\/tags?post=89786"}],"curies":[{"name":"wp","href":"https:\/\/api.w.org\/{rel}","templated":true}]}}