{"id":89773,"date":"2024-11-19T09:07:54","date_gmt":"2024-11-19T15:07:54","guid":{"rendered":"https:\/\/redsemlac.com\/semmexico\/?p=89773"},"modified":"2024-11-19T09:07:55","modified_gmt":"2024-11-19T15:07:55","slug":"dictan-fallo-condenatorio-contra-empresario-por-abuso-sexual-infantil-agravado","status":"publish","type":"post","link":"https:\/\/redsemlac.com\/semmexico\/dictan-fallo-condenatorio-contra-empresario-por-abuso-sexual-infantil-agravado\/","title":{"rendered":"Dictan fallo condenatorio contra empresario por abuso sexual infantil agravado"},"content":{"rendered":"\n<ul class=\"wp-block-list\">\n<li>A dos a\u00f1os de su detenci\u00f3n en Oaxaca, un juez de Jalisco da la raz\u00f3n a las ni\u00f1as<\/li>\n\n\n\n<li>Peritos y MP de Oaxaca acuden a Jalisco para intervenir a favor del agresor<\/li>\n<\/ul>\n\n\n\n<p class=\"wp-block-paragraph\">Redacci\u00f3n<\/p>\n\n\n\n<p class=\"wp-block-paragraph\">SemM\u00e9xico, Guadalajara, Jal., 19 de noviembre, 2024.- Jorge Alberto V, obtuvo un fallo condenatorio por los delitos de abuso sexual infantil agravado y corrupci\u00f3n de menores cometidos en contra de sus dos hijas menores de edad, luego de la audiencia de juicio celebrada en el Centro Federal de Readaptaci\u00f3n Social (CEFERESO) de Puente Grande.<\/p>\n\n\n\n<p class=\"wp-block-paragraph\">Luego de una semana de audiencias, Claudia Casas, madre de las dos v\u00edctimas, relat\u00f3 que las agresiones ocurrieron en Oaxaca de Ju\u00e1rez, Guadalajara y la Ciudad de M\u00e9xico, lo que llev\u00f3 a la presentaci\u00f3n de denuncias ante las fiscal\u00edas de los tres estados. A pesar de las dificultades para que el caso fuera atendido en su totalidad, la denuncia en Jalisco fue la que avanz\u00f3 por lo que el empresario fue detenido en 2022 en Oaxaca y trasladado a Jalisco.<\/p>\n\n\n\n<p class=\"wp-block-paragraph\">Casas sostuvo que la defensa de Jorge Alberto V. present\u00f3 m\u00faltiples pruebas para desvirtuar los hechos ocurridos en Jalisco y otras entidades del pa\u00eds, para lo cual la Fiscal\u00eda de Oaxaca envi\u00f3 personal, entre peritos y Ministerios P\u00fablicos, que hicieron una exposici\u00f3n sin perspectiva de g\u00e9nero y ni pro-infancia, lo que fue evidenciado por el juez. Tanto los peritos de Oaxaca como los de Jalisco presentaron dict\u00e1menes sobre las afectaciones psicol\u00f3gicas y ginecol\u00f3gicas sufridas por las menores.<\/p>\n\n\n\n<p class=\"wp-block-paragraph\">Claudia Casas indic\u00f3 que durante la audiencia explic\u00f3 al juez c\u00f3mo los peritos y Ministerio P\u00fablico que se presentaron en la audiencia hab\u00edan obstruido el proceso en la carpeta de investigaci\u00f3n que se abri\u00f3 en Oaxaca, por lo que denunci\u00f3 diversos hechos corrupci\u00f3n y obst\u00e1culos por parte de las autoridades de Oaxaca.&nbsp;<\/p>\n\n\n\n<p class=\"wp-block-paragraph\">En un comunicado, la madre de las ni\u00f1as afectadas se\u00f1al\u00f3 que en Jalisco y Ciudad de M\u00e9xico las pruebas fueron contundentes.&nbsp;<\/p>\n\n\n\n<p class=\"wp-block-paragraph\">\u00abLas menores se\u00f1alaron de forma clara a su padre como el agresor y los peritajes confirmaron las afectaciones f\u00edsicas y psicol\u00f3gicas que sufrieron. En Oaxaca, la corrupci\u00f3n y la obstrucci\u00f3n de la justicia fueron un obst\u00e1culo para que el caso avanzara con la misma celeridad\u00bb.<\/p>\n\n\n\n<p class=\"wp-block-paragraph\">Jorge Alberto V, quien hab\u00eda llevado a su familia a vivir en diferentes estados, ha sido acusado de abusar de sus hijas en cada lugar donde residieron, lo que fue confirmado por los testimonios de las menores y las pruebas periciales. La sentencia condenatoria en Jalisco establece que el caso continuar\u00e1 en los tribunales federales, mientras que la cuantificaci\u00f3n de la reparaci\u00f3n del da\u00f1o y la duraci\u00f3n de la sentencia ser\u00e1n determinadas en una audiencia programada para este d\u00eda.<\/p>\n\n\n\n<p class=\"wp-block-paragraph\">Claudia Casas expres\u00f3 su esperanza de que, a pesar de la corrupci\u00f3n que encontr\u00f3 en Oaxaca, el proceso avance en los dem\u00e1s estados involucrados. \u00abMi lucha no es solo por la justicia de mis hijas, sino tambi\u00e9n para que las autoridades de Oaxaca contin\u00faen con la investigaci\u00f3n en ese estado\u00bb, afirm\u00f3.<\/p>\n\n\n\n<p class=\"wp-block-paragraph\">Adem\u00e1s de las denuncias y las dificultades legales, Casas se\u00f1al\u00f3 que su familia sufri\u00f3 amenazas y hostigamiento, tanto de la familia del imputado como de personas dentro de las instituciones que estaban involucradas en el caso. Esta violencia, agreg\u00f3, tambi\u00e9n se extendi\u00f3 a su vida laboral y a la educaci\u00f3n de sus hijas, quienes fueron v\u00edctimas de discriminaci\u00f3n por parte de autoridades escolares debido a las acusaciones contra su padre.<\/p>\n\n\n\n<p class=\"wp-block-paragraph\">Para Claudia y sus hijas, la condena dictada este 14 de noviembre en Jalisco, representa un avance significativo en la b\u00fasqueda de justicia para las v\u00edctimas de abuso infantil, aunque la madre de las menores mantiene la esperanza de que las investigaciones contin\u00faen y que el caso en Oaxaca tambi\u00e9n llegue a una resoluci\u00f3n justa.<\/p>\n\n\n\n<p class=\"wp-block-paragraph\">SEM\/sj<\/p>\n","protected":false},"excerpt":{"rendered":"<p>Redacci\u00f3n SemM\u00e9xico, Guadalajara, Jal., 19 de noviembre, 2024.- Jorge Alberto V, obtuvo un fallo condenatorio por los delitos de abuso sexual infantil agravado y corrupci\u00f3n de menores cometidos en contra de sus dos hijas menores de edad, luego de la audiencia de juicio celebrada en el Centro Federal de Readaptaci\u00f3n Social (CEFERESO) de Puente Grande. [&hellip;]<\/p>\n","protected":false},"author":3,"featured_media":89774,"comment_status":"open","ping_status":"open","sticky":false,"template":"","format":"standard","meta":{"_monsterinsights_skip_tracking":false,"footnotes":""},"categories":[48],"tags":[],"class_list":["post-89773","post","type-post","status-publish","format-standard","has-post-thumbnail","category-no-mas-impunidad-no-mas-impunidad"],"_links":{"self":[{"href":"https:\/\/redsemlac.com\/semmexico\/wp-json\/wp\/v2\/posts\/89773","targetHints":{"allow":["GET"]}}],"collection":[{"href":"https:\/\/redsemlac.com\/semmexico\/wp-json\/wp\/v2\/posts"}],"about":[{"href":"https:\/\/redsemlac.com\/semmexico\/wp-json\/wp\/v2\/types\/post"}],"author":[{"embeddable":true,"href":"https:\/\/redsemlac.com\/semmexico\/wp-json\/wp\/v2\/users\/3"}],"replies":[{"embeddable":true,"href":"https:\/\/redsemlac.com\/semmexico\/wp-json\/wp\/v2\/comments?post=89773"}],"version-history":[{"count":0,"href":"https:\/\/redsemlac.com\/semmexico\/wp-json\/wp\/v2\/posts\/89773\/revisions"}],"wp:featuredmedia":[{"embeddable":true,"href":"https:\/\/redsemlac.com\/semmexico\/wp-json\/wp\/v2\/media\/89774"}],"wp:attachment":[{"href":"https:\/\/redsemlac.com\/semmexico\/wp-json\/wp\/v2\/media?parent=89773"}],"wp:term":[{"taxonomy":"category","embeddable":true,"href":"https:\/\/redsemlac.com\/semmexico\/wp-json\/wp\/v2\/categories?post=89773"},{"taxonomy":"post_tag","embeddable":true,"href":"https:\/\/redsemlac.com\/semmexico\/wp-json\/wp\/v2\/tags?post=89773"}],"curies":[{"name":"wp","href":"https:\/\/api.w.org\/{rel}","templated":true}]}}