{"id":89767,"date":"2024-11-18T13:00:59","date_gmt":"2024-11-18T19:00:59","guid":{"rendered":"https:\/\/redsemlac.com\/semmexico\/?p=89767"},"modified":"2024-11-18T13:01:00","modified_gmt":"2024-11-18T19:01:00","slug":"25n-razones-para-asignar-presupuesto-a-la-igualdad-y-la-violencia-contra-las-mujeres","status":"publish","type":"post","link":"https:\/\/redsemlac.com\/semmexico\/25n-razones-para-asignar-presupuesto-a-la-igualdad-y-la-violencia-contra-las-mujeres\/","title":{"rendered":"25N. Razones para asignar presupuesto a la igualdad y la violencia contra las mujeres"},"content":{"rendered":"\n<p class=\"wp-block-paragraph\">Urge la atenci\u00f3n integral a las v\u00edctimas de violencia y la participaci\u00f3n de la sociedad civil<\/p>\n\n\n\n<p class=\"wp-block-paragraph\">Magdalena Caccia y Laura Mercedes Oyhantcabal<\/p>\n\n\n\n<p class=\"wp-block-paragraph\">SemM\u00e9xico, Cd. de M\u00e9xico, 18 de noviembre, 2024.-Es necesario que las pol\u00edticas p\u00fablicas destinadas a la promoci\u00f3n de la igualdad de g\u00e9nero incluyan en sus abordajes la identificaci\u00f3n de los discursos antig\u00e9nero y su posible impacto en la vida de las mujeres y disidencias.<\/p>\n\n\n\n<p class=\"wp-block-paragraph\">En esta l\u00ednea, corresponde fortalecer los mecanismos Insumos para el abordaje de la violencia de g\u00e9nero y los discursos neoconservadores en pol\u00edticas p\u00fablicas y en la intervenci\u00f3n social&nbsp; de respuesta institucional a la violencia de g\u00e9nero, incluyendo la implementaci\u00f3n de servicios de atenci\u00f3n y protecci\u00f3n a las v\u00edctimas, la promoci\u00f3n de una justicia con perspectiva de g\u00e9nero, y la creaci\u00f3n de mecanismos de denuncia y seguimiento efectivos.<\/p>\n\n\n\n<p class=\"wp-block-paragraph\">De ah\u00ed la importancia de una asignaci\u00f3n de recursos espec\u00edfica para una adecuada implementaci\u00f3n y seguimiento de planes y\/o proyectos que reconozcan las m\u00faltiples formas de discriminaci\u00f3n y violencia que enfrentan las mujeres &nbsp;en situaci\u00f3n de vulnerabilidad.<\/p>\n\n\n\n<p class=\"wp-block-paragraph\">En esta l\u00ednea, corresponde fortalecer los mecanismos Insumos para el abordaje de la violencia de g\u00e9nero y los discursos neoconservadores en pol\u00edticas p\u00fablicas y en la intervenci\u00f3n social&nbsp; de respuesta institucional a la violencia de g\u00e9nero, incluyendo la implementaci\u00f3n de servicios de atenci\u00f3n y protecci\u00f3n a las v\u00edctimas, la promoci\u00f3n de una justicia con perspectiva de g\u00e9nero, y la creaci\u00f3n de mecanismos de denuncia y seguimiento efectivos.<\/p>\n\n\n\n<p class=\"wp-block-paragraph\">Dichas pol\u00edticas deben considerar todas las manifestaciones de la violencia, entendiendo que las sociales, culturales, econ\u00f3micas y simb\u00f3licas suelen ser m\u00e1s invisibilizadas pero igualmente peligrosas.<\/p>\n\n\n\n<p class=\"wp-block-paragraph\">En relaci\u00f3n a esto, es necesaria la identificaci\u00f3n de las principales barreras y desaf\u00edos para abordar la violencia de g\u00e9nero en pol\u00edticas p\u00fablicas y en la intervenci\u00f3n social, destacando las limitaciones estructurales, culturales, normativas y de recursos.<\/p>\n\n\n\n<p class=\"wp-block-paragraph\">Para abordar la relaci\u00f3n entre discursos conservadores y violencia se precisar\u00e1 revisar actitudes y conductas sexistas naturalizadas que puedan estar obstaculizando el ejercicio de derechos.<\/p>\n\n\n\n<p class=\"wp-block-paragraph\">En esta l\u00ednea, resulta imprescindible fomentar la participaci\u00f3n activa de la academia, la sociedad civil, organizaciones de mujeres, grupos vulnerables y otros actores relevantes en la formulaci\u00f3n, implementaci\u00f3n y evaluaci\u00f3n de pol\u00edticas y programas relacionados con la violencia de g\u00e9nero y los discursos conservadores, asegurando que sus voces sean consideradas en la toma de decisiones y la definici\u00f3n de acciones.<\/p>\n\n\n\n<p class=\"wp-block-paragraph\">Por otra parte, igualmente importante resulta la promoci\u00f3n de la participaci\u00f3n masculina en las diferentes etapas de las pol\u00edticas, fomentando una masculinidad positiva, no violenta y promotora de la igualdad de g\u00e9nero.<\/p>\n\n\n\n<p class=\"wp-block-paragraph\">En s\u00edntesis, las pol\u00edticas p\u00fablicas deben incluir la prevenci\u00f3n, a trav\u00e9s de la promoci\u00f3n de una educaci\u00f3n en igualdad de g\u00e9nero; la atenci\u00f3n integral a las v\u00edctimas de violencia, incluyendo servicios de atenci\u00f3n m\u00e9dica, psicol\u00f3gica, social y legal; la persecuci\u00f3n del delito y la sanci\u00f3n a quienes ejercen violencia; la promoci\u00f3n de la participaci\u00f3n de las mujeres y disidencias en el dise\u00f1o e implementaci\u00f3n de programas y en los niveles de toma de decisiones; y por \u00faltimo, el fortalecimiento y control de las instituciones estatales encargadas del abordaje de la tem\u00e1tica, incluyendo instancias de capacitaci\u00f3n al funcionariado y la coordinaci\u00f3n intra e interinstitucional.&nbsp;<\/p>\n\n\n\n<p class=\"wp-block-paragraph\">Para cerrar este documento, quisi\u00e9ramos enfatizar que la violencia de g\u00e9nero constituye una violaci\u00f3n de los derechos humanos y su erradicaci\u00f3n no puede lograrse sin abordar las actitudes sociales que la niegan, la toleran o la justifican.<\/p>\n\n\n\n<p class=\"wp-block-paragraph\">Resaltamos la importancia de adoptar una perspectiva cr\u00edtica, basada en la igualdad de g\u00e9nero, la no discriminaci\u00f3n y los derechos humanos, en la elaboraci\u00f3n e implementaci\u00f3n de pol\u00edticas y programas para abordar la violencia de g\u00e9nero y los discursos conservadores.<\/p>\n\n\n\n<p class=\"wp-block-paragraph\">Al mismo tiempo, hacemos un llamado a la acci\u00f3n y la colaboraci\u00f3n entre diferentes actores, incluyendo a los gobiernos, la sociedad civil, las organizaciones internacionales y la sociedad en general.<\/p>\n\n\n\n<p class=\"wp-block-paragraph\">Debemos ser Insumos para el abordaje de la violencia de g\u00e9nero y los discursos neoconservadores en pol\u00edticas p\u00fablicas y en la intervenci\u00f3n social.<\/p>\n\n\n\n<p class=\"wp-block-paragraph\">&nbsp;<strong>SOBRE LAS AUTORAS<\/strong><\/p>\n\n\n\n<p class=\"wp-block-paragraph\">&nbsp;Magdalena Caccia es Licenciada en Ciencias Antropol\u00f3gicas por la Universidad de la Rep\u00fablica (Uruguay); Diplomada en G\u00e9nero y Pol\u00edticas de Igualdad por la Facultad Latinoamericana de Ciencias Sociales (FLACSO), Programa Uruguay; M\u00e1ster en G\u00e9nero e Igualdad por la Universidad Pablo de Olavide (Espa\u00f1a) y especialista en Pol\u00edticas de Cuidado con perspectiva de g\u00e9nero por la Red de Posgrados de CLACSO.<\/p>\n\n\n\n<p class=\"wp-block-paragraph\">&nbsp;Laura Mercedes Oyhantcabal es licenciada en Ciencias Antropol\u00f3gicas por la Universidad de la Rep\u00fablica (Uruguay). Con el apoyo de la Comisi\u00f3n Europea (Beca Erasmus Mundus) obtuvo sus t\u00edtulos de mag\u00edster en Estudios de las Mujeres y de G\u00e9nero por la Universidad de Granada (Espa\u00f1a) y mag\u00edster en Literatura Moderna, Comparada y Poscolonial con especializaci\u00f3n en G\u00e9nero por la Universidad de Bologna (Italia).<\/p>\n","protected":false},"excerpt":{"rendered":"<p>Urge la atenci\u00f3n integral a las v\u00edctimas de violencia y la participaci\u00f3n de la sociedad civil Magdalena Caccia y Laura Mercedes Oyhantcabal SemM\u00e9xico, Cd. de M\u00e9xico, 18 de noviembre, 2024.-Es necesario que las pol\u00edticas p\u00fablicas destinadas a la promoci\u00f3n de la igualdad de g\u00e9nero incluyan en sus abordajes la identificaci\u00f3n de los discursos antig\u00e9nero y [&hellip;]<\/p>\n","protected":false},"author":3,"featured_media":89768,"comment_status":"open","ping_status":"open","sticky":false,"template":"","format":"standard","meta":{"_monsterinsights_skip_tracking":false,"footnotes":""},"categories":[1147,27],"tags":[],"class_list":["post-89767","post","type-post","status-publish","format-standard","has-post-thumbnail","category-25n-2024","category-cobertura-especial"],"_links":{"self":[{"href":"https:\/\/redsemlac.com\/semmexico\/wp-json\/wp\/v2\/posts\/89767","targetHints":{"allow":["GET"]}}],"collection":[{"href":"https:\/\/redsemlac.com\/semmexico\/wp-json\/wp\/v2\/posts"}],"about":[{"href":"https:\/\/redsemlac.com\/semmexico\/wp-json\/wp\/v2\/types\/post"}],"author":[{"embeddable":true,"href":"https:\/\/redsemlac.com\/semmexico\/wp-json\/wp\/v2\/users\/3"}],"replies":[{"embeddable":true,"href":"https:\/\/redsemlac.com\/semmexico\/wp-json\/wp\/v2\/comments?post=89767"}],"version-history":[{"count":0,"href":"https:\/\/redsemlac.com\/semmexico\/wp-json\/wp\/v2\/posts\/89767\/revisions"}],"wp:featuredmedia":[{"embeddable":true,"href":"https:\/\/redsemlac.com\/semmexico\/wp-json\/wp\/v2\/media\/89768"}],"wp:attachment":[{"href":"https:\/\/redsemlac.com\/semmexico\/wp-json\/wp\/v2\/media?parent=89767"}],"wp:term":[{"taxonomy":"category","embeddable":true,"href":"https:\/\/redsemlac.com\/semmexico\/wp-json\/wp\/v2\/categories?post=89767"},{"taxonomy":"post_tag","embeddable":true,"href":"https:\/\/redsemlac.com\/semmexico\/wp-json\/wp\/v2\/tags?post=89767"}],"curies":[{"name":"wp","href":"https:\/\/api.w.org\/{rel}","templated":true}]}}