{"id":89762,"date":"2024-11-18T12:48:02","date_gmt":"2024-11-18T18:48:02","guid":{"rendered":"https:\/\/redsemlac.com\/semmexico\/?p=89762"},"modified":"2024-11-18T12:48:03","modified_gmt":"2024-11-18T18:48:03","slug":"exitoso-debut-de-la-violista-mexicana-dana-zemtsov-con-la-orquesta-sinfonica-nacional","status":"publish","type":"post","link":"https:\/\/redsemlac.com\/semmexico\/exitoso-debut-de-la-violista-mexicana-dana-zemtsov-con-la-orquesta-sinfonica-nacional\/","title":{"rendered":"Exitoso debut de la violista mexicana Dana Zemtsov con la Orquesta Sinf\u00f3nica Nacional"},"content":{"rendered":"\n<p class=\"wp-block-paragraph\">En el programa&nbsp;<em>Vida e inmortalidad<\/em>&nbsp;de la Temporada&nbsp;<em>Di\u00e1logos<\/em>&nbsp;particip\u00f3 como solista en el&nbsp;<em>Concierto para viola Op. p\u00f3stumo<\/em>, de B\u00e9la B\u00e1rtok<\/p>\n\n\n\n<p class=\"wp-block-paragraph\">Incluy\u00f3&nbsp;<em>Eleg\u00eda<\/em>, de Gabriela Ortiz;&nbsp;<em>Salmo 150<\/em>, de C\u00e9sar Franck, y una apote\u00f3tica&nbsp;<em>Sinfon\u00eda n\u00fam. 7, Op. 92 en La mayor<\/em>, de Ludwig van Beethoven<\/p>\n\n\n\n<p class=\"wp-block-paragraph\">&nbsp;Redacci\u00f3n<\/p>\n\n\n\n<p class=\"wp-block-paragraph\">SemM\u00e9xico, Cd. de M\u00e9xico, 18 de noviembre, 2024.- La joven violista mexicana Dana Zemtsov tuvo un exitoso debut por partida doble: con la Orquesta Sinf\u00f3nica Nacional y en la Sala Principal del Palacio de Bellas Artes, luego de haberse presentado en recintos como el Royal Concertgebouw de \u00c1msterdam, la Filarm\u00f3nica de San Petersburgo, la \u00d3pera de Tel Aviv y el Carnegie Hall de Nueva York.<\/p>\n\n\n\n<p class=\"wp-block-paragraph\">La artista mexicana, considerada entre las m\u00e1s destacadas de su generaci\u00f3n por su ya larga trayectoria internacional, fue invitada por la agrupaci\u00f3n para hacerse cargo de una larga y muy aplaudida participaci\u00f3n como solista en la interpretaci\u00f3n del&nbsp;<em>Concierto para viola, Op. p\u00f3stumo<\/em>, de B\u00e9la Bart\u00f3k (1881-1945).<\/p>\n\n\n\n<figure class=\"wp-block-image size-large\"><a href=\"https:\/\/redsemlac.com\/semmexico\/wp-content\/uploads\/2024\/11\/debut-violinista-02.jpg\"><img loading=\"lazy\" decoding=\"async\" width=\"1024\" height=\"683\" src=\"https:\/\/redsemlac.com\/semmexico\/wp-content\/uploads\/2024\/11\/debut-violinista-02-1024x683.jpg\" alt=\"\" class=\"wp-image-89763\" srcset=\"https:\/\/redsemlac.com\/semmexico\/wp-content\/uploads\/2024\/11\/debut-violinista-02-1024x683.jpg 1024w, https:\/\/redsemlac.com\/semmexico\/wp-content\/uploads\/2024\/11\/debut-violinista-02-300x200.jpg 300w, https:\/\/redsemlac.com\/semmexico\/wp-content\/uploads\/2024\/11\/debut-violinista-02-768x512.jpg 768w, https:\/\/redsemlac.com\/semmexico\/wp-content\/uploads\/2024\/11\/debut-violinista-02-150x100.jpg 150w, https:\/\/redsemlac.com\/semmexico\/wp-content\/uploads\/2024\/11\/debut-violinista-02-696x464.jpg 696w, https:\/\/redsemlac.com\/semmexico\/wp-content\/uploads\/2024\/11\/debut-violinista-02-1068x712.jpg 1068w, https:\/\/redsemlac.com\/semmexico\/wp-content\/uploads\/2024\/11\/debut-violinista-02.jpg 1440w\" sizes=\"auto, (max-width: 1024px) 100vw, 1024px\" \/><\/a><\/figure>\n\n\n\n<p class=\"wp-block-paragraph\">Ello sucedi\u00f3 la noche del viernes 15 de noviembre durante el programa&nbsp;<em>Vida e inmortalidad<\/em>&nbsp;de la Segunda Temporada 2024 &#8211;&nbsp;<em>Di\u00e1logos&nbsp;<\/em>de la Orquesta Sinf\u00f3nica Nacional (OSN), que se llev\u00f3 a cabo bajo la direcci\u00f3n del titular de la agrupaci\u00f3n, Ludwig Carrasco.<\/p>\n\n\n\n<p class=\"wp-block-paragraph\">Dana Zemtsov, quien en 2022 grab\u00f3 el disco&nbsp;<em>Dutch Hidden Gems&nbsp;<\/em>con la Phion Orchestra y la pianista Anna Fedorova, al agradecer el c\u00e1lido recibimiento que le dio el p\u00fablico, dijo sentirse honrada y agradecida de estar por primera vez en el Palacio de Bellas Artes &#8211;recinto que frecuentaba cuando era una ni\u00f1a.<\/p>\n\n\n\n<p class=\"wp-block-paragraph\">Mencion\u00f3 otra grabaci\u00f3n m\u00e1s reciente que &#8211;coment\u00f3&#8211; incluye una serie de arreglos para viola y violonchelo de m\u00fasica popular latinoamericana, una de cuyas piezas, la popular&nbsp;<em>Sin ti<\/em>, del tr\u00edo Los Panchos, ofreci\u00f3 como&nbsp;<em>encore&nbsp;<\/em>ante el benepl\u00e1cito del p\u00fablico.<\/p>\n\n\n\n<p class=\"wp-block-paragraph\">Organizados por la Secretar\u00eda de Cultura del Gobierno de M\u00e9xico y el Instituto Nacional de Bellas Artes y Literatura (INBAL), a trav\u00e9s de la OSN y de la Coordinaci\u00f3n Nacional de M\u00fasica y \u00d3pera, tanto la temporada como el programa incluy\u00f3 la interpretaci\u00f3n de&nbsp;<em>Eleg\u00eda<\/em>, de la compositora mexicana Gabriela Ortiz (1964) para celebrar de esta manera su 60 aniversario de natalicio.<\/p>\n\n\n\n<figure class=\"wp-block-image size-large\"><a href=\"https:\/\/redsemlac.com\/semmexico\/wp-content\/uploads\/2024\/11\/debut-violinista-03.jpg\"><img loading=\"lazy\" decoding=\"async\" width=\"1024\" height=\"683\" src=\"https:\/\/redsemlac.com\/semmexico\/wp-content\/uploads\/2024\/11\/debut-violinista-03-1024x683.jpg\" alt=\"\" class=\"wp-image-89764\" srcset=\"https:\/\/redsemlac.com\/semmexico\/wp-content\/uploads\/2024\/11\/debut-violinista-03-1024x683.jpg 1024w, https:\/\/redsemlac.com\/semmexico\/wp-content\/uploads\/2024\/11\/debut-violinista-03-300x200.jpg 300w, https:\/\/redsemlac.com\/semmexico\/wp-content\/uploads\/2024\/11\/debut-violinista-03-768x512.jpg 768w, https:\/\/redsemlac.com\/semmexico\/wp-content\/uploads\/2024\/11\/debut-violinista-03-150x100.jpg 150w, https:\/\/redsemlac.com\/semmexico\/wp-content\/uploads\/2024\/11\/debut-violinista-03-696x464.jpg 696w, https:\/\/redsemlac.com\/semmexico\/wp-content\/uploads\/2024\/11\/debut-violinista-03-1068x712.jpg 1068w, https:\/\/redsemlac.com\/semmexico\/wp-content\/uploads\/2024\/11\/debut-violinista-03.jpg 1440w\" sizes=\"auto, (max-width: 1024px) 100vw, 1024px\" \/><\/a><\/figure>\n\n\n\n<p class=\"wp-block-paragraph\">Con una orquesta reducida a piano, flauta, viol\u00edn, viola, violonchelo, contrabajo, arpa y tres percusiones, la obra de la compositora mexicana cont\u00f3 con la participaci\u00f3n de cuatro de las m\u00e1s destacadas sopranos del panorama de la m\u00fasica en M\u00e9xico: Daniela Rico, Pen\u00e9lope Luna, Ekaterina Tikonchouk e Itia Dominguez, integrantes de Solistas Ensamble del INBAL.<\/p>\n\n\n\n<p class=\"wp-block-paragraph\">Posteriormente, la agrupaci\u00f3n que dirige el maestro Ludwig Carrasco recibi\u00f3 como invitados a la totalidad de los y las cantantes que integran el grupo Solistas Ensamble del INBAL, quienes tomaron parte en la interpretaci\u00f3n vocal de una de las piezas m\u00e1s versionadas de la literatura lit\u00fargica: el&nbsp;<em>Salmo 150,<\/em>&nbsp;en la \u00f3ptica y sensibilidad del compositor belga C\u00e9sar Franck (1822-1890), con la direcci\u00f3n coral del maestro Christian Gohmer, titular del ensamble vocal.<\/p>\n\n\n\n<p class=\"wp-block-paragraph\">Las obras y sus solistas invitados ganaron el aplauso generoso del p\u00fablico que se dio cita en forma abundante, de tal forma que la Sala Principal del Palacio de Bellas Artes nuevamente se vio colmada por los asistentes.<\/p>\n\n\n\n<p class=\"wp-block-paragraph\">Pero el p\u00fablico recibir\u00eda a\u00fan una obra que termin\u00f3 por enriquecer su gusto y dejar una extra\u00f1a, pero deliciosa sensaci\u00f3n de felicidad que hace al cuerpo moverse en los asientos: la&nbsp;<em>Sinfon\u00eda n\u00fam. 7, Op. 92 en La mayor<\/em>, de Ludwig van Beethoven (1770-1827), \u00abprobablemente la m\u00e1s bella de las sinfon\u00edas de Beethoven\u00bb, dice la cr\u00edtica especializada.<\/p>\n\n\n\n<p class=\"wp-block-paragraph\">En el programa de mano se recuerda lo escritor por Richard Wagner a prop\u00f3sito de esta obra, 40 a\u00f1os despu\u00e9s de su estreno: \u00abLa&nbsp;<em>S\u00e9ptima sinfon\u00eda<\/em>&nbsp;de Beethoven es la alegr\u00eda que, con una omnipotencia orgi\u00e1stica, nos lleva a trav\u00e9s de todos los espacios de la naturaleza, de todas las corrientes y los oc\u00e9anos de la vida, dando voces de alegr\u00eda y consciencia, por donde caminamos al ritmo audaz de esta danza humana de las esferas. Esta sinfon\u00eda es la apoteosis de la danza, la mejor realizaci\u00f3n de los movimientos corporales en forma ideal\u00bb.<\/p>\n\n\n\n<p class=\"wp-block-paragraph\">El programa&nbsp;<em>Vida e inmortalidad<\/em>&nbsp;de la Segunda Temporada 2024 &#8211;&nbsp;<em>Di\u00e1logos&nbsp;<\/em>de la Orquesta Sinf\u00f3nica Nacional (OSN), tendr\u00e1 una segunda oportunidad de disfrutarse este domingo 17 de noviembre a las 12:15 h en la Sala Principal del Palacio de Bellas Artes.<\/p>\n\n\n\n<p class=\"wp-block-paragraph\"><\/p>\n","protected":false},"excerpt":{"rendered":"<p>En el programa&nbsp;Vida e inmortalidad&nbsp;de la Temporada&nbsp;Di\u00e1logos&nbsp;particip\u00f3 como solista en el&nbsp;Concierto para viola Op. p\u00f3stumo, de B\u00e9la B\u00e1rtok Incluy\u00f3&nbsp;Eleg\u00eda, de Gabriela Ortiz;&nbsp;Salmo 150, de C\u00e9sar Franck, y una apote\u00f3tica&nbsp;Sinfon\u00eda n\u00fam. 7, Op. 92 en La mayor, de Ludwig van Beethoven &nbsp;Redacci\u00f3n SemM\u00e9xico, Cd. de M\u00e9xico, 18 de noviembre, 2024.- La joven violista mexicana Dana Zemtsov [&hellip;]<\/p>\n","protected":false},"author":3,"featured_media":89765,"comment_status":"open","ping_status":"open","sticky":false,"template":"","format":"standard","meta":{"_monsterinsights_skip_tracking":false,"footnotes":""},"categories":[748],"tags":[],"class_list":["post-89762","post","type-post","status-publish","format-standard","has-post-thumbnail","category-cultura-feminista"],"_links":{"self":[{"href":"https:\/\/redsemlac.com\/semmexico\/wp-json\/wp\/v2\/posts\/89762","targetHints":{"allow":["GET"]}}],"collection":[{"href":"https:\/\/redsemlac.com\/semmexico\/wp-json\/wp\/v2\/posts"}],"about":[{"href":"https:\/\/redsemlac.com\/semmexico\/wp-json\/wp\/v2\/types\/post"}],"author":[{"embeddable":true,"href":"https:\/\/redsemlac.com\/semmexico\/wp-json\/wp\/v2\/users\/3"}],"replies":[{"embeddable":true,"href":"https:\/\/redsemlac.com\/semmexico\/wp-json\/wp\/v2\/comments?post=89762"}],"version-history":[{"count":0,"href":"https:\/\/redsemlac.com\/semmexico\/wp-json\/wp\/v2\/posts\/89762\/revisions"}],"wp:featuredmedia":[{"embeddable":true,"href":"https:\/\/redsemlac.com\/semmexico\/wp-json\/wp\/v2\/media\/89765"}],"wp:attachment":[{"href":"https:\/\/redsemlac.com\/semmexico\/wp-json\/wp\/v2\/media?parent=89762"}],"wp:term":[{"taxonomy":"category","embeddable":true,"href":"https:\/\/redsemlac.com\/semmexico\/wp-json\/wp\/v2\/categories?post=89762"},{"taxonomy":"post_tag","embeddable":true,"href":"https:\/\/redsemlac.com\/semmexico\/wp-json\/wp\/v2\/tags?post=89762"}],"curies":[{"name":"wp","href":"https:\/\/api.w.org\/{rel}","templated":true}]}}