{"id":8969,"date":"2019-06-20T16:21:21","date_gmt":"2019-06-20T16:21:21","guid":{"rendered":"https:\/\/redsemlac.com\/semmexico\/?p=8969"},"modified":"2023-07-21T14:49:42","modified_gmt":"2023-07-21T19:49:42","slug":"una-mujer-al-gabinete","status":"publish","type":"post","link":"https:\/\/redsemlac.com\/semmexico\/una-mujer-al-gabinete\/","title":{"rendered":"Una mujer al gabinete"},"content":{"rendered":"\n<ul class=\"wp-block-list\"><li><strong><em>En la b\u00fasqueda de un perfil,  deber\u00e1 considerarse la reforma emitida por el Congreso de la Uni\u00f3n en  materia de Paridad total de g\u00e9nero.<\/em><\/strong><\/li><\/ul>\n\n\n\n<p class=\"wp-block-paragraph\"><strong>Alberto Rodr\u00edguez\/DesdeAbajoMX<\/strong><\/p>\n\n\n\n<p class=\"wp-block-paragraph\">SemM\u00e9xico. Hidalgo. 20 de junio 2019.- Tras haber emprendido\nIsrael F\u00e9lix Soto un camino por dem\u00e1s interesante hacia nuevos proyectos\npersonales, la Secretar\u00eda de la Pol\u00edtica P\u00fablica estatal que ten\u00eda a su cargo,\nha quedado bajo la titularidad de Alejandro Enciso \u2014a la saz\u00f3n, secretario\nparticular con licencia del gobernador Omar Fayad\u2014, qui\u00e9n se est\u00e1 encargando\ndel proceso de entrega-recepci\u00f3n de la misma; se entiende, prepara la\ndependencia para el arribo de la nueva persona que asumir\u00e1 esa responsabilidad\npor mandato del titular del Ejecutivo.<\/p>\n\n\n\n<p class=\"wp-block-paragraph\">De tal manera, es natural preguntarse sobre qui\u00e9n ha de\nsustituir la tarea de F\u00e9lix Soto: a saber, actividad crucial en el desempe\u00f1o de\nlos planes, programas y proyectos del Gobierno del Estado. Se estima que senda\nresponsabilidad recaiga en alguien de toda la confianza del gobernador Omar\nFayad, coincidente total de su pensamiento pol\u00edtico y perspectiva de desarrollo\npara un Hidalgo que requiere seguir creciendo.<\/p>\n\n\n\n<p class=\"wp-block-paragraph\">En la b\u00fasqueda de un perfil, deber\u00e1 considerarse la reforma\nemitida por el Congreso de la Uni\u00f3n en materia de Paridad total de g\u00e9nero, la\ncual obliga a los tres poderes del Estado y a los tres niveles de gobierno en\ntodo el pa\u00eds a conformarse bajo el criterio de cincuenta por ciento hombres,\ncincuenta por ciento mujeres. Donde, en los gabinetes ya formados, se establece\nque cada sustituci\u00f3n deber\u00e1 ir encaminada a cumplir con tal disposici\u00f3n.<\/p>\n\n\n\n<p class=\"wp-block-paragraph\">Esto seg\u00fan el Decreto hecho oficial el pasado seis de junio\nen el Diario Oficial, donde se destaca la reforma a nueve art\u00edculos de la\nConstituci\u00f3n en materia de Paridad de G\u00e9nero, donde se explica a la letra:<\/p>\n\n\n\n<p class=\"wp-block-paragraph\">\u00ab\u2026 el principio de paridad de g\u00e9nero (\u2026) ser\u00e1 aplicable a\nqui\u00e9nes tomen posesi\u00f3n de su encargo, a partir del proceso electoral federal o\nlocal siguiente a la entrada en vigor del Decreto; y por lo que hace a las\nautoridades que no se renuevan mediante procesos electorales, su integraci\u00f3n y\ndesignaci\u00f3n habr\u00e1 de realizarse de manera progresiva a partir de las nuevas\ndesignaciones y nombramientos que correspondan, de conformidad con la ley\u00bb.<\/p>\n\n\n\n<p class=\"wp-block-paragraph\">En suma, la legislaci\u00f3n nos ofrece la oportunidad de que el\ngobernador Omar Fayad de su visto bueno a una mujer para ser la nueva\nsecretaria de la Pol\u00edtica P\u00fablica estatal, en cumplimiento con la reforma\nreferida. Ah\u00ed, o quiz\u00e1 en otro sitio dentro del gabinete, dependiendo de los\najustes que realice el mandatario a partir de sus necesidades. Como sea, el\nhecho supondr\u00e1 para Hidalgo seguir coloc\u00e1ndose en la vanguardia nacional en\nmateria de igualdad.<\/p>\n","protected":false},"excerpt":{"rendered":"<p>En la b\u00fasqueda de un perfil, deber\u00e1 considerarse la reforma emitida por el Congreso de la Uni\u00f3n en materia de Paridad total de g\u00e9nero. Alberto Rodr\u00edguez\/DesdeAbajoMX SemM\u00e9xico. Hidalgo. 20 de junio 2019.- Tras haber emprendido Israel F\u00e9lix Soto un camino por dem\u00e1s interesante hacia nuevos proyectos personales, la Secretar\u00eda de la Pol\u00edtica P\u00fablica estatal que [&hellip;]<\/p>\n","protected":false},"author":3,"featured_media":8970,"comment_status":"open","ping_status":"open","sticky":false,"template":"","format":"standard","meta":{"_monsterinsights_skip_tracking":false,"footnotes":""},"categories":[690,82,110],"tags":[],"class_list":["post-8969","post","type-post","status-publish","format-standard","has-post-thumbnail","category-690","category-la-opinion","category-la-opinion-columnas"],"_links":{"self":[{"href":"https:\/\/redsemlac.com\/semmexico\/wp-json\/wp\/v2\/posts\/8969","targetHints":{"allow":["GET"]}}],"collection":[{"href":"https:\/\/redsemlac.com\/semmexico\/wp-json\/wp\/v2\/posts"}],"about":[{"href":"https:\/\/redsemlac.com\/semmexico\/wp-json\/wp\/v2\/types\/post"}],"author":[{"embeddable":true,"href":"https:\/\/redsemlac.com\/semmexico\/wp-json\/wp\/v2\/users\/3"}],"replies":[{"embeddable":true,"href":"https:\/\/redsemlac.com\/semmexico\/wp-json\/wp\/v2\/comments?post=8969"}],"version-history":[{"count":0,"href":"https:\/\/redsemlac.com\/semmexico\/wp-json\/wp\/v2\/posts\/8969\/revisions"}],"wp:featuredmedia":[{"embeddable":true,"href":"https:\/\/redsemlac.com\/semmexico\/wp-json\/wp\/v2\/media\/8970"}],"wp:attachment":[{"href":"https:\/\/redsemlac.com\/semmexico\/wp-json\/wp\/v2\/media?parent=8969"}],"wp:term":[{"taxonomy":"category","embeddable":true,"href":"https:\/\/redsemlac.com\/semmexico\/wp-json\/wp\/v2\/categories?post=8969"},{"taxonomy":"post_tag","embeddable":true,"href":"https:\/\/redsemlac.com\/semmexico\/wp-json\/wp\/v2\/tags?post=8969"}],"curies":[{"name":"wp","href":"https:\/\/api.w.org\/{rel}","templated":true}]}}