{"id":89674,"date":"2024-11-14T09:59:42","date_gmt":"2024-11-14T15:59:42","guid":{"rendered":"https:\/\/redsemlac.com\/semmexico\/?p=89674"},"modified":"2024-11-14T09:59:45","modified_gmt":"2024-11-14T15:59:45","slug":"nuevas-investigaciones-senalan-que-virus-del-papiloma-humano-se-esconde-en-la-mucosidad-cervicovaginal-insuficientes-los-examenes-de-hoy","status":"publish","type":"post","link":"https:\/\/redsemlac.com\/semmexico\/nuevas-investigaciones-senalan-que-virus-del-papiloma-humano-se-esconde-en-la-mucosidad-cervicovaginal-insuficientes-los-examenes-de-hoy\/","title":{"rendered":"Nuevas investigaciones se\u00f1alan que Virus del Papiloma Humano se esconde en la\u00a0 mucosidad cervicovaginal, insuficientes los ex\u00e1menes de hoy"},"content":{"rendered":"\n<p class=\"wp-block-paragraph\"><\/p>\n\n\n\n<p class=\"wp-block-paragraph\">Un equipo de investigaci\u00f3n del IIBO, liderado por Leticia Rocha Zavaleta, indaga por qu\u00e9 algunas mujeres no se ven tan afectadas por el virus, mientras otras desarrollan c\u00e1ncer<\/p>\n\n\n\n<p class=\"wp-block-paragraph\">Es necesario\u00a0 replantearse c\u00f3mo hacer los ex\u00e1menes de Papanicolau o una colposcopia\u00a0<\/p>\n\n\n\n<p class=\"wp-block-paragraph\">&nbsp;Redacci\u00f3n&nbsp;<\/p>\n\n\n\n<p class=\"wp-block-paragraph\">SemM\u00e9xico, Cd. de M\u00e9xico, 14 de noviembre, 2024.- Las mucosas en el \u00fatero podr\u00edan ser reservorios de virus del papiloma humano (VPH) que resguardan cepas altamente cancer\u00edgenas, de ah\u00ed la necesidad de estudiar m\u00e1s las formas en que \u00e9stas se activan, revelan nuevos estudios realizados por investigadores del Instituto de Investigaciones Biom\u00e9dicas (IIBO) de la UNAM.&nbsp;<\/p>\n\n\n\n<p class=\"wp-block-paragraph\">Leticia Rocha Zavaleta, l\u00edder de la investigaci\u00f3n, explic\u00f3 que un an\u00e1lisis efectuado por su equipo en el Departamento de Biolog\u00eda Molecular y Biotecnolog\u00eda mostr\u00f3 la presencia de VPH oncog\u00e9nicos tanto en las mucosidades como en las c\u00e9lulas cervicales productoras de dicho moco en mujeres que son diagnosticadas como sanas.&nbsp;<\/p>\n\n\n\n<p class=\"wp-block-paragraph\">Cuando el personal m\u00e9dico realiza un Papanicolau o una colposcopia, la parte externa del c\u00e9rvix es la que queda visible y puede examinarse, ah\u00ed es donde se genera la mayor\u00eda de los tumores provocados por el virus. Sin embargo, en el \u00e1rea interna, dif\u00edcil de inspeccionar por los ensayos que se tienen hoy en d\u00eda, tambi\u00e9n se desarrollan, resalt\u00f3.&nbsp;<\/p>\n\n\n\n<p class=\"wp-block-paragraph\">La \u00fanica forma de visualizar esa \u00e1rea sin ser invasivos con las mujeres es cuando de manera natural el c\u00e9rvix interno sale a la parte externa, lo que ocurre al inicio de la pubertad, despu\u00e9s de tener un beb\u00e9 o por el consumo de anticonceptivos orales, a\u00f1adi\u00f3.&nbsp;<\/p>\n\n\n\n<p class=\"wp-block-paragraph\">Ante estudiantes y acad\u00e9micos del IIBO, reunidos en el auditorio Alfonso Escobar Izquierdo, destac\u00f3 que los resultados han mostrado evidencia de que los genotipos virales presentes en las c\u00e9lulas coinciden con aquellos detectados en el moco, lo que implica que estas ser\u00edan reservorios activos.<\/p>\n\n\n\n<figure class=\"wp-block-image\"><img decoding=\"async\" src=\"https:\/\/lh7-rt.googleusercontent.com\/docsz\/AD_4nXdVJXxcdGL0voerU_gL2KI5E2HOw2ITpyczODjO6mBX6Db-5QuDS7hYXqb3EdXnoXm9yJ5ijrMumUC4Yc9ecz0qicgHDChLcuX6bo_t4xB9MNie6JaLa85GvD_7-oGsfYbvwZ86eygZBBQNnmgzOSE?key=6o67jFmEgsmBGyZXmlRicU6x\" alt=\"Flor de color rojo\n\nDescripci\u00f3n generada autom\u00e1ticamente con confianza media\"\/><\/figure>\n\n\n\n<p class=\"wp-block-paragraph\">Se\u00f1al\u00f3 que este hallazgo contribuye en demostrar que al interior del c\u00e9rvix hay presencia de VPH, pues anteriormente se hab\u00eda descartado la posibilidad, ya que naturalmente las c\u00e9lulas no son capaces de sostener el ciclo vital del virus.&nbsp;<\/p>\n\n\n\n<p class=\"wp-block-paragraph\">Debido a que una vez infectada la mujer tambi\u00e9n se convierte en fuente de infecci\u00f3n, aunque no presente s\u00edntomas, Rocha Zavaleta y su equipo investigan por qu\u00e9 algunas no se ven tan afectadas por el virus, mientras que otras desarrollan c\u00e1ncer.&nbsp;<\/p>\n\n\n\n<p class=\"wp-block-paragraph\">La doctora en Inmunolog\u00eda precis\u00f3 que uno de los factores que revisan es la flora bacteriana, \u00fanica del \u00fatero y cuyas alteraciones podr\u00edan estar relacionadas directamente con la activaci\u00f3n del VPH o si este permanece silente.&nbsp;<\/p>\n\n\n\n<p class=\"wp-block-paragraph\">Lo anterior y el an\u00e1lisis de moco cervical podr\u00edan ser las formas en que se detecte la presencia del virus en mujeres que no presentan las condiciones para examinar la parte interna del c\u00e9rvix.&nbsp;<\/p>\n\n\n\n<p class=\"wp-block-paragraph\">Durante el Seminario Institucional titulado \u201cVirus del Papiloma Humano, un virus vigente, un reto en oncolog\u00eda\u201d, la doctora en Inmunolog\u00eda record\u00f3 que si bien el c\u00e1ncer es una enfermedad multifactorial, de acuerdo con la Organizaci\u00f3n Mundial de la Salud hay por lo menos cuatro capaces de causar diferentes tipos de c\u00e1ncer, uno de ellos es el VPH, descubierto por Harald zur Hausen, quien gan\u00f3 el Premio Nobel de Medicina en 2008.&nbsp;<\/p>\n\n\n\n<p class=\"wp-block-paragraph\">En el encuentro acad\u00e9mico organizado por el Instituto de Investigaciones Biom\u00e9dicas agreg\u00f3 que actualmente se sabe que hay 220 genotipos diferentes del VPH que pueden infectar la piel o el tejido mucoso. El 6 y 11 producen condilomas o verrugas, mientras que los 16, 18, 31, 33, 45, 52 y 58 pueden provocar c\u00e1ncer.&nbsp;<\/p>\n\n\n\n<p class=\"wp-block-paragraph\">Es importante mencionar que en el estudio se incluyeron 197 mujeres de 20 a 54 a\u00f1os de edad (con dos embarazos y dos parejas sexuales); solo ocho por ciento estaba vacunado, pese a que debieron recibir el ant\u00edgeno de acuerdo con la pol\u00edtica mexicana de vacunaci\u00f3n.&nbsp;<\/p>\n\n\n\n<p class=\"wp-block-paragraph\">Hoy en d\u00eda uno de los genotipos oncol\u00f3gicos que se est\u00e1 detectando con mayor frecuencia es el 31, y el problema es que la mayor\u00eda de las mujeres que han sido vacunadas en M\u00e9xico carecen de protecci\u00f3n del virus.<\/p>\n","protected":false},"excerpt":{"rendered":"<p>Un equipo de investigaci\u00f3n del IIBO, liderado por Leticia Rocha Zavaleta, indaga por qu\u00e9 algunas mujeres no se ven tan afectadas por el virus, mientras otras desarrollan c\u00e1ncer Es necesario\u00a0 replantearse c\u00f3mo hacer los ex\u00e1menes de Papanicolau o una colposcopia\u00a0 &nbsp;Redacci\u00f3n&nbsp; SemM\u00e9xico, Cd. de M\u00e9xico, 14 de noviembre, 2024.- Las mucosas en el \u00fatero podr\u00edan [&hellip;]<\/p>\n","protected":false},"author":3,"featured_media":89675,"comment_status":"open","ping_status":"open","sticky":false,"template":"","format":"standard","meta":{"_monsterinsights_skip_tracking":false,"footnotes":""},"categories":[682],"tags":[],"class_list":["post-89674","post","type-post","status-publish","format-standard","has-post-thumbnail","category-noticias"],"_links":{"self":[{"href":"https:\/\/redsemlac.com\/semmexico\/wp-json\/wp\/v2\/posts\/89674","targetHints":{"allow":["GET"]}}],"collection":[{"href":"https:\/\/redsemlac.com\/semmexico\/wp-json\/wp\/v2\/posts"}],"about":[{"href":"https:\/\/redsemlac.com\/semmexico\/wp-json\/wp\/v2\/types\/post"}],"author":[{"embeddable":true,"href":"https:\/\/redsemlac.com\/semmexico\/wp-json\/wp\/v2\/users\/3"}],"replies":[{"embeddable":true,"href":"https:\/\/redsemlac.com\/semmexico\/wp-json\/wp\/v2\/comments?post=89674"}],"version-history":[{"count":0,"href":"https:\/\/redsemlac.com\/semmexico\/wp-json\/wp\/v2\/posts\/89674\/revisions"}],"wp:featuredmedia":[{"embeddable":true,"href":"https:\/\/redsemlac.com\/semmexico\/wp-json\/wp\/v2\/media\/89675"}],"wp:attachment":[{"href":"https:\/\/redsemlac.com\/semmexico\/wp-json\/wp\/v2\/media?parent=89674"}],"wp:term":[{"taxonomy":"category","embeddable":true,"href":"https:\/\/redsemlac.com\/semmexico\/wp-json\/wp\/v2\/categories?post=89674"},{"taxonomy":"post_tag","embeddable":true,"href":"https:\/\/redsemlac.com\/semmexico\/wp-json\/wp\/v2\/tags?post=89674"}],"curies":[{"name":"wp","href":"https:\/\/api.w.org\/{rel}","templated":true}]}}