{"id":89669,"date":"2024-11-14T09:50:55","date_gmt":"2024-11-14T15:50:55","guid":{"rendered":"https:\/\/redsemlac.com\/semmexico\/?p=89669"},"modified":"2024-11-14T09:50:58","modified_gmt":"2024-11-14T15:50:58","slug":"con-la-desaparicion-del-inai-no-desaparece-el-derecho-a-preguntar-beatriz-paredes-rangel","status":"publish","type":"post","link":"https:\/\/redsemlac.com\/semmexico\/con-la-desaparicion-del-inai-no-desaparece-el-derecho-a-preguntar-beatriz-paredes-rangel\/","title":{"rendered":"Con la desaparici\u00f3n del INAI no desaparece el derecho a preguntar, Beatriz Paredes\u00a0 Rangel"},"content":{"rendered":"\n<p class=\"wp-block-paragraph\"><\/p>\n\n\n\n<p class=\"wp-block-paragraph\">Llamado a las y los legisladores para que reflexionen sobre la desaparici\u00f3n del derecho a informarse<\/p>\n\n\n\n<p class=\"wp-block-paragraph\">Marv\u00e1n Laborde: \u201cNo estamos defendiendo la chamba, sino la democracia\u201d<\/p>\n\n\n\n<p class=\"wp-block-paragraph\">Elda Montiel<\/p>\n\n\n\n<p class=\"wp-block-paragraph\">SemM\u00e9xico,&nbsp; Ciudad de M\u00e9xico,&nbsp; 14 de noviembre,&nbsp; 2024.- Para defender valores es&nbsp; esencial que exista la posibilidad de tener una instancia que defienda el derecho a preguntar, una instancia que equilibre al poder, por ello la extinci\u00f3n del INAI atenta contra la democracia, expusieron dos mujeres, una desde la pol\u00edtica y una experta reconocida internacionalmente en transparencia, Beatriz Parades Rangel&nbsp; y Mar\u00eda Mav\u00e1n Laborde.<\/p>\n\n\n\n<p class=\"wp-block-paragraph\">Ellas adem\u00e1s dejaron en claro que la extinci\u00f3n del INAI&nbsp; no desaparece la necesidad de transparencia y protecci\u00f3n de datos personales, derecho a la informaci\u00f3n que todav\u00eda est\u00e1 en la Constituci\u00f3n. Todo ello&nbsp; se expuso durante la tercera jornada de actividades de la Semana Nacional de Transparencia 2024 en Quer\u00e9taro.<\/p>\n\n\n\n<p class=\"wp-block-paragraph\">\u201cLos resultados del INAI son tangibles y han tenido como objetivo construir capital social en la relaci\u00f3n de los ciudadanos con sus autoridades p\u00fablicas\u201d, dijo la Comisionada del Instituto Nacional de Transparencia, Acceso a la Informaci\u00f3n y Protecci\u00f3n de Datos Personales (INAI) en referencia a la iniciativa de reforma constitucional que plantea la desaparici\u00f3n del INAI.<\/p>\n\n\n\n<p class=\"wp-block-paragraph\">El Foro organizado por el INAI para debatir y dialogar sobre el papel de la transparencia, el acceso a la informaci\u00f3n y la protecci\u00f3n de datos personales, en la vig\u00e9sima edici\u00f3n ha tenido como sedes la Ciudad de M\u00e9xico, Zacatecas y Quer\u00e9taro. La \u00faltima jornada ser\u00e1 en Tepic, Nayarit, el 14 de noviembre.<\/p>\n\n\n\n<p class=\"wp-block-paragraph\">El comisionado presidente&nbsp; Adri\u00e1n Alcal\u00e1 M\u00e9ndez, reiter\u00f3 el llamado a las y los legisladores a considerar la posibilidad de establecer una instancia con autonom\u00eda t\u00e9cnica e imparcialidad, para que las mexicanas y los mexicanos contin\u00faen ejerciendo sus derechos de manera libre, plena y sin retrasos.<\/p>\n\n\n\n<p class=\"wp-block-paragraph\">\u201cAunque el INAI se extinga la necesidad de transparencia y de protecci\u00f3n de datos personales no desaparecer\u00e1n. En un pa\u00eds democr\u00e1tico estos derechos no pueden quedar sin una vigilancia efectiva\u201d, dijo.<\/p>\n\n\n\n<p class=\"wp-block-paragraph\">Beatriz Paredes Rangel, la pol\u00edtica ex gobernadora de Tlaxcala y ex legisladora, record\u00f3 que la existencia de los \u00f3rganos aut\u00f3nomos como el INAI equilibran al gobierno y reivindican los intereses de la sociedad. \u201cEs esencial para defender valores el que exista posibilidad de tener una instancia que defienda el derecho a preguntar\u201d.&nbsp;<\/p>\n\n\n\n<p class=\"wp-block-paragraph\">Mar\u00eda Marv\u00e1n Laborde, Presidenta del Consejo Rector de la organizaci\u00f3n civil Transparencia Mexicana e Investigadora del Instituto de Investigaciones Jur\u00eddicas de la UNAM, record\u00f3 una cita del polit\u00f3logo italiano Giovanni Sartori que advierte que las libertades siempre est\u00e1n en riesgo. \u201cNo estamos defendiendo la chamba, estamos defendiendo valores democr\u00e1ticos y funciones espec\u00edficas que son un derecho de las mexicanas y los mexicanos\u201d, acot\u00f3.<\/p>\n\n\n\n<p class=\"wp-block-paragraph\">Luis Ra\u00fal Gonz\u00e1lez P\u00e9rez, quien fue Presidente de la Comisi\u00f3n Nacional de los Derechos Humanos, expuso que \u201cel Estado democr\u00e1tico significa contrapesos y lo que estamos viendo es que no se quieren tener \u00f3rganos que puedan ser inc\u00f3modos a las tareas de gobierno\u201d.<\/p>\n\n\n\n<p class=\"wp-block-paragraph\">Pedro Salazar Ugarte, investigador del Instituto de Investigaciones Jur\u00eddicas de la UNAM, record\u00f3 que M\u00e9xico es una rep\u00fablica democr\u00e1tica, federal, representativa y laica, y cualquier reforma que contradiga esos conceptos es contradictoria con la identidad constitucional del Estado mexicano. \u201cCon lo que se est\u00e1 proponiendo se desmantela y se vulnera a la autoridad garante de dos derechos fundamentales\u201d. Salazar particip\u00f3 en el panel \u201cGobiernos digitales: avances, retos y perspectivas\u201d.<\/p>\n\n\n\n<p class=\"wp-block-paragraph\">La conferencia magistral la imparti\u00f3 Margaret Kwoka, profesora en la Facultad de Derecho Moritz de la Universidad Estatal de Ohio, con el t\u00edtulo \u201cLa perspectiva del derecho de acceso a la informaci\u00f3n: una visi\u00f3n comparada a nivel internacional\u201d.<\/p>\n\n\n\n<p class=\"wp-block-paragraph\">En el panel \u201cAcceso a la informaci\u00f3n: un compromiso colectivo en tiempos de cambio\u201d participaron tambi\u00e9n Javier Rascado P\u00e9rez, Presidente de la Defensor\u00eda de los Derechos Humanos de Quer\u00e9taro; Gerardo Laveaga Rend\u00f3n, quien fue Presidente del entonces IFAI, y Javier Marra Olea, Comisionado Presidente de la Comisi\u00f3n de Transparencia, Acceso a la Informaci\u00f3n P\u00fablica y Protecci\u00f3n de Datos Personales del Estado de Quer\u00e9taro (InfoQro).<\/p>\n\n\n\n<p class=\"wp-block-paragraph\">En el panel \u201cGobiernos digitales: avances, retos y perspectivas\u201d tambi\u00e9n participaron Enrique Burgos Garc\u00eda, quien fue Gobernador de Quer\u00e9taro; Martha Tud\u00f3n, Oficial del Programa de Derechos Digitales de la organizaci\u00f3n Art\u00edculo 19; Joaqu\u00edn Meseguer Yebra, integrante de la Real Academia de Jurisprudencia y Legislaci\u00f3n de Espa\u00f1a, y Mar\u00eda Elena Guadarrama Conejo, quien fue Comisionada del InfoQro.<\/p>\n\n\n\n<p class=\"wp-block-paragraph\">En la inauguraci\u00f3n estuvieron presentes \u00d3scar Garc\u00eda Gonz\u00e1lez, secretario de la Contralor\u00eda de Quer\u00e9taro, en representaci\u00f3n del Gobernador de Quer\u00e9taro; Javier Marra Olea, Comisionado Presidente y las personas Comisionadas del InfoQro Alejandra Vargas y Octavio Pastor; Braulio Guerra Urbiola, Magistrado Presidente del Poder Judicial de Quer\u00e9taro; Felipe Mac\u00edas Olvera, presidente municipal de Quer\u00e9taro, y Jorge S\u00e1nchez, Secretario Ejecutivo del Sistema Estatal Anticorrupci\u00f3n de Quer\u00e9taro.<\/p>\n","protected":false},"excerpt":{"rendered":"<p>Llamado a las y los legisladores para que reflexionen sobre la desaparici\u00f3n del derecho a informarse Marv\u00e1n Laborde: \u201cNo estamos defendiendo la chamba, sino la democracia\u201d Elda Montiel SemM\u00e9xico,&nbsp; Ciudad de M\u00e9xico,&nbsp; 14 de noviembre,&nbsp; 2024.- Para defender valores es&nbsp; esencial que exista la posibilidad de tener una instancia que defienda el derecho a preguntar, [&hellip;]<\/p>\n","protected":false},"author":3,"featured_media":89670,"comment_status":"open","ping_status":"open","sticky":false,"template":"","format":"standard","meta":{"_monsterinsights_skip_tracking":false,"footnotes":""},"categories":[748,694],"tags":[],"class_list":["post-89669","post","type-post","status-publish","format-standard","has-post-thumbnail","category-cultura-feminista","category-destacadas"],"_links":{"self":[{"href":"https:\/\/redsemlac.com\/semmexico\/wp-json\/wp\/v2\/posts\/89669","targetHints":{"allow":["GET"]}}],"collection":[{"href":"https:\/\/redsemlac.com\/semmexico\/wp-json\/wp\/v2\/posts"}],"about":[{"href":"https:\/\/redsemlac.com\/semmexico\/wp-json\/wp\/v2\/types\/post"}],"author":[{"embeddable":true,"href":"https:\/\/redsemlac.com\/semmexico\/wp-json\/wp\/v2\/users\/3"}],"replies":[{"embeddable":true,"href":"https:\/\/redsemlac.com\/semmexico\/wp-json\/wp\/v2\/comments?post=89669"}],"version-history":[{"count":0,"href":"https:\/\/redsemlac.com\/semmexico\/wp-json\/wp\/v2\/posts\/89669\/revisions"}],"wp:featuredmedia":[{"embeddable":true,"href":"https:\/\/redsemlac.com\/semmexico\/wp-json\/wp\/v2\/media\/89670"}],"wp:attachment":[{"href":"https:\/\/redsemlac.com\/semmexico\/wp-json\/wp\/v2\/media?parent=89669"}],"wp:term":[{"taxonomy":"category","embeddable":true,"href":"https:\/\/redsemlac.com\/semmexico\/wp-json\/wp\/v2\/categories?post=89669"},{"taxonomy":"post_tag","embeddable":true,"href":"https:\/\/redsemlac.com\/semmexico\/wp-json\/wp\/v2\/tags?post=89669"}],"curies":[{"name":"wp","href":"https:\/\/api.w.org\/{rel}","templated":true}]}}