{"id":89657,"date":"2024-11-14T09:34:09","date_gmt":"2024-11-14T15:34:09","guid":{"rendered":"https:\/\/redsemlac.com\/semmexico\/?p=89657"},"modified":"2024-11-14T09:41:42","modified_gmt":"2024-11-14T15:41:42","slug":"rafaga-amplio-dominio-de-la-delincuencia-organizada-sinaloenses-viven-bajo-la-imparable-violencia-en-guerrero-asesinan-a-once-comerciantes-masacre-en-un-bar-10-muertos-y-13-heridos","status":"publish","type":"post","link":"https:\/\/redsemlac.com\/semmexico\/rafaga-amplio-dominio-de-la-delincuencia-organizada-sinaloenses-viven-bajo-la-imparable-violencia-en-guerrero-asesinan-a-once-comerciantes-masacre-en-un-bar-10-muertos-y-13-heridos\/","title":{"rendered":"R\u00e1faga | Amplio Dominio de la Delincuencia Organizada"},"content":{"rendered":"\n<p class=\"wp-block-paragraph\"> Sinaloenses Viven Bajo la Imparable Violencia; En Guerrero Asesinan a Once Comerciantes; Masacre en un bar, 10 Muertos y 13 Heridos<\/p>\n\n\n\n<p class=\"wp-block-paragraph\"><\/p>\n\n\n\n<p class=\"wp-block-paragraph\"><strong>Jorge Herrera Valenzuela&nbsp;<\/strong><\/p>\n\n\n\n<p class=\"wp-block-paragraph\">SemM\u00e9xico, Ciudad de M\u00e9xico, 14 de noviembre, 2024.- La Academia Premio Nacional de Periodismo entreg\u00f3 el martes 12, un merecido reconocimiento a la periodista sonorense y catedr\u00e1tica universitaria, Soledad Durazo Barcel\u00f3, por sus exitosos 36 a\u00f1os en el diarismo informativo. En el Auditorio Pedro Ram\u00edrez V\u00e1zquez, de la Universidad Aut\u00f3noma Metropolitana, tuvo lugar la solemne ceremonia.&nbsp;&nbsp;<\/p>\n\n\n\n<p class=\"wp-block-paragraph\">Imposible detener a las mafias criminales que ampl\u00edan su dominio territorial.<\/p>\n\n\n\n<p class=\"wp-block-paragraph\">La actividad de la delincuencia organizada supera, en el inicio del sexenio, a los seis a\u00f1os de \u201cabrazos, no balazos\u201d.<\/p>\n\n\n\n<p class=\"wp-block-paragraph\">Omar Garc\u00eda Harfuch deber\u00e1 de enfrentarse a los integrantes de los carteles Sinaloa, Jalisco Nueva Generaci\u00f3n y Santa Rosa de Lima, los m\u00e1s conocidos, as\u00ed como a los m\u00faltiples grupos delictivos que tienen bajo su control al Estado de Guerrero.<\/p>\n\n\n\n<p class=\"wp-block-paragraph\">No solamente con acuerdos parlamentarios, justificaciones presidenciales ni programas te\u00f3ricos, se lograr\u00e1 volver a la paz y tranquilidad en el territorio nacional.<\/p>\n\n\n\n<p class=\"wp-block-paragraph\">&nbsp;Los delincuentes imponen su ley, hacen y deshacen, ordenan lo que debe hacerse, como en Sinaloa, cuyo \u201cgobernador\u201d rendir\u00e1 su tercer informe y ser\u00e1 premiado con un cargo diplom\u00e1tico. La Feria Internacional se suspende, por \u201c\u00f3rdenes\u201d de \u201clos jefes\u201d.<\/p>\n\n\n\n<p class=\"wp-block-paragraph\">Resulta terror\u00edfico el ambiente en entidades, como las mencionadas, adem\u00e1s de Quer\u00e9taro, Guanajuato, Colima, Oaxaca, Chiapas, San Luis Potos\u00ed, Tamaulipas, Zacatecas y la larga lista de poblaciones rurales. \u201cSon pleitos entre los carteles por el dominio de territorio\u201d, es una de las muchas justificaciones de quien est\u00e1 en Palacio Nacional.<\/p>\n\n\n\n<p class=\"wp-block-paragraph\">La Presidenta Claudia Sheinbaum Pardo no da muestras de disminuir la actividad delincuencial y mantiene la l\u00ednea pol\u00edtica de su antecesor. No cambia rumbos y mucho menos actuar con dureza dentro de la Ley. El compromiso presidencial con los narcotraficantes no se termina; \u00bfhay complicidad?<\/p>\n\n\n\n<p class=\"wp-block-paragraph\"><strong>MARINOS VICTIMADOS<\/strong><\/p>\n\n\n\n<p class=\"wp-block-paragraph\">Para los delincuentes \u201cde la alta escuela\u201d no hay respeto para la vida de las personas. Unas, porque reciben el soborno y no cumplen con el compromiso. Otras, no aceptan ofrecimientos, por lo que son baleados, despu\u00e9s de ser secuestrados y torturados.<\/p>\n\n\n\n<p class=\"wp-block-paragraph\">En la Aduana Mar\u00edtima del Puerto de Manzanillo, Colima, se han registrado desde las \u201csimples amenazas\u201d hasta los asesinatos a plena luz del d\u00eda. Los \u201cdelincuentes organizados\u201d proceden sin miramiento alguno. Fijan \u201ctasas\u201d a los importadores y extorsionan a funcionarios y empleados.<\/p>\n\n\n\n<p class=\"wp-block-paragraph\">Los servicios de inteligencia polic\u00edaca, si existen, no han funcionado o no act\u00faan con la diligencia del caso.&nbsp;<\/p>\n\n\n\n<p class=\"wp-block-paragraph\">No se tiene identificados a los autores de los asesinatos del contralmirante <strong>Fernando Rub\u00e9n Guerrero Alc\u00e1ntar. <\/strong>Se supo que dos sujetos, desde una motocicleta, hicieron los mortales disparos. Eran las 11:30 horas viernes 8, en la avenida L\u00e1zaro C\u00e1rdenas, Colonia Las Brisas.&nbsp;<\/p>\n\n\n\n<p class=\"wp-block-paragraph\">El que fuera director de la Aduana en Veracruz y estaba adscrito a la Regi\u00f3n D\u00e9cima, con sede en Manzanillo, muri\u00f3 inmediatamente, quedando dentro de la camioneta que conduc\u00eda.<\/p>\n\n\n\n<p class=\"wp-block-paragraph\">Otro marino, vacacionaba en Manzanillo, fue muerto a tiros cuando platicaba con un amigo. Ambos fueron alcanzados por las balas, pero uno sobrevivi\u00f3. El suceso fue la tarde del 29 de octubre. Nada se sabe de los asesinos.&nbsp;<\/p>\n\n\n\n<p class=\"wp-block-paragraph\"><strong>POR INVADIR TERRITORIO<\/strong><\/p>\n\n\n\n<p class=\"wp-block-paragraph\">Mientras la gobernadora de Guerrero se divert\u00eda en Zihuatanejo, en una fiesta y era \u201cla cantante estrella\u201d, la banda de criminales \u201cLos Tlacos\u201d dieron muerte a 11 personas por vender su mercanc\u00eda en el territorio \u201cpropiedad\u201d de otro cartel, el de \u201cLos Ardillos\u201d, quienes tienen ligas directas con las autoridades estatales.<\/p>\n\n\n\n<p class=\"wp-block-paragraph\">Ambos grupos de la delincuencia organizada no permitieron que los comerciantes de Chautipan pusieran sus puestos de art\u00edculos de uso dom\u00e9stico, de pl\u00e1stico y de peltre. Salieron de su pueblo, donde no hab\u00eda clientela.<\/p>\n\n\n\n<p class=\"wp-block-paragraph\">Los l\u00edderes criminales est\u00e1n identificados, pero gozan de plena libertad. Ojal\u00e1 que alg\u00fan d\u00eda Garc\u00eda Harfuch act\u00fae sin impedimento de los caciques pol\u00edticos guerrerenses.<\/p>\n\n\n\n<p class=\"wp-block-paragraph\">Las v\u00edctimas comercializaban sus productos en los municipios de Chilapa y Quechultenango. Once cuerpos desmembrados, colocados en una camioneta, fueron descubiertos la ma\u00f1ana del \u00faltimo viernes en calles de Chilpancingo, la ya ensangrentada capital de una de las entidades donde impera la ley de las metralletas.<\/p>\n\n\n\n<p class=\"wp-block-paragraph\">A\u00fan hay seis personas no localizadas y los familiares sufren, porque ninguna autoridad se encarga de la b\u00fasqueda.<\/p>\n\n\n\n<p class=\"wp-block-paragraph\"><strong>SON PLEITOS ENTRE CRIMINALES<\/strong><\/p>\n\n\n\n<p class=\"wp-block-paragraph\">Quer\u00e9taro es otra de las ciudades capitales que no escapa a las acciones violentas de la delincuencia organizada. Hubo diez muertos y siete heridos, comensales en el bar \u201cLos Cantaritos\u201d, en pleno centro capitalino.<\/p>\n\n\n\n<p class=\"wp-block-paragraph\">El alcalde Fernando Felipe Mac\u00edas simplific\u00f3 los hechos. Lo atribuy\u00f3 a \u201cforasteros\u201d que llegan a instalar bares, donde los ataques van dirigidos a delincuentes\u201d y para alarmar m\u00e1s asegur\u00f3 que percances de esa naturaleza ocurren toda la Rep\u00fablica.<\/p>\n\n\n\n<p class=\"wp-block-paragraph\">Seg\u00fan ese funcionario, responsable de las licencias y permisos para abrir ese tipo de establecimientos, estim\u00f3 que se sospecha que los diez muertos y los 13 heridos resultantes del tiroteo, son v\u00edctimas del cartel Santa Rosa de Lima, que opera en Guanajuato.<\/p>\n\n\n\n<p class=\"wp-block-paragraph\">Familiares de varios de los fallecidos protestaron, con llanto, porque sus parientes no eran delincuentes como los calific\u00f3 la autoridad, sin prueba alguna.<\/p>\n\n\n\n<p class=\"wp-block-paragraph\">Por su parte el secretario de Seguridad P\u00fablica Municipal, Juan Luis Ferrusca Ortiz, inform\u00f3 que los asesinos huyeron en una camioneta, veh\u00edculo que incendiaron en las calles del municipio El Marqu\u00e9s, a escasos 30 minutos de la capital queretana.<\/p>\n\n\n\n<p class=\"wp-block-paragraph\"><strong>ACTUAR, NO HABLAR NI LAMENTAR<\/strong><\/p>\n\n\n\n<p class=\"wp-block-paragraph\">Estamos viviendo una situaci\u00f3n dram\u00e1tica. Adem\u00e1s del comentario sobre esos tres sucesos, el material period\u00edstico es abundante en las p\u00e1ginas de los diarios, en los noticieros radiof\u00f3nicos y no se diga en los televisivos.<\/p>\n\n\n\n<p class=\"wp-block-paragraph\">No se trata de causar p\u00e1nico ni alarmar a los pobladores de Quintana Roo, Morelos, Sonora, Chihuahua, etc., pero YA ES EL MOMENTO en que debe darse la coordinaci\u00f3n polic\u00edaca en los tres niveles, porque de lo contrario \u201caceptar\u00edamos\u201d que Trump y sus huestes procedan a eliminar a los grupos criminales, como un \u00faltimo recurso.<\/p>\n\n\n\n<p class=\"wp-block-paragraph\">Ahora imposible que la presidenta les eche la culpa a los gobiernos anteriores, incluyendo al del hombre que, dicen las lenguas viperinas, mantiene su bast\u00f3n de mando en Palacio Nacional.<\/p>\n\n\n\n<p class=\"wp-block-paragraph\"><strong>GARC\u00cdA HARFUCH, AHORA HECHOS<\/strong><\/p>\n\n\n\n<p class=\"wp-block-paragraph\">Somos millones de mexicanos, con camiseta tricolor, que tenemos depositada toda nuestra esperanza, nuestra confianza y el apoyo que se requiera, en un hombre con la preparaci\u00f3n polic\u00edaca y la experiencia pr\u00e1ctica para devolver, en buen grado, la tranquilidad, la paz y la seguridad.<\/p>\n\n\n\n<p class=\"wp-block-paragraph\">Como alguna vez dijo el empresario de art\u00edculos deportivos <strong>Alejandro<\/strong> <strong>Mart\u00ed<\/strong>, \u201c<strong>Si no pueden, renuncien <\/strong>\u201c.&nbsp;<\/p>\n\n\n\n<p class=\"wp-block-paragraph\">Su hijo Fernando, de 14 a\u00f1os, fue asesinado a pesar de que se pag\u00f3 lo exigido por los delincuentes. Pasaba el tiempo y nada resolv\u00edan las polic\u00edas mexicanas, eran y son muchas polic\u00edas.<\/p>\n\n\n\n<p class=\"wp-block-paragraph\">Finalmente, en los d\u00edas de Marcelo Ebrard y Miguel \u00c1ngel Mancera, jefe de Gobierno y Procurador de Justicia, en la Ciudad de M\u00e9xico, aprehendieron a los integrantes de la banda de secuestradores \u201cLos Petriciolet\/Banda de La Flor.<\/p>\n\n\n\n<p class=\"wp-block-paragraph\">Uno de los responsables est\u00e1 en prisi\u00f3n con una sentencia de 542 a\u00f1os o sea \u201ccadena perpetua\u201d, figura que no existe jur\u00eddicamente en M\u00e9xico.<\/p>\n\n\n\n<p class=\"wp-block-paragraph\"><strong>jherrerav@live.com.mx<\/strong><\/p>\n","protected":false},"excerpt":{"rendered":"<p>Sinaloenses Viven Bajo la Imparable Violencia; En Guerrero Asesinan a Once Comerciantes; Masacre en un bar, 10 Muertos y 13 Heridos Jorge Herrera Valenzuela&nbsp; SemM\u00e9xico, Ciudad de M\u00e9xico, 14 de noviembre, 2024.- La Academia Premio Nacional de Periodismo entreg\u00f3 el martes 12, un merecido reconocimiento a la periodista sonorense y catedr\u00e1tica universitaria, Soledad Durazo Barcel\u00f3, [&hellip;]<\/p>\n","protected":false},"author":3,"featured_media":70219,"comment_status":"open","ping_status":"open","sticky":false,"template":"","format":"standard","meta":{"_monsterinsights_skip_tracking":false,"footnotes":""},"categories":[94,35],"tags":[],"class_list":["post-89657","post","type-post","status-publish","format-standard","has-post-thumbnail","category-jorge-herrera-valenzuela","category-opinion"],"_links":{"self":[{"href":"https:\/\/redsemlac.com\/semmexico\/wp-json\/wp\/v2\/posts\/89657","targetHints":{"allow":["GET"]}}],"collection":[{"href":"https:\/\/redsemlac.com\/semmexico\/wp-json\/wp\/v2\/posts"}],"about":[{"href":"https:\/\/redsemlac.com\/semmexico\/wp-json\/wp\/v2\/types\/post"}],"author":[{"embeddable":true,"href":"https:\/\/redsemlac.com\/semmexico\/wp-json\/wp\/v2\/users\/3"}],"replies":[{"embeddable":true,"href":"https:\/\/redsemlac.com\/semmexico\/wp-json\/wp\/v2\/comments?post=89657"}],"version-history":[{"count":0,"href":"https:\/\/redsemlac.com\/semmexico\/wp-json\/wp\/v2\/posts\/89657\/revisions"}],"wp:featuredmedia":[{"embeddable":true,"href":"https:\/\/redsemlac.com\/semmexico\/wp-json\/wp\/v2\/media\/70219"}],"wp:attachment":[{"href":"https:\/\/redsemlac.com\/semmexico\/wp-json\/wp\/v2\/media?parent=89657"}],"wp:term":[{"taxonomy":"category","embeddable":true,"href":"https:\/\/redsemlac.com\/semmexico\/wp-json\/wp\/v2\/categories?post=89657"},{"taxonomy":"post_tag","embeddable":true,"href":"https:\/\/redsemlac.com\/semmexico\/wp-json\/wp\/v2\/tags?post=89657"}],"curies":[{"name":"wp","href":"https:\/\/api.w.org\/{rel}","templated":true}]}}