{"id":89629,"date":"2024-11-13T20:41:31","date_gmt":"2024-11-14T02:41:31","guid":{"rendered":"https:\/\/redsemlac.com\/semmexico\/?p=89629"},"modified":"2024-11-13T20:41:31","modified_gmt":"2024-11-14T02:41:31","slug":"la-paridad-de-genero-debe-aplicarse-mas-alla-de-lo-politico","status":"publish","type":"post","link":"https:\/\/redsemlac.com\/semmexico\/la-paridad-de-genero-debe-aplicarse-mas-alla-de-lo-politico\/","title":{"rendered":"La paridad de g\u00e9nero debe aplicarse m\u00e1s all\u00e1 de lo pol\u00edtico"},"content":{"rendered":"<ul>\n<li><em>Dice consejera del IECDM, son derechos no concesiones<\/em><\/li>\n<li><em>Maira Melisa Guerra participa en la Sexta edici\u00f3n de Talentum Mujeres Civitas (TMC) 2024<\/em><\/li>\n<\/ul>\n<p>&nbsp;<\/p>\n<p>Micaela M\u00e1rquez<\/p>\n<p>SemM\u00e9xico, Cd. de M\u00e9xico, 13 de noviembre 2024.- La paridad de g\u00e9nero no es una cuota, sino que significa piso parejo entre hombres y mujeres, \u201c&#8230;es un piso, no un techo, tambi\u00e9n es horizontal y vertical, adem\u00e1s es una cuesti\u00f3n que se lleva a todos los espacios, no solamente a lo pol\u00edtico\u201d, precis\u00f3 la consejera del Instituto Electoral de la Ciudad de M\u00e9xico (IECM), Maira Melisa Guerra Pulido.<\/p>\n<p>Destac\u00f3 los avances en participaci\u00f3n e igualdad como el reconocimiento de la diversidad; paridad de g\u00e9nero en la integraci\u00f3n de los \u00f3rganos del Estado; democracia paritaria; reconocimiento de la Violencia Pol\u00edtica contra las Mujeres en Raz\u00f3n de G\u00e9nero, y cambio de temas de la agenda pol\u00edtica.<\/p>\n<p>En el marco de las Jornadas Presenciales de la Sexta edici\u00f3n de Talentum Mujeres Civitas (TMC) 2024, organizada por el Instituto Nacional Electoral (INE), El Colegio de M\u00e9xico (Colmex) y el Centro de Estudios de G\u00e9nero (CEG).<\/p>\n<p>La tambi\u00e9n integrante de la Comisi\u00f3n Provisional para el Seguimiento de la Participaci\u00f3n Pol\u00edtica de las Mujeres y los Grupos de Atenci\u00f3n Prioritaria del IECM coment\u00f3 que se debe reconocer a las mujeres mexicanas su lucha por los derechos pol\u00edticos en el contexto hist\u00f3rico, \u201ces necesario recordar que ning\u00fan derecho se ha ganado por concesi\u00f3n y gracia de nadie\u201d.<\/p>\n<p>\u201cToda servidora p\u00fablica tiene la obligaci\u00f3n de asumir como compromiso social la perspectiva de g\u00e9nero y cumplir con la paridad\u201d, afirm\u00f3 al hablar de la \u201cCiudadan\u00eda y g\u00e9nero: Nuevos avances en participaci\u00f3n e igualdad\u201d en las instalaciones del Colmex.<\/p>\n<p>La consejera electoral, Guerra Pulido, se\u00f1al\u00f3 que la paridad y la perspectiva de g\u00e9nero, ambos conceptos son aportaciones importantes de la lucha de las mujeres y en estos temas el Estado tiene una gran responsabilidad, ya que con ellos se busca que las personas tengan los mismos derechos y alcancen la felicidad.<\/p>\n<p>Ante las integrantes de Talentum Mujeres Civitas abund\u00f3 sobre la lucha social de las mujeres a nivel mundial y del pa\u00eds, coment\u00f3 que a nivel regional se han tenido avances muy importantes en las normativas en materia de los derechos de las mujeres.<\/p>\n<p>Sin embargo, asegur\u00f3 que se debe avanzar en la interseccionalidad y combatir las opresiones y estereotipos que limitan los derechos, ya que cuando se habla de g\u00e9nero, no significa que s\u00f3lo se hable de mujeres.<\/p>\n<p>TMC es un programa extracurricular para mujeres estudiantes de nivel medio superior, el cual busca que las estudiantes desarrollen autoconocimiento, confianza en s\u00ed mismas, sentido de autoeficacia, capacidades ciudadanas y compromiso de actuar en beneficio de su comunidad. Tambi\u00e9n pretende dotarlas de herramientas para participar en la vida pol\u00edtica y estimular su inter\u00e9s en la identificaci\u00f3n de los problemas p\u00fablicos y de la puesta en marcha de propuestas de soluci\u00f3n.<\/p>\n<p>SEM\/mm\/sj<\/p>\n","protected":false},"excerpt":{"rendered":"<p>Dice consejera del IECDM, son derechos no concesiones Maira Melisa Guerra participa en la Sexta edici\u00f3n de Talentum Mujeres Civitas (TMC) 2024 &nbsp; Micaela M\u00e1rquez SemM\u00e9xico, Cd. de M\u00e9xico, 13 de noviembre 2024.- La paridad de g\u00e9nero no es una cuota, sino que significa piso parejo entre hombres y mujeres, \u201c&#8230;es un piso, no un [&hellip;]<\/p>\n","protected":false},"author":3,"featured_media":89632,"comment_status":"open","ping_status":"open","sticky":false,"template":"","format":"standard","meta":{"_monsterinsights_skip_tracking":false,"footnotes":""},"categories":[682],"tags":[],"class_list":["post-89629","post","type-post","status-publish","format-standard","has-post-thumbnail","category-noticias"],"_links":{"self":[{"href":"https:\/\/redsemlac.com\/semmexico\/wp-json\/wp\/v2\/posts\/89629","targetHints":{"allow":["GET"]}}],"collection":[{"href":"https:\/\/redsemlac.com\/semmexico\/wp-json\/wp\/v2\/posts"}],"about":[{"href":"https:\/\/redsemlac.com\/semmexico\/wp-json\/wp\/v2\/types\/post"}],"author":[{"embeddable":true,"href":"https:\/\/redsemlac.com\/semmexico\/wp-json\/wp\/v2\/users\/3"}],"replies":[{"embeddable":true,"href":"https:\/\/redsemlac.com\/semmexico\/wp-json\/wp\/v2\/comments?post=89629"}],"version-history":[{"count":0,"href":"https:\/\/redsemlac.com\/semmexico\/wp-json\/wp\/v2\/posts\/89629\/revisions"}],"wp:featuredmedia":[{"embeddable":true,"href":"https:\/\/redsemlac.com\/semmexico\/wp-json\/wp\/v2\/media\/89632"}],"wp:attachment":[{"href":"https:\/\/redsemlac.com\/semmexico\/wp-json\/wp\/v2\/media?parent=89629"}],"wp:term":[{"taxonomy":"category","embeddable":true,"href":"https:\/\/redsemlac.com\/semmexico\/wp-json\/wp\/v2\/categories?post=89629"},{"taxonomy":"post_tag","embeddable":true,"href":"https:\/\/redsemlac.com\/semmexico\/wp-json\/wp\/v2\/tags?post=89629"}],"curies":[{"name":"wp","href":"https:\/\/api.w.org\/{rel}","templated":true}]}}