{"id":89622,"date":"2024-11-13T20:35:06","date_gmt":"2024-11-14T02:35:06","guid":{"rendered":"https:\/\/redsemlac.com\/semmexico\/?p=89622"},"modified":"2024-11-13T20:35:06","modified_gmt":"2024-11-14T02:35:06","slug":"la-indignacion-en-las-calles-este-dia-pierde-todo-mexico","status":"publish","type":"post","link":"https:\/\/redsemlac.com\/semmexico\/la-indignacion-en-las-calles-este-dia-pierde-todo-mexico\/","title":{"rendered":"La indignaci\u00f3n en las calles, \u201ceste d\u00eda pierde todo M\u00e9xico\u201d"},"content":{"rendered":"<ul>\n<li><em>Diversas organizaciones civiles advierten a \u201clos se\u00f1ores de Morena rechazo por la reelecci\u00f3n de Piedra Ibarra<\/em><\/li>\n<li><em>Se confirma lo que son capaces de hacer una mayor\u00eda rapaz y embriagada de poder, exponen en una carta<\/em><\/li>\n<\/ul>\n<p>&nbsp;<\/p>\n<p>SemM\u00e9xico, Cd. de M\u00e9xico, 13 de noviembre 2023.- Hoy nadie gan\u00f3, se\u00f1ores de Morena y la representante presidencial Claudia Sheinbaum, hoy pierde todo M\u00e9xico, dice una carta firmada por la Fundaci\u00f3n NICOATOLE, De Coraz\u00f3n A.C., y el Movimiento Nacional por la Salud Pap\u00e1s de Ni\u00f1os con C\u00e1ncer A.C., expresaron en una carta su rechazo a la reelecci\u00f3n de Rosario Piedra Ibarra al frente de la Comisi\u00f3n Nacional de los Derechos Humanos (CNDH).<\/p>\n<p>Esta elecci\u00f3n s\u00f3lo confirma lo que son capaces de hacer una mayor\u00eda rapaz y embriagada de poder, que se envuelve en la soberbia m\u00e1s sorda e insensible que haya registrado la reciente democracia mexicana, a\u00f1aden y advierten que con Piedra Ibarra seguir\u00e1n viol\u00e1ndose los derechos humanos y que continuar\u00e1 la impunidad; adem\u00e1s de seguir la violaci\u00f3n sistem\u00e1tica del poder p\u00fablico a los derechos humanos sin m\u00e1s se\u00f1alamientos ni consecuencias reales.<\/p>\n<p>En la carta de cinco p\u00e1rrafos refieren que este 13 de noviembre es un d\u00eda triste, sin embargo, seguiremos con la firme convicci\u00f3n de luchar por los derechos humanos a trav\u00e9s de todos los medios posibles.<\/p>\n<p>\u201cAnte la CNDH comprometida y sin recursos legales eficaces como los amparos, nos vemos obligados a recurrir a las t\u00e9cnicas y estrategias de resistencia civil\u201d, nos mantendremos en pie de lucha y redoblaremos esfuerzos para visibilizar y resistir estas acciones que lastiman profundamente la justicia y dignidad en nuestro pa\u00eds.<\/p>\n<p>SEM\/sj<\/p>\n","protected":false},"excerpt":{"rendered":"<p>Diversas organizaciones civiles advierten a \u201clos se\u00f1ores de Morena rechazo por la reelecci\u00f3n de Piedra Ibarra Se confirma lo que son capaces de hacer una mayor\u00eda rapaz y embriagada de poder, exponen en una carta &nbsp; SemM\u00e9xico, Cd. de M\u00e9xico, 13 de noviembre 2023.- Hoy nadie gan\u00f3, se\u00f1ores de Morena y la representante presidencial Claudia [&hellip;]<\/p>\n","protected":false},"author":3,"featured_media":89623,"comment_status":"open","ping_status":"open","sticky":false,"template":"","format":"standard","meta":{"_monsterinsights_skip_tracking":false,"footnotes":""},"categories":[682],"tags":[],"class_list":["post-89622","post","type-post","status-publish","format-standard","has-post-thumbnail","category-noticias"],"_links":{"self":[{"href":"https:\/\/redsemlac.com\/semmexico\/wp-json\/wp\/v2\/posts\/89622","targetHints":{"allow":["GET"]}}],"collection":[{"href":"https:\/\/redsemlac.com\/semmexico\/wp-json\/wp\/v2\/posts"}],"about":[{"href":"https:\/\/redsemlac.com\/semmexico\/wp-json\/wp\/v2\/types\/post"}],"author":[{"embeddable":true,"href":"https:\/\/redsemlac.com\/semmexico\/wp-json\/wp\/v2\/users\/3"}],"replies":[{"embeddable":true,"href":"https:\/\/redsemlac.com\/semmexico\/wp-json\/wp\/v2\/comments?post=89622"}],"version-history":[{"count":0,"href":"https:\/\/redsemlac.com\/semmexico\/wp-json\/wp\/v2\/posts\/89622\/revisions"}],"wp:featuredmedia":[{"embeddable":true,"href":"https:\/\/redsemlac.com\/semmexico\/wp-json\/wp\/v2\/media\/89623"}],"wp:attachment":[{"href":"https:\/\/redsemlac.com\/semmexico\/wp-json\/wp\/v2\/media?parent=89622"}],"wp:term":[{"taxonomy":"category","embeddable":true,"href":"https:\/\/redsemlac.com\/semmexico\/wp-json\/wp\/v2\/categories?post=89622"},{"taxonomy":"post_tag","embeddable":true,"href":"https:\/\/redsemlac.com\/semmexico\/wp-json\/wp\/v2\/tags?post=89622"}],"curies":[{"name":"wp","href":"https:\/\/api.w.org\/{rel}","templated":true}]}}