{"id":89534,"date":"2024-11-12T11:26:50","date_gmt":"2024-11-12T17:26:50","guid":{"rendered":"https:\/\/redsemlac.com\/semmexico\/?p=89534"},"modified":"2024-11-12T11:26:53","modified_gmt":"2024-11-12T17:26:53","slug":"mujeres-en-las-ondas-otra-historia-de-la-radio-en-cataluna","status":"publish","type":"post","link":"https:\/\/redsemlac.com\/semmexico\/mujeres-en-las-ondas-otra-historia-de-la-radio-en-cataluna\/","title":{"rendered":"Mujeres en las Ondas. Otra historia de la radio en Catalu\u00f1a"},"content":{"rendered":"\n<p class=\"wp-block-paragraph\"><strong>&nbsp;Elvira Alt\u00e9s<\/strong><\/p>\n\n\n\n<p class=\"wp-block-paragraph\">SemM\u00e9xico\/La Independent, 12 de noviembre, 2024.-El 14 de noviembre de 1924 se inaugura una emisora de radio que ha recibido el indicativo oficial de EAJ1. La radio nace en \u00e9poca de dictadura de Primo de Rivera, por tanto con censura informativa y en castellano.<\/p>\n\n\n\n<p class=\"wp-block-paragraph\"><strong>Las voces que han hecho historia<\/strong><\/p>\n\n\n\n<p class=\"wp-block-paragraph\">Una de las primeras personas que habl\u00f3 por la radio fue una mujer, era&nbsp;<strong>Maria Sabat\u00e9<\/strong>&nbsp;, secretaria del director, que en 1924 hac\u00eda las pertinentes pruebas de sonido, inaugurando as\u00ed un medio de comunicaci\u00f3n que ha resultado primordial en la historia , no s\u00f3lo en el \u00e1mbito de la comunicaci\u00f3n, sino tambi\u00e9n en la pol\u00edtica y la sociedad de este \u00faltimo siglo.<\/p>\n\n\n\n<p class=\"wp-block-paragraph\">La primera locutora no llega hasta 1926, y es&nbsp;<strong>Mar\u00eda Cinta Balaguer<\/strong>&nbsp;, que conduce el programa femenino. Es tambi\u00e9n el a\u00f1o en que tambi\u00e9n comienza a operar como t\u00e9cnica de emisi\u00f3n,&nbsp;<strong>M\u00aa \u00c1ngeles Fern\u00e1ndez<\/strong>&nbsp;, que se inicia en las operaciones de control de sonido a los 22 a\u00f1os y se mantiene en activo en la emisora \u200b\u200b38 a\u00f1os, hasta 1965, en la que se jubila como encargada de emisiones.<\/p>\n\n\n\n<p class=\"wp-block-paragraph\"><strong>Locutoras republicanas<\/strong><\/p>\n\n\n\n<p class=\"wp-block-paragraph\"><img loading=\"lazy\" decoding=\"async\" alt=\"Imagen en blanco y negro de personas sentadas en una mesa\n\nDescripci\u00f3n generada autom\u00e1ticamente con confianza media\" src=\"https:\/\/lh7-rt.googleusercontent.com\/docsz\/AD_4nXe_EkL-Tin5ejEvZljt9jvy6LLuP0FFMMUE95i2UljL8UhjcHtbWhhiTqBL8Iz0xsckv82IxJzXYcaUoGkTPw31dviGN4JGE_VNSonCtIVUOaSEKz2PAYUe73Zbdjwe1I3YmZDWNFugjCrBYlxL9Ig?key=6sUFBAQ_iz2HYtcpxZJBU8yi\" width=\"635\" height=\"438\"><strong>Francina Boris<\/strong>&nbsp;, en Radio Girona de RAC, 1933<\/p>\n\n\n\n<p class=\"wp-block-paragraph\">Hasta la d\u00e9cada de los 30, con la proclamaci\u00f3n de la Rep\u00fablica, no aparece la primera y \u00fanica periodista de la \u00e9poca.&nbsp;<strong>Maria Carme Nicolau<\/strong>&nbsp;, redactora jefe de la revista&nbsp;<em>La mujer catalana<\/em>&nbsp;es contratada por Radio Barcelona como auxiliar de los servicios informativos. Nicolau redacta noticias y conduce,&nbsp;<em>La Palabra,<\/em>&nbsp;el informativo del mediod\u00eda. En un interesante ejercicio de transversalidad introduce, el programa&nbsp;<em>Radiof\u00e9mina,<\/em>&nbsp;el espacio dirigido a la audiencia femenina.<\/p>\n\n\n\n<p class=\"wp-block-paragraph\">Es l\u00edcito pensar que la situaci\u00f3n profesional de las locutoras durante los a\u00f1os 30 del siglo pasado estaba suficientemente consolidada, con nombres conocidos y queridos por la audiencia, como&nbsp;<strong>Rosa Cot\u00f3<\/strong>&nbsp;, en Radio Barcelona, \u200b\u200bo&nbsp;<strong>Rosal\u00eda Rovira<\/strong>&nbsp;, en Radio Associaci\u00f3, dos aut\u00e9nticas estrellas que la llegada del franquismo no s\u00f3lo apag\u00f3 sino que las castig\u00f3 con el silencio, alej\u00e1ndolas del micr\u00f3fono y de cualquier trabajo que tuviera que ver con la radio o el teatro.<\/p>\n\n\n\n<p class=\"wp-block-paragraph\"><strong>Cae un tel\u00f3n oscuro<\/strong><\/p>\n\n\n\n<p class=\"wp-block-paragraph\"><img loading=\"lazy\" decoding=\"async\" alt=\"Imagen en blanco y negro de una persona en una cocina\n\nDescripci\u00f3n generada autom\u00e1ticamente con confianza media\" src=\"https:\/\/lh7-rt.googleusercontent.com\/docsz\/AD_4nXd-IGtx8rh-pZZZeb_K27xL_AdQqz5QDVS1kUrQJ3OvdwvPMps5COYuGiAbdAfBiXv5VpKvjUv2RUsyhxutXYCqyTsiTJ7JVeT33s1VMzaeXK4ag1ocn_ZVwoQSLpYJB4Ki6kCdETHkDpbLVs44rDg?key=6sUFBAQ_iz2HYtcpxZJBU8yi\" width=\"635\" height=\"438\">Lidia<strong> Ruano<\/strong>&nbsp;, Roda de Ter, a\u00f1os 50&#8242; presentando el&nbsp;<em>Disco solicitado<\/em><\/p>\n\n\n\n<p class=\"wp-block-paragraph\">En los primeros a\u00f1os de franquismo las emisoras vuelven al castellano, estaba prohibido incluso hablar en catal\u00e1n entre los compa\u00f1eros y las mujeres quedaron reducidas a los espacios de m\u00fasica, presentando el&nbsp;<em>Disco solicitado<\/em>&nbsp;o&nbsp;<em>Disco dedicado<\/em>&nbsp;, donde llenaban horas de emisi\u00f3n.<\/p>\n\n\n\n<p class=\"wp-block-paragraph\"><img loading=\"lazy\" decoding=\"async\" alt=\"Foto en blanco y negro de un grupo de personas posando para una foto\n\nDescripci\u00f3n generada autom\u00e1ticamente\" src=\"https:\/\/lh7-rt.googleusercontent.com\/docsz\/AD_4nXdet1igZ9smC7Tc7uIvUveer6TTY-bUP17h2X36B9Yl_xm8-_Y1ZBSenJwejhqpKRhZq3rSZmcmdPwSfR5N0c6G8Wb37641uaE872NGBvGekW5nI5u2dBaSzWqQ_-ynOYEiGrIGrM_tHlNwuG08Xw?key=6sUFBAQ_iz2HYtcpxZJBU8yi\" width=\"635\" height=\"423\">Cuadro de actrices de Radio Sabadell, 1955. Foto @Museo Sabadell<\/p>\n\n\n\n<p class=\"wp-block-paragraph\">Otro de los elementos que configur\u00f3 aquellas d\u00e9cadas de los 50, 60 y mitad de los 70 fueron las producciones de dram\u00e1ticos, que se hicieron popular en muchas emisoras, las cuales ten\u00edan contratado su propio cuadro art\u00edstico, formado por actores y actrices profesionales, as\u00ed como por directores y guionistas. En la mayor\u00eda de emisoras contaban con un grupo esc\u00e9nico para interpretar las funciones de radioteatro.<\/p>\n\n\n\n<p class=\"wp-block-paragraph\"><strong>Los consultorios<\/strong><\/p>\n\n\n\n<p class=\"wp-block-paragraph\">Algunos formatos dirigidos a la audiencia femenina han tenido \u00e9xito y se han mantenido m\u00e1s de cuatro d\u00e9cadas en antena, como los consultorios sentimentales, que ya empezaron en la \u00e9poca republicana y terminaron con bien entrada la democracia,&nbsp;<strong>Maruja Fern\u00e1ndez<\/strong>&nbsp;haciendo de &#8216;Elena Francis, despide el espacio en 1984 en Radio Peninsular, y&nbsp;<strong>Mercedes Laspra<\/strong>&nbsp;interpreta a Montserrat Fortuny desde 1939 hasta 1981, seguramente el formato m\u00e1s longevo de la radiodifusi\u00f3n.<\/p>\n\n\n\n<p class=\"wp-block-paragraph\"><strong>La transici\u00f3n, una sacudida al dial<\/strong><\/p>\n\n\n\n<p class=\"wp-block-paragraph\"><img loading=\"lazy\" decoding=\"async\" width=\"502\" height=\"699\" src=\"https:\/\/lh7-rt.googleusercontent.com\/docsz\/AD_4nXeF6fGGLZeDLFRooFyeNZ8JgeXq42DaTJVbwgusV_hFABNlLoxfLkRg0Fkdj7QjroI4QujE7bh6U10PyhJZ78CyPT9ScIucVKxES8OxmOsQUAOMhhvLAB3PDom4XK-PdP5TzC9cE4lHrJc9a8ioULw?key=6sUFBAQ_iz2HYtcpxZJBU8yi\" alt=\"Un par de personas con instrumentos musicales y micr\u00f3fonos\n\nDescripci\u00f3n generada autom\u00e1ticamente con confianza baja\"><\/p>\n\n\n\n<p class=\"wp-block-paragraph\"><strong>Montserrat Minobis<\/strong>\u00a0en Radio 4, 1990. Foto L. Guerrero<\/p>\n\n\n\n<p class=\"wp-block-paragraph\"><img loading=\"lazy\" decoding=\"async\" width=\"635\" height=\"433\" src=\"https:\/\/lh7-rt.googleusercontent.com\/docsz\/AD_4nXf3ZH8aMpsfSU5Vb3mp3TPh3yAtT_QlhX9zHz7PuOy8vBJzDB7EYqhDZManU4_KNqOi5PNYFQsPO4iBRR-OMP5JvXPU4u3Qa6m6PTqCgaAyOfLIZU3exPKbgTIIuD6Dy8EV-tglCkkyZrxXq3lKvw?key=6sUFBAQ_iz2HYtcpxZJBU8yi\" alt=\"Personas sentadas alrededor de una mesa\n\nDescripci\u00f3n generada autom\u00e1ticamente con confianza media\"><\/p>\n\n\n\n<p class=\"wp-block-paragraph\"><strong>Anna Comas<\/strong>\u00a0y\u00a0<strong>Olga Rodr\u00edguez<\/strong>\u00a0en la redacci\u00f3n de RNE, 1999<\/p>\n\n\n\n<p class=\"wp-block-paragraph\">Con la transici\u00f3n y la llegada de la democracia, la programaci\u00f3n recibe una sacudida y los perfiles radiof\u00f3nicos se modifican, la eliminaci\u00f3n de la censura y de la exclusividad informativa del Estado, que hab\u00eda durado 38 a\u00f1os (1939-1977) , permite crear los servicios de noticias, y como consecuencia, muchas periodistas aterrizan en la radio, como&nbsp;<strong>Anna Comas<\/strong>&nbsp;(R4) o&nbsp;Nuria<strong> Rib\u00f3<\/strong>&nbsp;(La Ser), algunas locutoras se convierten en editoras y presentadoras de sus propios programas, como&nbsp;<strong>Adelina Castillejo<\/strong>&nbsp;o&nbsp;<strong>Montserrat Minobis<\/strong>&nbsp;.<\/p>\n\n\n\n<p class=\"wp-block-paragraph\"><strong>Nuevas emisoras en catal\u00e1n<\/strong><\/p>\n\n\n\n<p class=\"wp-block-paragraph\"><img loading=\"lazy\" decoding=\"async\" width=\"635\" height=\"414\" src=\"https:\/\/lh7-rt.googleusercontent.com\/docsz\/AD_4nXerJjy_Z_WMnGMUmd6jQi0ZWTAvYOarhvydMH7pd6LDZP4vFjpdhQq-IW_V9SEQFwA7hLOBnDjIO-YPeoZfFPItvYW6miFNRS3vNaSqWQVtAnak_gNPIG5AEmY4msRXhww9e5U3DVnFLX329rdvpzU?key=6sUFBAQ_iz2HYtcpxZJBU8yi\" alt=\"Un grupo de j\u00f3venes sentados en una mesa\n\nDescripci\u00f3n generada autom\u00e1ticamente\"><\/p>\n\n\n\n<p class=\"wp-block-paragraph\">El equipo de la emisora Ona Catalana, en Girona, 1998.<\/p>\n\n\n\n<p class=\"wp-block-paragraph\">Otro de los fen\u00f3menos que permite la democracia es la creaci\u00f3n de cadenas de emisoras en catal\u00e1n, tanto p\u00fablicas como privadas, en diciembre de 1976 R\u00e0dio-4 de RNE y un poco antes Radio Olot, inician el camino, y en 1983 se abre Catalunya Radio, donde triunfa por las tardes&nbsp;<strong>Adelina Castillejo<\/strong>&nbsp;, y en la misma \u00e9poca Cadena 13, pone en marcha una red de emisoras, que funcion\u00f3 durante nueve a\u00f1os permitiendo que muchas profesionales cataran el micr\u00f3fono, como&nbsp;M\u00f3nica<strong> Terribas<\/strong>&nbsp;,&nbsp;<strong>Pepa Fern\u00e1ndez<\/strong>&nbsp;,&nbsp;<strong>Fina Brunet ,<\/strong>&nbsp;por poner algunos ejemplos. Como radio aparece en marzo de 1995 con buenas profesionales, que presentaron programas como&nbsp;Silvia<strong> C\u00f3ppulo<\/strong>&nbsp;,&nbsp;<strong>Elisenda Roca<\/strong>&nbsp;, entre otras muchas.<\/p>\n\n\n\n<p class=\"wp-block-paragraph\">Ona Catalana fue una emisora \u200b\u200bprivada en catal\u00e1n, que pone en marcha en 1998 en Girona y se expande por Catalu\u00f1a y ficha a&nbsp;<strong>Neus Bonet<\/strong>&nbsp;, como directora de contenidos, pero esta experiencia tampoco se alarga mucho en el tiempo y en 2007 acaba cerrando&nbsp;<strong>.<\/strong>&nbsp;El 1 de mayo de 2000 se inaugura RAC1 como una&nbsp;&nbsp;<a href=\"https:\/\/ca.wikipedia.org\/wiki\/Emissora_de_r%C3%A0dio\">emisora \u200b\u200bde radio<\/a>&nbsp;en&nbsp;&nbsp;<a href=\"https:\/\/ca.wikipedia.org\/wiki\/Catal%C3%A0\">catal\u00e1n<\/a>&nbsp;&nbsp;de car\u00e1cter generalista y comercial, siendo la primera cadena de radio privada que se ha situado como la emisora \u200b\u200bl\u00edder en Catalu\u00f1a.<\/p>\n\n\n\n<p class=\"wp-block-paragraph\"><strong>Las comunicadoras en el siglo XXI<\/strong><\/p>\n\n\n\n<p class=\"wp-block-paragraph\"><img loading=\"lazy\" decoding=\"async\" alt=\"Mujer sentada en un escritorio\n\nDescripci\u00f3n generada autom\u00e1ticamente con confianza media\" src=\"https:\/\/lh7-rt.googleusercontent.com\/docsz\/AD_4nXdeOXeVySqKSn3e-NbsggVkoAHAlEAGSKBXiAtfz17Jz_AUhBBRY_Dkmn6fDkkCtlsq5Gc4VIf1U52nIIeZyc6nYzaYfdQllka70P9Xen_k9aqgCgFb82Duk9PJDzDV39aYewNcrbReLYy6UksII6k?key=6sUFBAQ_iz2HYtcpxZJBU8yi\" width=\"423\" height=\"597\">Julia Otero, en Radio Miramar, 1987<\/p>\n\n\n\n<p class=\"wp-block-paragraph\">En estos \u00faltimos a\u00f1os en los que los magazines radiof\u00f3nicos dedican buena parte del tiempo a la informaci\u00f3n, las mujeres periodistas y comunicadoras se han hecho suyo este formato y han logrado altos \u00edndices de audiencia, de credibilidad y de estima del p\u00fablico.&nbsp;Julia<strong> Otero,<\/strong>&nbsp;que en los a\u00f1os 80 conduc\u00eda programas con mirada feminista a Radio Miramar, desde Onda Cero convoca a la audiencia a&nbsp;<em>Julia en la onda<\/em>&nbsp;,&nbsp;<strong>\u00c0ngels Barcel\u00f3<\/strong>&nbsp;, que despu\u00e9s de Catalunya Radio trabaj\u00f3 unos a\u00f1os en televisi\u00f3n, presenta&nbsp;<em>Hoy por hoy<\/em>&nbsp;, el magac\u00edn matinal de la Ser.<\/p>\n\n\n\n<p class=\"wp-block-paragraph\">Si vamos siguiendo la estela de los nombres punteros de la comunicaci\u00f3n radiof\u00f3nica se puede constatar que actualmente existe en Catalu\u00f1a todo un grupo de radiofonistas que lideran espacios y formatos diferentes, de pol\u00edtica, de deporte, de ecolog\u00eda, de cultura, musicales, de opini\u00f3n, de humor, en cualquier registro encontramos mujeres que conducen programas y espacios informativos, junto a mujeres que hacen producci\u00f3n, realizaci\u00f3n, guionizan, y aplican su talento a construir un panorama radiof\u00f3nico rico y diverso, plural y estimulante de la radiodifusi\u00f3n catalana.<\/p>\n\n\n\n<ul class=\"wp-block-list\">\n<li><a href=\"https:\/\/laindependent.cat\/etiqueta\/adelina-castillejo\/\"><em>Adelina Castillejo<\/em><\/a><em>\u00a0,\u00a0<\/em><a href=\"https:\/\/laindependent.cat\/etiqueta\/angels-barcelo\/\"><em>\u00c1ngeles Barcel\u00f3<\/em><\/a><em>\u00a0,\u00a0<\/em><a href=\"https:\/\/laindependent.cat\/etiqueta\/anna-comas-2\/\"><em>Anna Comas<\/em><\/a><em>\u00a0,\u00a0<\/em><a href=\"https:\/\/laindependent.cat\/etiqueta\/destacada\/\"><em>Destacada<\/em><\/a><em>\u00a0,\u00a0<\/em><a href=\"https:\/\/laindependent.cat\/etiqueta\/destacat\/\"><em>destacado<\/em><\/a><em>\u00a0,\u00a0<\/em><a href=\"https:\/\/laindependent.cat\/etiqueta\/dones-radiofonistes\/\"><em>mujeres radiofonistas<\/em><\/a><em>\u00a0,\u00a0<\/em><a href=\"https:\/\/laindependent.cat\/etiqueta\/elisenda-roca-2\/\"><em>Elisenda Roca<\/em><\/a><em>\u00a0,\u00a0<\/em><a href=\"https:\/\/laindependent.cat\/etiqueta\/elvira-altes-3\/\"><em>Elvira Alt\u00e9s<\/em><\/a><em>\u00a0,\u00a0Fina\u00a0<\/em><a href=\"https:\/\/laindependent.cat\/etiqueta\/fina-brunet\/\"><em>Brunet<\/em><\/a><em>\u00a0,\u00a0<\/em><a href=\"https:\/\/laindependent.cat\/etiqueta\/julia-otero\/\"><em>Julia Otero<\/em><\/a><em>\u00a0,\u00a0<\/em><a href=\"https:\/\/laindependent.cat\/etiqueta\/ma-angeles-fernandez\/\"><em>Mar\u00eda \u00c1ngeles Fern\u00e1ndez<\/em><\/a><em>\u00a0,\u00a0<\/em><a href=\"https:\/\/laindependent.cat\/etiqueta\/maruja-fernandez\/\"><em>Mar\u00eda<\/em><\/a><em>\u00a0Carmen\u00a0<\/em><a href=\"https:\/\/laindependent.cat\/etiqueta\/maria-carme-nicolau\/\"><em>Nicolau<\/em><\/a><em>\u00a0,\u00a0Mar\u00eda\u00a0<\/em><a href=\"https:\/\/laindependent.cat\/etiqueta\/maria-sabate\/\"><em>Cinta\u00a0<\/em><\/a><a href=\"https:\/\/laindependent.cat\/etiqueta\/maria-cinta-balaguer\/\"><em>Balaguer<\/em><\/a><em>\u00a0,\u00a0<\/em><a href=\"https:\/\/laindependent.cat\/etiqueta\/monica-terribas-2\/\"><em>Mar\u00eda\u00a0<\/em><\/a><a href=\"https:\/\/laindependent.cat\/etiqueta\/mercedes-laspra\/\"><em>Sabat\u00e9\u00a0<\/em><\/a><a href=\"https:\/\/laindependent.cat\/etiqueta\/monica-terribas-2\/\"><em>Terribas<\/em><\/a><em>\u00a0,\u00a0<\/em><a href=\"https:\/\/laindependent.cat\/etiqueta\/montserrat-minobis-2\/\"><em>Montserrat Minobis<\/em><\/a><em>\u00a0,\u00a0<\/em><a href=\"https:\/\/laindependent.cat\/etiqueta\/neus-bonet-2\/\"><em>Neus Bonet<\/em><\/a><em>\u00a0,\u00a0<\/em><a href=\"https:\/\/laindependent.cat\/etiqueta\/nuria-ribo-2\/\"><em>N\u00faria Rib\u00f3<\/em><\/a><em>\u00a0,\u00a0<\/em><a href=\"https:\/\/laindependent.cat\/etiqueta\/pepa-fernandez\/\"><em>Pepa Fern\u00e1ndez<\/em><\/a><em>\u00a0,\u00a0<\/em><a href=\"https:\/\/laindependent.cat\/etiqueta\/radio-3\/\"><em>Radio<\/em><\/a><em>\u00a0,\u00a0<\/em><a href=\"https:\/\/laindependent.cat\/etiqueta\/radiodifusio-catalana\/\"><em>radiodifusi\u00f3n catalana<\/em><\/a><em>\u00a0,\u00a0<\/em><a href=\"https:\/\/laindependent.cat\/etiqueta\/rosa-coto\/\"><em>Rosa Cot\u00f3<\/em><\/a><em>\u00a0,\u00a0<\/em><a href=\"https:\/\/laindependent.cat\/etiqueta\/rosalia-rovira\/\"><em>Rosal\u00eda Rovira<\/em><\/a><em>\u00a0,\u00a0<\/em><a href=\"https:\/\/laindependent.cat\/etiqueta\/silvia-coppulo-2\/\"><em>S\u00edlvia C\u00f2ppulo<\/em><\/a><\/li>\n<\/ul>\n","protected":false},"excerpt":{"rendered":"<p>&nbsp;Elvira Alt\u00e9s SemM\u00e9xico\/La Independent, 12 de noviembre, 2024.-El 14 de noviembre de 1924 se inaugura una emisora de radio que ha recibido el indicativo oficial de EAJ1. La radio nace en \u00e9poca de dictadura de Primo de Rivera, por tanto con censura informativa y en castellano. Las voces que han hecho historia Una de las [&hellip;]<\/p>\n","protected":false},"author":3,"featured_media":89535,"comment_status":"open","ping_status":"open","sticky":false,"template":"","format":"standard","meta":{"_monsterinsights_skip_tracking":false,"footnotes":""},"categories":[748],"tags":[],"class_list":["post-89534","post","type-post","status-publish","format-standard","has-post-thumbnail","category-cultura-feminista"],"_links":{"self":[{"href":"https:\/\/redsemlac.com\/semmexico\/wp-json\/wp\/v2\/posts\/89534","targetHints":{"allow":["GET"]}}],"collection":[{"href":"https:\/\/redsemlac.com\/semmexico\/wp-json\/wp\/v2\/posts"}],"about":[{"href":"https:\/\/redsemlac.com\/semmexico\/wp-json\/wp\/v2\/types\/post"}],"author":[{"embeddable":true,"href":"https:\/\/redsemlac.com\/semmexico\/wp-json\/wp\/v2\/users\/3"}],"replies":[{"embeddable":true,"href":"https:\/\/redsemlac.com\/semmexico\/wp-json\/wp\/v2\/comments?post=89534"}],"version-history":[{"count":0,"href":"https:\/\/redsemlac.com\/semmexico\/wp-json\/wp\/v2\/posts\/89534\/revisions"}],"wp:featuredmedia":[{"embeddable":true,"href":"https:\/\/redsemlac.com\/semmexico\/wp-json\/wp\/v2\/media\/89535"}],"wp:attachment":[{"href":"https:\/\/redsemlac.com\/semmexico\/wp-json\/wp\/v2\/media?parent=89534"}],"wp:term":[{"taxonomy":"category","embeddable":true,"href":"https:\/\/redsemlac.com\/semmexico\/wp-json\/wp\/v2\/categories?post=89534"},{"taxonomy":"post_tag","embeddable":true,"href":"https:\/\/redsemlac.com\/semmexico\/wp-json\/wp\/v2\/tags?post=89534"}],"curies":[{"name":"wp","href":"https:\/\/api.w.org\/{rel}","templated":true}]}}