{"id":89522,"date":"2024-11-12T11:21:46","date_gmt":"2024-11-12T17:21:46","guid":{"rendered":"https:\/\/redsemlac.com\/semmexico\/?p=89522"},"modified":"2024-11-12T11:22:12","modified_gmt":"2024-11-12T17:22:12","slug":"cuba-huracan-rafael-golpea-con-fuerza-la-ya-afectada-economia-cubana","status":"publish","type":"post","link":"https:\/\/redsemlac.com\/semmexico\/cuba-huracan-rafael-golpea-con-fuerza-la-ya-afectada-economia-cubana\/","title":{"rendered":"Cuba: Hurac\u00e1n Rafael golpea con fuerza la ya afectada econom\u00eda cubana"},"content":{"rendered":"\n<p class=\"wp-block-paragraph\"><em>Foto: Ilustrativa\/ SEMlac Cuba.<\/em><\/p>\n\n\n\n<p class=\"wp-block-paragraph\">Hurac\u00e1n Rafael golpea con fuerza la ya afectada econom\u00eda cubana. <br><\/p>\n\n\n\n<p class=\"wp-block-paragraph\"><em>&nbsp;Dixie Edith<\/em><em><br><\/em><\/p>\n\n\n\n<p class=\"wp-block-paragraph\">SemM\u00e9xico\/SEMlac, La Habana, Cuba, 12 de&nbsp; noviembre, 2024.- Poco m\u00e1s de la mitad de la capital cubana y de su aleda\u00f1a provincia Artemisa a\u00fan se manten\u00edan sin servicio el\u00e9ctrico al mediod\u00eda del s\u00e1bado 9 de noviembre, tras el paso de otro hurac\u00e1n dos d\u00edas antes, esta vez de gran intensidad, y de una nueva ca\u00edda del Sistema El\u00e9ctrico Nacional (SEN), el viernes previo.<\/p>\n\n\n\n<p class=\"wp-block-paragraph\"><br>El poderoso hurac\u00e1n Rafael atraves\u00f3 el occidente del archipi\u00e9lago con categor\u00eda tres, de cinco con que cuenta la escala Saffir-Simpson. Ingres\u00f3 por la playa Majana, al sur de la provincia de Artemisa, a menos de 100 kil\u00f3metros al oeste de La Habana, y sali\u00f3 de nuevo al Golfo de M\u00e9xico, dos horas y media despu\u00e9s, por el norte de ese mismo territorio.<\/p>\n\n\n\n<p class=\"wp-block-paragraph\"><br>Apenas 15 d\u00edas antes, el 20 de octubre,&nbsp;el hurac\u00e1n Oscar, de categor\u00eda uno, hab\u00eda afectado a la oriental provincia de Guant\u00e1nmao&nbsp;durante 25 horas, en medio de otro apag\u00f3n nacional, dejando ocho personas fallecidas y severas inundaciones.<\/p>\n\n\n\n<p class=\"wp-block-paragraph\"><br>Esta vez las provincias de Artemisa, La Habana, Mayabeque y Pinar del R\u00edo, junto al municipio especial Isla de la Juventud, reportaron los mayores da\u00f1os, ocasionados por fuertes lluvias y vientos sostenidos, que en algunos lugares alcanzaron los 180 kil\u00f3metros por hora.<\/p>\n\n\n\n<p class=\"wp-block-paragraph\"><br>Para Alejandra Morej\u00f3n, joven periodista de la revista&nbsp;<em>Bohemia<\/em>, fueron impactantes los testimonios de pobladores de Artemisa, obtenidos durante un recorrido realizado apenas 48 horas despu\u00e9s de pasar el fen\u00f3meno meteorol\u00f3gico.<\/p>\n\n\n\n<p class=\"wp-block-paragraph\"><br>\u00abRosa, una vecina del municipio de Caimito, nos dijo que era el peor hurac\u00e1n que recordaba\u00bb, narr\u00f3 Morej\u00f3n a SEMlac.<\/p>\n\n\n\n<p class=\"wp-block-paragraph\"><br>\u00abSin dejar de arrastrar lejos de su casa los trozos del \u00e1rbol de aguacate que ten\u00eda en su portal, la se\u00f1ora nos explic\u00f3 que a ella los vientos le desbarataron el techo y por la loma cercana &#8216;acab\u00f3 con todo, parec\u00eda que el mundo se iba a acabar arriba de mi cabeza'\u00bb, refiri\u00f3 la colega.<br>Durante el recorrido, que tambi\u00e9n lleg\u00f3 hasta el municipio de Guanajay y la ciudad de Artemisa, Morej\u00f3n y su equipo se encontraron muchos cables, postes el\u00e9ctricos y telef\u00f3nicos en el suelo, techos arrasados y viviendas a\u00fan inundadas.<\/p>\n\n\n\n<p class=\"wp-block-paragraph\"><br>\u00abEn el municipio capital de ese territorio, del mismo nombre, Zoraida, maquillista del Telecentro provincial, nos cont\u00f3 que llor\u00f3 mientras pasaban los peores vientos. Fue testigo del derrumbe del techo del nuevo estudio, que apenas unos meses antes se levant\u00f3 como anexo del anterior centro televisivo\u00bb, rememor\u00f3 la periodista.<\/p>\n\n\n\n<p class=\"wp-block-paragraph\"><br>\u00abEl equipo de Zoraida, adem\u00e1s, estuvo movilizado durante el hurac\u00e1n haciendo pases a la televisi\u00f3n nacional. Seg\u00fan esta trabajadora, llor\u00f3 porque nunca hab\u00eda visto tanta destrucci\u00f3n, ni siquiera cuando el hurac\u00e1n Charlie de 2004, que pas\u00f3 con mucha intensidad. Para ella, fueron momentos tristes, de mucho miedo\u00bb, relat\u00f3 Morej\u00f3n.<\/p>\n\n\n\n<p class=\"wp-block-paragraph\"><br>El cicl\u00f3n no provoc\u00f3 p\u00e9rdidas humanas, pero dej\u00f3 da\u00f1os materiales y econ\u00f3micos de gran envergadura.<\/p>\n\n\n\n<p class=\"wp-block-paragraph\"><br>En Artemisa, el territorio m\u00e1s afectado, se contabilizaban hasta el viernes 8 de noviembre alrededor de 4.933 casas afectadas, la mayor\u00eda con derrumbes parciales de sus estructuras y totales de techo, adem\u00e1s de severas afectaciones a hospitales, policl\u00ednicos y escuelas, seg\u00fan datos aportados por Gladys Mart\u00ednez Verdecia, presidenta del Consejo de Defensa de ese territorio, estructura que se activa en Cuba en tiempos de emergencias.<\/p>\n\n\n\n<p class=\"wp-block-paragraph\"><br>Adem\u00e1s, se constataron da\u00f1os en instalaciones productivas y espacios emblem\u00e1ticos como el Estadio de Artemisa (de beisbol), seg\u00fan&nbsp;public\u00f3 el diario Granma.<\/p>\n\n\n\n<p class=\"wp-block-paragraph\"><br>En La Habana, Rafael caus\u00f3 al menos 461 derrumbes totales y parciales por cubiertas, ca\u00edda de paredes o de escaleras y fueron evacuadas previamente unas 98.345 personas, dijo en conferencia de prensa el jueves 7 la gobernadora de la provincia, Yanet Hern\u00e1ndez P\u00e9rez.<\/p>\n\n\n\n<p class=\"wp-block-paragraph\"><br>En la provincia Mayabeque, hasta el s\u00e1bado se contabilizaban 660 viviendas con da\u00f1os significativos, 63 de ellas con derrumbes totales y alrededor de 100 instituciones estatales afectadas.<br><br><strong>Econom\u00eda: los mayores perjuicios<\/strong><br>En general, las infraestructuras m\u00e1s da\u00f1adas fueron l\u00edneas de transmisi\u00f3n el\u00e9ctrica que enlazan La Habana y Artemisa con la provincia de Pinar del R\u00edo, en el extremo oeste del pa\u00eds, las radio base transmisoras de las se\u00f1ales de radiodifusi\u00f3n y telefon\u00eda celular.<\/p>\n\n\n\n<p class=\"wp-block-paragraph\"><br>El s\u00e1bado ya se hab\u00eda reconectado el SEN, pero solo hasta La Habana, y se trabajaba en llevar corriente a Pinar del R\u00edo por las l\u00edneas de 110.000 volts, porque las de 120.000, aunque brindan m\u00e1s seguridad, demorar\u00e1n m\u00e1s en restablecerse por causa de la ca\u00edda de m\u00e1s de cinco torres transmisoras.<\/p>\n\n\n\n<p class=\"wp-block-paragraph\"><br>\u00abEntre Mariel y Pinar, en un doble circuito de 220.000 volts, cayeron varias torres, y esa afectaci\u00f3n puede permanecer alrededor de 15 d\u00edas\u00bb, precis\u00f3&nbsp;<a href=\"https:\/\/www.guerrillero.cu\/estrategia-para-restablecer-servicio-electrico-en-el-occidente\/\">el peri\u00f3dico&nbsp;<em>Guerrillero<\/em><\/a>, de Pinar del R\u00edo.<br>En la agricultura, cultivos como el pl\u00e1tano, la yuca, el frijol, las hortalizas y el arroz fueron muy impactados y se perdi\u00f3 gran parte del tabaco sembrado, aunque se logr\u00f3 proteger los semilleros.<\/p>\n\n\n\n<p class=\"wp-block-paragraph\"><br>Por otra parte, la Zona Especial de Desarrollo Mariel, uno de los parques industriales m\u00e1s importantes del pa\u00eds, ubicado pr\u00e1cticamente en medio de la trayectoria de Rafael, report\u00f3 da\u00f1os considerables.<\/p>\n\n\n\n<p class=\"wp-block-paragraph\"><br>Las principales afectaciones se registran en la Terminal de Contenedores, en cubiertas, paredes y fachadas de instalaciones, as\u00ed como en el parque solar fotovoltaico de Guajaib\u00f3n y la f\u00e1brica de detergentes Suchel TBV, ambos del grupo vietnamita Thai Binh. La f\u00e1brica de cigarrillos Brascuba tambi\u00e9n sufri\u00f3 da\u00f1os muy severos, seg\u00fan&nbsp;<em>Granma<\/em>.<\/p>\n\n\n\n<p class=\"wp-block-paragraph\"><br>Al cierre de esta informaci\u00f3n, comenzaban a llegar noticias de acciones solidarias por parte de instituciones, grupos de personas, organizaciones de la sociedad civil, dentro y fuera de Cuba.<br>Rusia, por ejemplo, otorg\u00f3 un cr\u00e9dito por 60 millones de d\u00f3lares para la compra de combustibles y entreg\u00f3 un donativo de otros dos millones de d\u00f3lares para la adquisici\u00f3n de piezas y componentes necesarios para la recuperaci\u00f3n del SEN, seg\u00fan trascendi\u00f3 en una reuni\u00f3n de la Comisi\u00f3n Intergubernamental Rusia-Cuba&nbsp;divulgada por Cuabadebate.<\/p>\n\n\n\n<p class=\"wp-block-paragraph\"><a href=\"mailto:dixiedith@gmail.com\">dixiedith@gmail.com<\/a><\/p>\n","protected":false},"excerpt":{"rendered":"<p>Foto: Ilustrativa\/ SEMlac Cuba. Hurac\u00e1n Rafael golpea con fuerza la ya afectada econom\u00eda cubana. &nbsp;Dixie Edith SemM\u00e9xico\/SEMlac, La Habana, Cuba, 12 de&nbsp; noviembre, 2024.- Poco m\u00e1s de la mitad de la capital cubana y de su aleda\u00f1a provincia Artemisa a\u00fan se manten\u00edan sin servicio el\u00e9ctrico al mediod\u00eda del s\u00e1bado 9 de noviembre, tras el paso [&hellip;]<\/p>\n","protected":false},"author":3,"featured_media":89524,"comment_status":"open","ping_status":"open","sticky":false,"template":"","format":"standard","meta":{"_monsterinsights_skip_tracking":false,"footnotes":""},"categories":[694],"tags":[],"class_list":["post-89522","post","type-post","status-publish","format-standard","has-post-thumbnail","category-destacadas"],"_links":{"self":[{"href":"https:\/\/redsemlac.com\/semmexico\/wp-json\/wp\/v2\/posts\/89522","targetHints":{"allow":["GET"]}}],"collection":[{"href":"https:\/\/redsemlac.com\/semmexico\/wp-json\/wp\/v2\/posts"}],"about":[{"href":"https:\/\/redsemlac.com\/semmexico\/wp-json\/wp\/v2\/types\/post"}],"author":[{"embeddable":true,"href":"https:\/\/redsemlac.com\/semmexico\/wp-json\/wp\/v2\/users\/3"}],"replies":[{"embeddable":true,"href":"https:\/\/redsemlac.com\/semmexico\/wp-json\/wp\/v2\/comments?post=89522"}],"version-history":[{"count":0,"href":"https:\/\/redsemlac.com\/semmexico\/wp-json\/wp\/v2\/posts\/89522\/revisions"}],"wp:featuredmedia":[{"embeddable":true,"href":"https:\/\/redsemlac.com\/semmexico\/wp-json\/wp\/v2\/media\/89524"}],"wp:attachment":[{"href":"https:\/\/redsemlac.com\/semmexico\/wp-json\/wp\/v2\/media?parent=89522"}],"wp:term":[{"taxonomy":"category","embeddable":true,"href":"https:\/\/redsemlac.com\/semmexico\/wp-json\/wp\/v2\/categories?post=89522"},{"taxonomy":"post_tag","embeddable":true,"href":"https:\/\/redsemlac.com\/semmexico\/wp-json\/wp\/v2\/tags?post=89522"}],"curies":[{"name":"wp","href":"https:\/\/api.w.org\/{rel}","templated":true}]}}