{"id":89512,"date":"2024-11-11T19:49:45","date_gmt":"2024-11-12T01:49:45","guid":{"rendered":"https:\/\/redsemlac.com\/semmexico\/?p=89512"},"modified":"2024-11-11T19:50:28","modified_gmt":"2024-11-12T01:50:28","slug":"palabra-de-antigona-pacto-patriarcal","status":"publish","type":"post","link":"https:\/\/redsemlac.com\/semmexico\/palabra-de-antigona-pacto-patriarcal\/","title":{"rendered":"Palabra de Ant\u00edgona| Pacto Patriarcal"},"content":{"rendered":"\n<p class=\"wp-block-paragraph\">Sara Lovera<\/p>\n\n\n\n<p class=\"wp-block-paragraph\">SemM\u00e9xico, Cd. de M\u00e9xico, 11 de noviembre, 2024.- La incertidumbre es la\u00a0falta de certeza. Genera inseguridad, inquietud, duda, recelo y hasta\u00a0 sospecha. As\u00ed lo sienten muchas\u00a0 feministas porque no hay claridad si habr\u00e1\u00a0 voluntad pol\u00edtica para rescatar la pol\u00edtica de g\u00e9nero, su presupuesto, y la acci\u00f3n integral para prevenir y atender la violencia contra las mujeres.<\/p>\n\n\n\n<p class=\"wp-block-paragraph\">Estamos estrenando una&nbsp; Secretar\u00eda de las Mujeres, aprobada por el Congreso y lista para trabajar. Pero&nbsp; no sabemos si se trata&nbsp; de un progreso simb\u00f3lico \u00fanicamente sin&nbsp; posibilidad de materializar acciones. No sabemos c\u00f3mo&nbsp; se arma y si como se solicit\u00f3, incluir\u00e1 a las organizaciones sociales en su estructura.<\/p>\n\n\n\n<p class=\"wp-block-paragraph\">Mientras tanto est\u00e1&nbsp; la realidad. A 42 d\u00edas de la nueva administraci\u00f3n nos duele el asesinato de una periodista, Patricia Ram\u00edrez Gonz\u00e1lez de Colima; el asesinato de 2 mujeres en Acapulco; las amenazas a Irinea Buend\u00eda, tenaz en la denuncia de la impunidad en casos de feminicidio. Fueron a balear su casa.<\/p>\n\n\n\n<p class=\"wp-block-paragraph\">Se suman las amenazas de muerte a la&nbsp; poeta y activista zoque Mikeas S\u00e1nchez&nbsp;&nbsp; defensora&nbsp; de la madre tierra y contra los maga proyectos,&nbsp; amiga del sacerdote Marcelo P\u00e9rez, asesinado el pasado 20 de octubre. El de Irinea y \u00e9ste parecen casos de la tradicional represi\u00f3n a opositores en otros tiempos.<\/p>\n\n\n\n<p class=\"wp-block-paragraph\">Se suma la ejecuci\u00f3n de Adriana y Virginia Ortiz Garc\u00eda, 2 mujeres de la comunidad triqui, sucedido&nbsp; en pleno centro de Oaxaca el 28 de octubre quienes&nbsp; durante a\u00f1os&nbsp; exigieron&nbsp; la aparici\u00f3n de Daniela y Virginia&nbsp; Ortiz Ram\u00edrez, sus primas radialistas comunitarias&nbsp; desaparecidas desde 2007.<\/p>\n\n\n\n<p class=\"wp-block-paragraph\">La incertidumbre crece por la &nbsp;falta de informaci\u00f3n. Pasa con las reformas constitucionales. No sabemos que esperan las mujeres con la&nbsp; reforma judicial, c\u00f3mo se&nbsp; afectar\u00e1n los derechos de todas;&nbsp; no sabemos c\u00f3mo impactar\u00e1 a las mujeres si&nbsp;&nbsp; la C\u00e1mara de Diputados aprueba esta&nbsp; semana la eliminaci\u00f3n de siete \u00f3rganos aut\u00f3nomos, entre ellos el INAI, uno de los medios para tener idea y conocer de qu\u00e9 tama\u00f1o es la violencia contra las mujeres, datos que pod\u00edan solicitarse, base para la prevenci\u00f3n.<\/p>\n\n\n\n<p class=\"wp-block-paragraph\">Quien nos explica la reforma sobre&nbsp; la supremac\u00eda constitucional aprobada a toda prisa por&nbsp; los legisladores federales y los Congresos Estatales. Qu\u00e9 significa para las mujeres que como Irinea Buend\u00eda logr\u00f3 a trav\u00e9s de la suprema Corte enderezar el feminicidio de su hija, Mariana Lima Buend\u00eda, tipificado como suicidio, cuando era&nbsp; feminicidio.<\/p>\n\n\n\n<p class=\"wp-block-paragraph\">Hay otro sesgo preocupante. Ha vuelto a la escena el pacto patriarcal. Es Tabasco este domingo&nbsp; se acord\u00f3 que dirigir\u00e1&nbsp; Morena un violentador pol\u00edtico en raz\u00f3n de g\u00e9nero, se llama&nbsp; Jes\u00fas Selvan Garc\u00eda, inscrito, en el registro de violentadores, cuyas fechor\u00edas est\u00e1n documentadas&nbsp; en el expediente SX-JDC-225\/2023 del Tribunal Electoral del Poder Judicial de la Federaci\u00f3n, por ataque f\u00edsico y verbal contra la diputada Rita G\u00e1lvez Bonora.<\/p>\n\n\n\n<p class=\"wp-block-paragraph\">Adem\u00e1s&nbsp; la denuncia de Lupita, una mujer polic\u00eda de investigaci\u00f3n de la Fiscal\u00eda General del Estado de Chiapas quien hace d\u00edas,&nbsp; denunci\u00f3 penal y p\u00fablicamente al comandante de la corporaci\u00f3n, Ernesto Molina Aguilar, por el delito de abuso sexual. Lupita est\u00e1 hospitalizada. Su familia teme que se encubrir\u00e1 al perpetrador.<\/p>\n\n\n\n<p class=\"wp-block-paragraph\">Ya se empieza a decir \u00bfQu\u00e9 pasar\u00e1&nbsp; con&nbsp; Melanie Barrag\u00e1n?&nbsp; de Cd. Madero, Tamaulipas, agredida f\u00edsicamente por su novio, Christian de Jes\u00fas Rojas, el 31 de octubre durante una fiesta de Halloween. Caso viralizado;&nbsp; el&nbsp; agresor huy\u00f3.<\/p>\n\n\n\n<p class=\"wp-block-paragraph\">No me alcanza el espacio,&nbsp; para tanto y en noviembre, el mes&nbsp; para reflexionar sobre la violencia contra las mujeres. Por ello no amaina esta incertidumbre de si habr\u00e1 o no&nbsp; la voluntad pol\u00edtica para la&nbsp; atenci\u00f3n integral de la violencia feminicida. Veremos<\/p>\n\n\n\n<p class=\"wp-block-paragraph\">*Periodista. Editora de G\u00e9nero en la OEM, directora del portal informativo http:\/www:\/semmexico.mx<\/p>\n","protected":false},"excerpt":{"rendered":"<p>Sara Lovera SemM\u00e9xico, Cd. de M\u00e9xico, 11 de noviembre, 2024.- La incertidumbre es la\u00a0falta de certeza. Genera inseguridad, inquietud, duda, recelo y hasta\u00a0 sospecha. As\u00ed lo sienten muchas\u00a0 feministas porque no hay claridad si habr\u00e1\u00a0 voluntad pol\u00edtica para rescatar la pol\u00edtica de g\u00e9nero, su presupuesto, y la acci\u00f3n integral para prevenir y atender la violencia [&hellip;]<\/p>\n","protected":false},"author":3,"featured_media":70950,"comment_status":"open","ping_status":"open","sticky":false,"template":"","format":"standard","meta":{"_monsterinsights_skip_tracking":false,"footnotes":""},"categories":[35,95,69],"tags":[],"class_list":["post-89512","post","type-post","status-publish","format-standard","has-post-thumbnail","category-opinion","category-palabra-de-antigona","category-sara-lovera"],"_links":{"self":[{"href":"https:\/\/redsemlac.com\/semmexico\/wp-json\/wp\/v2\/posts\/89512","targetHints":{"allow":["GET"]}}],"collection":[{"href":"https:\/\/redsemlac.com\/semmexico\/wp-json\/wp\/v2\/posts"}],"about":[{"href":"https:\/\/redsemlac.com\/semmexico\/wp-json\/wp\/v2\/types\/post"}],"author":[{"embeddable":true,"href":"https:\/\/redsemlac.com\/semmexico\/wp-json\/wp\/v2\/users\/3"}],"replies":[{"embeddable":true,"href":"https:\/\/redsemlac.com\/semmexico\/wp-json\/wp\/v2\/comments?post=89512"}],"version-history":[{"count":0,"href":"https:\/\/redsemlac.com\/semmexico\/wp-json\/wp\/v2\/posts\/89512\/revisions"}],"wp:featuredmedia":[{"embeddable":true,"href":"https:\/\/redsemlac.com\/semmexico\/wp-json\/wp\/v2\/media\/70950"}],"wp:attachment":[{"href":"https:\/\/redsemlac.com\/semmexico\/wp-json\/wp\/v2\/media?parent=89512"}],"wp:term":[{"taxonomy":"category","embeddable":true,"href":"https:\/\/redsemlac.com\/semmexico\/wp-json\/wp\/v2\/categories?post=89512"},{"taxonomy":"post_tag","embeddable":true,"href":"https:\/\/redsemlac.com\/semmexico\/wp-json\/wp\/v2\/tags?post=89512"}],"curies":[{"name":"wp","href":"https:\/\/api.w.org\/{rel}","templated":true}]}}