{"id":89507,"date":"2024-11-11T19:40:55","date_gmt":"2024-11-12T01:40:55","guid":{"rendered":"https:\/\/redsemlac.com\/semmexico\/?p=89507"},"modified":"2024-11-11T19:47:37","modified_gmt":"2024-11-12T01:47:37","slug":"monica-lavin-autora-de-la-fragilidad-y-tallerista-de-vocacion-irrenunciable","status":"publish","type":"post","link":"https:\/\/redsemlac.com\/semmexico\/monica-lavin-autora-de-la-fragilidad-y-tallerista-de-vocacion-irrenunciable\/","title":{"rendered":"M\u00f3nica Lav\u00edn autora de la fragilidad y tallerista de vocaci\u00f3n irrenunciable"},"content":{"rendered":"\n<ul class=\"wp-block-list\">\n<li>La narradora, ensayista y novelista fue reconocida por las escritoras Myriam Moscona y Rosa Beltr\u00e1n, adem\u00e1s del escritor \u00c9lmer Mendoza<\/li>\n<\/ul>\n\n\n\n<ul class=\"wp-block-list\">\n<li>La autora de\u00a0<em>Tonada de un viejo amor<\/em>\u00a0(1996) tambi\u00e9n afirm\u00f3 que la literatura es ese territorio de resistencia<\/li>\n<\/ul>\n\n\n\n<p class=\"wp-block-paragraph\">Redacci\u00f3n<\/p>\n\n\n\n<p class=\"wp-block-paragraph\">SemM\u00e9xico, Cd. de M\u00e9xico, 11 de noviembre 2024.- En el marco del&nbsp;<em>Ciclo Protagonistas de la Literatura<\/em>, la Secretar\u00eda de Cultura del Gobierno de M\u00e9xico y el Instituto Nacional de Bellas Artes y Literatura (INBAL), a trav\u00e9s de la Coordinaci\u00f3n Nacional de Literatura (CNL), realizaron un conversatorio sobre la obra de la escritora, periodista y tallerista mexicana M\u00f3nica Lav\u00edn, ganadora del Premio Nacional Letras de Sinaloa 2023.<\/p>\n\n\n\n<p class=\"wp-block-paragraph\">Al entregar a nombre del Instituto Nacional de Bellas Artes y Literatura un reconocimiento como Protagonista de la literatura a M\u00f3nica Lav\u00edn, la directora general, Alejandra de la Paz, afirm\u00f3: \u00abTus historias, tus ensayos, guiones y cuentos nos han conmovido, nos han ense\u00f1ado, y ciertamente nos han comprometido con ese placer infinito que ustedes, como autores, nos dan: la lectura\u00bb.<\/p>\n\n\n\n<p class=\"wp-block-paragraph\">En el m\u00e1ximo recinto cultural y art\u00edstico de M\u00e9xico, la titular del INBAL reconoci\u00f3 que \u00abcasi 40 a\u00f1os de escritura te avalan y nos sentimos muy privilegiados de tenerte en la Sala Manuel M. Ponce\u00bb.<\/p>\n\n\n\n<p class=\"wp-block-paragraph\">Con un p\u00fablico atento, quien respondi\u00f3 con emotivos aplausos los comentarios y las palabras de la autora de&nbsp;<em>Sor Juana en la cocina<\/em>&nbsp;y&nbsp;<em>Yo, la peor<\/em>, entre otros t\u00edtulos, la directora a general agradeci\u00f3 la participaci\u00f3n de Myriam Moscona, Rosa Beltr\u00e1n y a Elmer Mendoza, autoras y autor de reconocida trayectoria, y comparti\u00f3: \u00abHemos tenido un retrato incre\u00edblemente, cercano, conmovedor, certero de M\u00f3nica Lav\u00edn\u00bb.<\/p>\n\n\n\n<p class=\"wp-block-paragraph\">En su intervenci\u00f3n, M\u00f3nica Lav\u00edn record\u00f3 que, siendo bi\u00f3loga, tom\u00f3 la decisi\u00f3n de irse por el incierto camino de la escritura, en el cual se \u201cecha a andar uno pase lo que pase\u201d, decisi\u00f3n que fue apoyada por sus padres y por su exesposo, quien dej\u00f3 la ingenier\u00eda por la m\u00fasica: \u201cHicieron todo lo posible para dar su apoyo para que me echara a andar por la escritura y, por qu\u00e9 no, encontrar el camino de cada quien es un privilegio\u201d.<\/p>\n\n\n\n<p class=\"wp-block-paragraph\">La autora de&nbsp;<em>Tonada de un viejo amor<\/em>&nbsp;(1996) tambi\u00e9n afirm\u00f3 que la literatura es ese territorio de resistencia, porque ah\u00ed no hay una historia \u00fanica: \u201cEs el sitio de las verdades relativas, desde&nbsp;<em>El Quijote<\/em>, y cuando dej\u00e9 la biolog\u00eda que eran verdades objetivas, las comprobables, las medibles, me di cuenta de que ese mundo de la ambig\u00fcedad, de la condici\u00f3n humana, es en el que me gusta estar\u201d.<\/p>\n\n\n\n<p class=\"wp-block-paragraph\">En su turno, la periodista y novelista Myriam Moscona afirm\u00f3 que la autora de&nbsp;<em>Ruby Tuesday no ha muerto<\/em>&nbsp;\u2212Premio Nacional de Literatura \u00abGilberto Owen\u00bb 1996\u2212 ha presentado 11 t\u00edtulos en la Feria Internacional de Libro, lo que demuestra que adem\u00e1s de ser una escritora solidaria y popular, es muy solicitada por asociar lo que lee con su propia obra.<\/p>\n\n\n\n<p class=\"wp-block-paragraph\">\u201cPor entrarle a lo otro con formas penetrantes, con rigor, con pasi\u00f3n, ha sido una maestra impecable, una tallerista de lujo; el terciopelo de su personalidad le sirve para hacerle ver a sus alumnos que ah\u00ed no es, que su estructura no funciona, que ese di\u00e1logo resulta inveros\u00edmil y que m\u00e1s vale borr\u00f3n y cuenta nueva\u201d.<\/p>\n\n\n\n<p class=\"wp-block-paragraph\">En su oportunidad, la escritora y catedr\u00e1tica Rosa Beltr\u00e1n apunt\u00f3 que un tema recurrente a toda la obra de M\u00f3nica Lav\u00edn es la fragilidad, en especial cuando los personajes se sobreponen a este sentimiento.<\/p>\n\n\n\n<p class=\"wp-block-paragraph\">\u201cLo que revela la escritura de M\u00f3nica detr\u00e1s de los h\u00e1bitos que parecen normales es que todos, todos, somos de alguna y otra manera, vulnerables (\u2026) Es el tema de otras obras y de&nbsp;<em>Yo, la peor<\/em>, otro libro que a m\u00ed me encanta, porque hablando de sor Juana (In\u00e9s de la Cruz) no permite propiamente a sor Juana hablar, siempre son las mujeres que la rodean quienes toman la palabra\u201d.<\/p>\n\n\n\n<p class=\"wp-block-paragraph\">Por su parte, el narrador \u00c9lmer Mendoza ahond\u00f3 sobre&nbsp;<em>Yo, la peor<\/em>, novela sobre sor Juana In\u00e9s de la Cruz a la que calific\u00f3 como una gran obra, ya que aborda la vida y obra de una mujer que se adhiri\u00f3 a una de las corrientes m\u00e1s dif\u00edciles en la literatura universal, el barroco.<\/p>\n\n\n\n<p class=\"wp-block-paragraph\">Por otra parte, resalt\u00f3 tambi\u00e9n&nbsp;<em>\u00daltimos d\u00edas de mis padres<\/em>, un relato que \u201clo sacudi\u00f3\u201d, porque es un registro muy intenso de lo que en M\u00e9xico se vive con los padres: \u201cEs muy profunda y es una novela que da una fotograf\u00eda de la autora, de su forma de asumir una responsabilidad, que en muchas culturas no se da, pero en M\u00e9xico s\u00ed\u201d.<\/p>\n\n\n\n<p class=\"wp-block-paragraph\">El conversatorio sobre M\u00f3nica Lav\u00edn fue moderado por la subdirectora de Literatura y Autores de la CNL, Jenifer Balderas. Durante la actividad se realiz\u00f3 una lectura dramatizada por Roselia Barrag\u00e1n con fragmentos de la obra de la autora.<\/p>\n\n\n\n<figure class=\"wp-block-image size-large\"><a href=\"https:\/\/redsemlac.com\/semmexico\/wp-content\/uploads\/2024\/11\/Lavin-TRES.jpg\"><img loading=\"lazy\" decoding=\"async\" width=\"1024\" height=\"682\" src=\"https:\/\/redsemlac.com\/semmexico\/wp-content\/uploads\/2024\/11\/Lavin-TRES-1024x682.jpg\" alt=\"\" class=\"wp-image-89508\" srcset=\"https:\/\/redsemlac.com\/semmexico\/wp-content\/uploads\/2024\/11\/Lavin-TRES-1024x682.jpg 1024w, https:\/\/redsemlac.com\/semmexico\/wp-content\/uploads\/2024\/11\/Lavin-TRES-300x200.jpg 300w, https:\/\/redsemlac.com\/semmexico\/wp-content\/uploads\/2024\/11\/Lavin-TRES-768x512.jpg 768w, https:\/\/redsemlac.com\/semmexico\/wp-content\/uploads\/2024\/11\/Lavin-TRES-150x100.jpg 150w, https:\/\/redsemlac.com\/semmexico\/wp-content\/uploads\/2024\/11\/Lavin-TRES-696x464.jpg 696w, https:\/\/redsemlac.com\/semmexico\/wp-content\/uploads\/2024\/11\/Lavin-TRES-1068x712.jpg 1068w, https:\/\/redsemlac.com\/semmexico\/wp-content\/uploads\/2024\/11\/Lavin-TRES.jpg 1280w\" sizes=\"auto, (max-width: 1024px) 100vw, 1024px\" \/><\/a><\/figure>\n","protected":false},"excerpt":{"rendered":"<p>Redacci\u00f3n SemM\u00e9xico, Cd. de M\u00e9xico, 11 de noviembre 2024.- En el marco del&nbsp;Ciclo Protagonistas de la Literatura, la Secretar\u00eda de Cultura del Gobierno de M\u00e9xico y el Instituto Nacional de Bellas Artes y Literatura (INBAL), a trav\u00e9s de la Coordinaci\u00f3n Nacional de Literatura (CNL), realizaron un conversatorio sobre la obra de la escritora, periodista y [&hellip;]<\/p>\n","protected":false},"author":3,"featured_media":89509,"comment_status":"open","ping_status":"open","sticky":false,"template":"","format":"standard","meta":{"_monsterinsights_skip_tracking":false,"footnotes":""},"categories":[748],"tags":[],"class_list":["post-89507","post","type-post","status-publish","format-standard","has-post-thumbnail","category-cultura-feminista"],"_links":{"self":[{"href":"https:\/\/redsemlac.com\/semmexico\/wp-json\/wp\/v2\/posts\/89507","targetHints":{"allow":["GET"]}}],"collection":[{"href":"https:\/\/redsemlac.com\/semmexico\/wp-json\/wp\/v2\/posts"}],"about":[{"href":"https:\/\/redsemlac.com\/semmexico\/wp-json\/wp\/v2\/types\/post"}],"author":[{"embeddable":true,"href":"https:\/\/redsemlac.com\/semmexico\/wp-json\/wp\/v2\/users\/3"}],"replies":[{"embeddable":true,"href":"https:\/\/redsemlac.com\/semmexico\/wp-json\/wp\/v2\/comments?post=89507"}],"version-history":[{"count":0,"href":"https:\/\/redsemlac.com\/semmexico\/wp-json\/wp\/v2\/posts\/89507\/revisions"}],"wp:featuredmedia":[{"embeddable":true,"href":"https:\/\/redsemlac.com\/semmexico\/wp-json\/wp\/v2\/media\/89509"}],"wp:attachment":[{"href":"https:\/\/redsemlac.com\/semmexico\/wp-json\/wp\/v2\/media?parent=89507"}],"wp:term":[{"taxonomy":"category","embeddable":true,"href":"https:\/\/redsemlac.com\/semmexico\/wp-json\/wp\/v2\/categories?post=89507"},{"taxonomy":"post_tag","embeddable":true,"href":"https:\/\/redsemlac.com\/semmexico\/wp-json\/wp\/v2\/tags?post=89507"}],"curies":[{"name":"wp","href":"https:\/\/api.w.org\/{rel}","templated":true}]}}