{"id":89503,"date":"2024-11-11T19:26:23","date_gmt":"2024-11-12T01:26:23","guid":{"rendered":"https:\/\/redsemlac.com\/semmexico\/?p=89503"},"modified":"2024-11-11T19:26:26","modified_gmt":"2024-11-12T01:26:26","slug":"oaxaca-en-alerta-maxima-por-violencia-contra-las-mujeres","status":"publish","type":"post","link":"https:\/\/redsemlac.com\/semmexico\/oaxaca-en-alerta-maxima-por-violencia-contra-las-mujeres\/","title":{"rendered":"Oaxaca \u00a1en alerta m\u00e1xima! por violencia contra las mujeres"},"content":{"rendered":"\n<ul class=\"wp-block-list\">\n<li>Reprueban los asesinatos contra las defensoras triquis Adriana y Virginia Ortiz<\/li>\n\n\n\n<li>Exigen aparici\u00f3n con vida de Sandra Dom\u00ednguez Mart\u00ednez, abogada ayuujk<\/li>\n<\/ul>\n\n\n\n<p class=\"wp-block-paragraph\">Redacci\u00f3n<\/p>\n\n\n\n<p class=\"wp-block-paragraph\">SemM\u00e9xico, Oaxaca, 11 de noviembre 2024.- Ante cuatro feminicidios y la desaparici\u00f3n desde hace 38 d\u00edas de Sandra Dom\u00ednguez Mart\u00ednez, organizaciones de la sociedad civil y defensoras de derechos humanos presentaron hoy un pronunciamiento exigiendo justicia para las v\u00edctimas y presentaci\u00f3n con vida de la defensora y abogada ayuujk y se\u00f1alan que la entidad se encuentra \u00a1en alerta m\u00e1xima!<\/p>\n\n\n\n<p class=\"wp-block-paragraph\">La acci\u00f3n p\u00fablica se dio a conocer hoy motivada por el doble feminicidio de las hermanas Adriana y Virginia Ortiz Garc\u00eda, ind\u00edgenas triquis, integrantes del Movimiento Unificador de Lucha Triqui (MULT) ocurrido la noche del 5 de noviembre en el centro de la ciudad de Oaxaca.<\/p>\n\n\n\n<p class=\"wp-block-paragraph\">\u201cAmanecimos con terror, rabia e impotencia ante el clima de violencia feminicida que permea en la entidad en total impunidad y ante la inacci\u00f3n de las autoridades, cuyas omisiones impactan principalmente en mujeres, adolescentes y ni\u00f1as oaxaque\u00f1as, sin importar ubicaci\u00f3n geogr\u00e1fica o edad\u201d.<\/p>\n\n\n\n<p class=\"wp-block-paragraph\">De acuerdo con informes oficiales y reportes de prensa, las dos mujeres ind\u00edgenas triquis fueron asesinadas en la capital de Oaxaca cuando descend\u00edan de un taxi al volver de su trabajo como vendedoras de artesan\u00edas, ya que ellas como otras integrantes de su familia eran v\u00edctimas de desplazamiento forzado, originado por la violencia registrada en sus lugares de origen en la zona conocida como triqui, en la regi\u00f3n de la mixteca oaxaque\u00f1a.<\/p>\n\n\n\n<p class=\"wp-block-paragraph\">Este atentado ni es aislado, ni es casual, se\u00f1ala el pronunciamiento que recuerda que tanto Adriana como Virginia Ortiz Garc\u00eda, son hermanas de la Emelia de los mismos apellidos, quien ha encabezado la lucha por la exigencia de justicia de sus primas Daniela y Virginia Ortiz Ram\u00edrez, v\u00edctimas de desaparici\u00f3n forzada en el a\u00f1o 2007, durante la administraci\u00f3n del gobernador priista Ulises Ruiz Ortiz.<\/p>\n\n\n\n<p class=\"wp-block-paragraph\"><strong>Feminicidios recientes<\/strong><\/p>\n\n\n\n<p class=\"wp-block-paragraph\">El pronunciamiento menciona los feminicidios de la enfermera del ISSSTE \u201cPresidente Ju\u00e1rez\u201d, Judith Vianney Toledo Santos de 29 a\u00f1os y madre de dos menores, quien fue encontrada sin vida el 2 de noviembre a 12 d\u00edas despu\u00e9s de su desaparici\u00f3n. Cabe se\u00f1alar que este domingo 10 de noviembre qued\u00f3 vinculado a proceso en prisi\u00f3n preventiva el V.A.C. imputado por el delito de feminicidio agravado en contra Julieta Vianney.<\/p>\n\n\n\n<p class=\"wp-block-paragraph\">El otro feminicidio que se denuncian en el pronunciamiento de las organizaciones no gubernamentales es el de&nbsp;Soledad&nbsp;C.G., de 20 a\u00f1os, reportada como desaparecida desde el 31 de octubre en Tuxtepec, y quien tras cinco d\u00edas de b\u00fasqueda fue localizada sin vida.<\/p>\n\n\n\n<p class=\"wp-block-paragraph\">A esta cadena de feminicidios impunes hasta el momento, se agrega la desaparici\u00f3n de la defensora de derechos humanos y abogada ayuujk, Sandra Dom\u00ednguez Mart\u00ednez, quien lleva 38 d\u00edas desaparecida.<\/p>\n\n\n\n<p class=\"wp-block-paragraph\">Por ello sostienen que es indignante que una mujer,tenga la edad que tenga, y la regi\u00f3n donde viva, pueda estar segura frente a la descomposici\u00f3n y falta de capacidad del Estado de garantizar la vida y la seguridad.<\/p>\n\n\n\n<p class=\"wp-block-paragraph\">Denunciamos la estrategia del Estado de querer inhibir la protesta y voz de las familias de las personas desaparecidas y v\u00edctimas de feminicidio.<\/p>\n\n\n\n<p class=\"wp-block-paragraph\">Denuncian la ineptitud y desarticulaci\u00f3n de las instituciones de gobierno, la omisi\u00f3n del Estado para priorizar la atenci\u00f3n de agresiones a mujeres con perspectiva de g\u00e9nero y, sobre todo, el nulo inter\u00e9s por garantizar la vida de las mujeres. As\u00ed como el andamiaje institucional responsable de esta ineficacia al momento de aplicar los protocolos de b\u00fasqueda y atenci\u00f3n de violencia.<\/p>\n\n\n\n<p class=\"wp-block-paragraph\">SEM\/sj<\/p>\n","protected":false},"excerpt":{"rendered":"<p>Redacci\u00f3n SemM\u00e9xico, Oaxaca, 11 de noviembre 2024.- Ante cuatro feminicidios y la desaparici\u00f3n desde hace 38 d\u00edas de Sandra Dom\u00ednguez Mart\u00ednez, organizaciones de la sociedad civil y defensoras de derechos humanos presentaron hoy un pronunciamiento exigiendo justicia para las v\u00edctimas y presentaci\u00f3n con vida de la defensora y abogada ayuujk y se\u00f1alan que la entidad [&hellip;]<\/p>\n","protected":false},"author":3,"featured_media":89504,"comment_status":"open","ping_status":"open","sticky":false,"template":"","format":"standard","meta":{"_monsterinsights_skip_tracking":false,"footnotes":""},"categories":[682],"tags":[],"class_list":["post-89503","post","type-post","status-publish","format-standard","has-post-thumbnail","category-noticias"],"_links":{"self":[{"href":"https:\/\/redsemlac.com\/semmexico\/wp-json\/wp\/v2\/posts\/89503","targetHints":{"allow":["GET"]}}],"collection":[{"href":"https:\/\/redsemlac.com\/semmexico\/wp-json\/wp\/v2\/posts"}],"about":[{"href":"https:\/\/redsemlac.com\/semmexico\/wp-json\/wp\/v2\/types\/post"}],"author":[{"embeddable":true,"href":"https:\/\/redsemlac.com\/semmexico\/wp-json\/wp\/v2\/users\/3"}],"replies":[{"embeddable":true,"href":"https:\/\/redsemlac.com\/semmexico\/wp-json\/wp\/v2\/comments?post=89503"}],"version-history":[{"count":0,"href":"https:\/\/redsemlac.com\/semmexico\/wp-json\/wp\/v2\/posts\/89503\/revisions"}],"wp:featuredmedia":[{"embeddable":true,"href":"https:\/\/redsemlac.com\/semmexico\/wp-json\/wp\/v2\/media\/89504"}],"wp:attachment":[{"href":"https:\/\/redsemlac.com\/semmexico\/wp-json\/wp\/v2\/media?parent=89503"}],"wp:term":[{"taxonomy":"category","embeddable":true,"href":"https:\/\/redsemlac.com\/semmexico\/wp-json\/wp\/v2\/categories?post=89503"},{"taxonomy":"post_tag","embeddable":true,"href":"https:\/\/redsemlac.com\/semmexico\/wp-json\/wp\/v2\/tags?post=89503"}],"curies":[{"name":"wp","href":"https:\/\/api.w.org\/{rel}","templated":true}]}}