{"id":89475,"date":"2024-11-11T15:33:36","date_gmt":"2024-11-11T21:33:36","guid":{"rendered":"https:\/\/redsemlac.com\/semmexico\/?p=89475"},"modified":"2024-11-11T15:34:01","modified_gmt":"2024-11-11T21:34:01","slug":"en-sexenio-de-amlo-103-asesinatos-contra-personas-defensoras-y-43-periodistas","status":"publish","type":"post","link":"https:\/\/redsemlac.com\/semmexico\/en-sexenio-de-amlo-103-asesinatos-contra-personas-defensoras-y-43-periodistas\/","title":{"rendered":"En sexenio de AMLO, 103 asesinatos contra personas defensoras y 43 periodistas"},"content":{"rendered":"\n<ul class=\"wp-block-list\">\n<li>Realizar\u00e1n el 4\u00ba Seminario Internacional de Pol\u00edticas P\u00fablicas de Protecci\u00f3n<\/li>\n\n\n\n<li>Chiapas, Jalisco, Michoac\u00e1n, Guerrero, Oaxaca y Estado de M\u00e9xico con m\u00e1s agresiones<\/li>\n<\/ul>\n\n\n\n<p class=\"wp-block-paragraph\">Redacci\u00f3n<\/p>\n\n\n\n<p class=\"wp-block-paragraph\">SemM\u00e9xico, Cd. de M\u00e9xico, 11 de noviembre 2024.- En M\u00e9xico las personas defensoras y periodistas \u201cenfrentan graves riesgos\u201d en los \u00faltimos cinco a\u00f1os hubo 103 asesinatos, informaron el Espacio para la Protecci\u00f3n de Personas Defensoras y Periodistas (Espacio OSC) y Brot F\u00fcr Dei Welt (Pan para el Mundo).<\/p>\n\n\n\n<p class=\"wp-block-paragraph\">Al anunciar el 4\u00ba Seminario Internacional de Pol\u00edticas P\u00fablicas de Protecci\u00f3n de Personas Defensoras de Derechos Humanos y Periodistas se realizar\u00e1 los d\u00edas 13 y 14 de noviembre, se\u00f1alaron que la discusi\u00f3n se centrar\u00e1 en las buenas pr\u00e1cticas y estrategias que deben adoptar en un plan de acci\u00f3n por parte de los gobiernos federal, estatales y municipales y los tres poderes p\u00fablicos, para fortalecer las pol\u00edticas de protecci\u00f3n garantizando as\u00ed el ejercicio pleno de sus derechos.<\/p>\n\n\n\n<p class=\"wp-block-paragraph\">En un comunicado se\u00f1alan que en M\u00e9xico las personas defensoras de derechos humanos y periodistas enfrentan graves riesgos relacionados con su labor, incluyendo campa\u00f1as de desprestigio, amenazas, vigilancia, desplazamiento forzado, desapariciones y asesinatos.<\/p>\n\n\n\n<p class=\"wp-block-paragraph\">Entre enero de 2019 y enero de 2024, se registraron al menos 103 asesinatos de personas defensoras y 43 de periodistas, adem\u00e1s de siete trabajadoras de medios. De las v\u00edctimas mortales, al menos 35 contaban con medidas de protecci\u00f3n del Estado, 20 a trav\u00e9s del Mecanismo de Protecci\u00f3n para Personas Defensoras de Derechos Humanos y Periodistas. Tambi\u00e9n se reportaron 38 desapariciones, de las cuales 25 fueron resueltas y 13 siguen sin respuesta.<\/p>\n\n\n\n<p class=\"wp-block-paragraph\">Las agresiones m\u00e1s frecuentes afectan a quienes defienden la tierra, el territorio y el medio ambiente, especialmente en comunidades ind\u00edgenas, as\u00ed como a quienes promueven los derechos humanos de las mujeres, la diversidad sexual y de g\u00e9nero, y el derecho a la justicia. Los estados m\u00e1s afectados son Chiapas, Jalisco, Michoac\u00e1n, Guerrero, Oaxaca y Estado de M\u00e9xico.<\/p>\n\n\n\n<p class=\"wp-block-paragraph\">En cuanto a las\/os periodistas, el 60 por ciento de las agresiones se concentraron en Sonora, Guerrero, Veracruz, Michoac\u00e1n, Estado de M\u00e9xico y Oaxaca. Los asesinatos se dieron principalmente entre quienes cubren temas policiales y pol\u00edticos, con un notable aumento de feminicidios desplazamiento forzado de mujeres periodistas.<\/p>\n\n\n\n<p class=\"wp-block-paragraph\">El Estado mexicano ha desarrollado un marco normativo e institucional para enfrentar estos problemas, incluyendo la creaci\u00f3n de la Fiscal\u00eda Especial para la Atenci\u00f3n de Delitos Cometidos contra la Libertad de Expresi\u00f3n (FEADLE) en 2010, y la Ley para la Protecci\u00f3n de Personas Defensoras de Derechos Humanos y Periodistas en 2012, a trav\u00e9s de la cual se estableci\u00f3 el Mecanismo de Protecci\u00f3n para Personas Defensoras de Derechos Humanos y Periodistas.<\/p>\n\n\n\n<p class=\"wp-block-paragraph\">Asimismo, en 2020 se ratific\u00f3 el Acuerdo de Escaz\u00fa, que busca garantizar el acceso a la informaci\u00f3n ambiental, la participaci\u00f3n p\u00fablica en la toma de decisiones, el acceso a la justicia en asuntos ambientales y la protecci\u00f3n de las y los defensores del medio ambiente.<\/p>\n\n\n\n<p class=\"wp-block-paragraph\">Estas acciones han sido importantes para avanzar en una pol\u00edtica de protecci\u00f3n, sin embargo, persisten retos significativos como la coordinaci\u00f3n interinstitucional, la asignaci\u00f3n efectiva de medidas de protecci\u00f3n, la prevenci\u00f3n de la impunidad y el abordaje de la violencia desde una perspectiva de g\u00e9nero y enfoques comunitarios.<\/p>\n\n\n\n<p class=\"wp-block-paragraph\">Estos desaf\u00edos fueron documentados en un diagn\u00f3stico de la oficina del Alto Comisionado de las Naciones Unidas para los Derechos Humanos (ONU Derechos Humanos) en 2019 y siguen vigentes.<\/p>\n\n\n\n<p class=\"wp-block-paragraph\">El Espacio OSC ha facilitado tres espacios de discusi\u00f3n sobre pol\u00edticas p\u00fablicas de protecci\u00f3n, resultando en los seminarios llevados a cabo en 2018, 2019 y 2023. La cuarta edici\u00f3n del seminario se lleva a cabo coincide con la llegada de un nuevo gobierno federal y la elecci\u00f3n de nuevos cargos p\u00fablicos a nivel de las entidades federativas y municipales.<\/p>\n\n\n\n<p class=\"wp-block-paragraph\">Este seminario busca reflexionar sobre los logros y fallas de las pol\u00edticas de protecci\u00f3n en M\u00e9xico y comparar con experiencias internacionales en pa\u00edses como Brasil, Colombia, Guatemala y Honduras, que guardan ciertas similitudes y permiten un an\u00e1lisis comparativo que refleje mejor el contexto en el que las personas DDH y periodistas desarrollan sus actividades.<\/p>\n\n\n\n<p class=\"wp-block-paragraph\">El seminario abordar\u00e1 las pol\u00edticas p\u00fablicas de protecci\u00f3n e investigaci\u00f3n, con el objetivo de generar propuestas y buscar esfuerzos conjuntos entre actores de gobierno y personas defensoras y periodistas, para revertir la violencia. Es fundamental considerar no s\u00f3lo la violencia f\u00edsica, sino tambi\u00e9n los factores que facilitan u obstaculizan la defensa de derechos, para asegurar que estas personas sean reconocidas como sujetos de derechos y no s\u00f3lo como objetos de protecci\u00f3n.<\/p>\n\n\n\n<p class=\"wp-block-paragraph\">En el 4\u00ba Seminario Internacional de Pol\u00edticas P\u00fablicas de Protecci\u00f3n de Personas Defensoras de Derechos Humanos y Periodistas se busca intercambiar experiencias en el dise\u00f1o e implementaci\u00f3n de acciones interinstitucionales, as\u00ed como en el monitoreo de pol\u00edticas p\u00fablicas a nivel de Am\u00e9rica Latina. Este intercambio involucrar\u00e1 a instancias de gobierno, actores de la sociedad civil, cuerpo diplom\u00e1tico, medios de comunicaci\u00f3n y academia.<\/p>\n\n\n\n<p class=\"wp-block-paragraph\">Por \u00faltimo, se busca continuar fomentando una masa cr\u00edtica en relaci\u00f3n con el dise\u00f1o, implementaci\u00f3n y rendici\u00f3n de cuentas de pol\u00edticas p\u00fablicas de protecci\u00f3n a personas defensoras de derechos humanos y periodistas. Este enfoque se basar\u00e1 en los derechos humanos, en la Declaraci\u00f3n sobre las personas defensoras de los derechos humanos que fue adoptada por consenso por la Asamblea General en 1998, y adoptar\u00e1 una perspectiva de teor\u00eda del cambio.<\/p>\n\n\n\n<p class=\"wp-block-paragraph\">Participan representantes de instituciones de gobierno, comisiones de derechos humanos, fiscal\u00edas, jueces, congresistas, instituciones acad\u00e9micas, cuerpo diplom\u00e1tico, estudiantes, organizaciones de la sociedad civil, colectivos\/as de defensa de derechos humanos, personas defensoras y periodistas, activistas, comunidades y pueblos ind\u00edgenas, l\u00edderes y lideresas sociales.<\/p>\n\n\n\n<p class=\"wp-block-paragraph\">Destacan Mary Lawlor, Relatora Especial de Naciones Unidas sobre la situaci\u00f3n de las y los defensores de derechos humanos (Video-Pregrabado), as\u00ed como las participaciones presencias de Diana Lepe S\u00e1nchez, directora ejecutiva, Serapaz, Servicios y Asesor\u00eda para la Paz A.C.; Ricardo Neves Cancela, Oficial de Derechos Humanos en la oficina del Alto Comisionado de Naciones Unidas para los Derechos Humanos en M\u00e9xico; Piero V\u00e1squez. Secretar\u00eda T\u00e9cnica, Comisi\u00f3n Interamericana de Derechos Humanos (CIDH), y Andreas Z\u00fcrn, director Adjunto &#8211; Goethe-Institut Mexiko, entre otras personas.<\/p>\n\n\n\n<p class=\"wp-block-paragraph\">SEM\/sj<\/p>\n\n\n\n<figure class=\"wp-block-image size-large\"><a href=\"https:\/\/redsemlac.com\/semmexico\/wp-content\/uploads\/2024\/11\/Seminario-2024.png\"><img loading=\"lazy\" decoding=\"async\" width=\"819\" height=\"1024\" src=\"https:\/\/redsemlac.com\/semmexico\/wp-content\/uploads\/2024\/11\/Seminario-2024-819x1024.png\" alt=\"\" class=\"wp-image-89478\" srcset=\"https:\/\/redsemlac.com\/semmexico\/wp-content\/uploads\/2024\/11\/Seminario-2024-819x1024.png 819w, https:\/\/redsemlac.com\/semmexico\/wp-content\/uploads\/2024\/11\/Seminario-2024-240x300.png 240w, https:\/\/redsemlac.com\/semmexico\/wp-content\/uploads\/2024\/11\/Seminario-2024-768x960.png 768w, https:\/\/redsemlac.com\/semmexico\/wp-content\/uploads\/2024\/11\/Seminario-2024-150x187.png 150w, https:\/\/redsemlac.com\/semmexico\/wp-content\/uploads\/2024\/11\/Seminario-2024-300x375.png 300w, https:\/\/redsemlac.com\/semmexico\/wp-content\/uploads\/2024\/11\/Seminario-2024-696x870.png 696w, https:\/\/redsemlac.com\/semmexico\/wp-content\/uploads\/2024\/11\/Seminario-2024-1068x1335.png 1068w, https:\/\/redsemlac.com\/semmexico\/wp-content\/uploads\/2024\/11\/Seminario-2024.png 1081w\" sizes=\"auto, (max-width: 819px) 100vw, 819px\" \/><\/a><\/figure>\n","protected":false},"excerpt":{"rendered":"<p>Redacci\u00f3n SemM\u00e9xico, Cd. de M\u00e9xico, 11 de noviembre 2024.- En M\u00e9xico las personas defensoras y periodistas \u201cenfrentan graves riesgos\u201d en los \u00faltimos cinco a\u00f1os hubo 103 asesinatos, informaron el Espacio para la Protecci\u00f3n de Personas Defensoras y Periodistas (Espacio OSC) y Brot F\u00fcr Dei Welt (Pan para el Mundo). Al anunciar el 4\u00ba Seminario Internacional [&hellip;]<\/p>\n","protected":false},"author":3,"featured_media":89477,"comment_status":"open","ping_status":"open","sticky":false,"template":"","format":"standard","meta":{"_monsterinsights_skip_tracking":false,"footnotes":""},"categories":[682],"tags":[],"class_list":["post-89475","post","type-post","status-publish","format-standard","has-post-thumbnail","category-noticias"],"_links":{"self":[{"href":"https:\/\/redsemlac.com\/semmexico\/wp-json\/wp\/v2\/posts\/89475","targetHints":{"allow":["GET"]}}],"collection":[{"href":"https:\/\/redsemlac.com\/semmexico\/wp-json\/wp\/v2\/posts"}],"about":[{"href":"https:\/\/redsemlac.com\/semmexico\/wp-json\/wp\/v2\/types\/post"}],"author":[{"embeddable":true,"href":"https:\/\/redsemlac.com\/semmexico\/wp-json\/wp\/v2\/users\/3"}],"replies":[{"embeddable":true,"href":"https:\/\/redsemlac.com\/semmexico\/wp-json\/wp\/v2\/comments?post=89475"}],"version-history":[{"count":0,"href":"https:\/\/redsemlac.com\/semmexico\/wp-json\/wp\/v2\/posts\/89475\/revisions"}],"wp:featuredmedia":[{"embeddable":true,"href":"https:\/\/redsemlac.com\/semmexico\/wp-json\/wp\/v2\/media\/89477"}],"wp:attachment":[{"href":"https:\/\/redsemlac.com\/semmexico\/wp-json\/wp\/v2\/media?parent=89475"}],"wp:term":[{"taxonomy":"category","embeddable":true,"href":"https:\/\/redsemlac.com\/semmexico\/wp-json\/wp\/v2\/categories?post=89475"},{"taxonomy":"post_tag","embeddable":true,"href":"https:\/\/redsemlac.com\/semmexico\/wp-json\/wp\/v2\/tags?post=89475"}],"curies":[{"name":"wp","href":"https:\/\/api.w.org\/{rel}","templated":true}]}}