{"id":89471,"date":"2024-11-11T14:21:14","date_gmt":"2024-11-11T20:21:14","guid":{"rendered":"https:\/\/redsemlac.com\/semmexico\/?p=89471"},"modified":"2024-11-11T14:35:13","modified_gmt":"2024-11-11T20:35:13","slug":"proponen-iniciativa-para-garantizar-atencion-medica-a-personas-recien-nacidas","status":"publish","type":"post","link":"https:\/\/redsemlac.com\/semmexico\/proponen-iniciativa-para-garantizar-atencion-medica-a-personas-recien-nacidas\/","title":{"rendered":"Proponen iniciativa para garantizar atenci\u00f3n m\u00e9dica a personas reci\u00e9n nacidas"},"content":{"rendered":"\n<ul class=\"wp-block-list\">\n<li>La propuesta fue presentada por la legisladora del grupo parlamentario del PRI, Ver\u00f3nica Mart\u00ednez<\/li>\n\n\n\n<li>La condici\u00f3n de prematura cuando nace vivo antes de 37 semanas de gestaci\u00f3n<\/li>\n<\/ul>\n\n\n\n<p class=\"wp-block-paragraph\">Redacci\u00f3n<\/p>\n\n\n\n<p class=\"wp-block-paragraph\">SemM\u00e9xico, Cd. de M\u00e9xico, 11 de noviembre, 2024.- Acciones como atenci\u00f3n, cuidados, detecci\u00f3n oportuna y la aplicaci\u00f3n de todos los tratamientos necesarios para estabilizar y controlar las complicaciones que presenten las y los nacidos prematuramente hasta su total recuperaci\u00f3n, as\u00ed como la revisi\u00f3n de retina y tamiz auditivo, se busca garantizar a trav\u00e9s de una iniciativa de reforma a la Ley General de Salud.<\/p>\n\n\n\n<p class=\"wp-block-paragraph\">Turnada a la Comisi\u00f3n de Salud para su an\u00e1lisis, la propuesta de la diputada priista Ver\u00f3nica Mart\u00ednez Garc\u00eda propone reformar los art\u00edculos 61 y 64 de dicha ley a fin de que las instituciones de salud p\u00fablica garanticen la atenci\u00f3n m\u00e9dica, insumos y tratamientos necesarios que requieren las y los nacidos de forma prematura.<\/p>\n\n\n\n<p class=\"wp-block-paragraph\">Estipula que en la organizaci\u00f3n y operaci\u00f3n de los servicios de salud las autoridades sanitarias competentes establecer\u00e1n los procedimientos y acciones jur\u00eddico administrativos que sean necesarios para garantizar la atenci\u00f3n m\u00e9dica a los nacidos prematuramente, estabiliz\u00e1ndolos hasta su total recuperaci\u00f3n, ya sea por s\u00ed o en coordinaci\u00f3n con instituciones privadas de salud.<\/p>\n\n\n\n<p class=\"wp-block-paragraph\">En la exposici\u00f3n de motivos, indica que se establecer\u00e1 la posibilidad de que las instituciones de salud tengan mecanismos administrativos adecuados para satisfacer las necesidades de los prematuros y de sus familias, al estabilizarlos y alcanzar su recuperaci\u00f3n.<\/p>\n\n\n\n<p class=\"wp-block-paragraph\">Menciona que se ampl\u00eda la cobertura de los servicios m\u00e9dicos sobre todo de las personas con mayor vulnerabilidad y favorece para asegurar plenamente su acceso al derecho a la salud en cumplimiento a lo previsto en la legislaci\u00f3n de la materia.<\/p>\n\n\n\n<p class=\"wp-block-paragraph\">Refiere que de acuerdo con la Organizaci\u00f3n Mundial de la Salud una o un reci\u00e9n nacido se considera prematuro cuando nace vivo antes de completarse 37 semanas de embarazo.<\/p>\n\n\n\n<p class=\"wp-block-paragraph\">Estima que la propuesta abonar\u00e1 a salvaguardar los derechos fundamentales de los derechohabientes y a fortalecer al sector p\u00fablico de salud en esta materia.<\/p>\n\n\n\n<p class=\"wp-block-paragraph\">Otorgar a las instituciones de salud la capacidad de tomar decisiones y poner en pr\u00e1ctica acciones preventivas espec\u00edficas en relaci\u00f3n con la atenci\u00f3n a los neonatos prematuros contribuir\u00eda a fortalecer significativamente la Ley General de Salud, enfatiza.<\/p>\n\n\n\n<p class=\"wp-block-paragraph\">Tambi\u00e9n, salvaguardar\u00e1 el acceso oportuno y adecuado a la atenci\u00f3n m\u00e9dica necesaria para los nacidos prematuros, evitar\u00e1 traslados innecesarios y optimizar\u00e1 la capacidad de respuesta de las instituciones de salud p\u00fablica.<\/p>\n\n\n\n<p class=\"wp-block-paragraph\">Adem\u00e1s, abonar\u00e1 al fortalecimiento de las medidas orientadas a reducir la brecha de desigualdad que padecen las mujeres, sobre todo las m\u00e1s vulnerables al garantizarles el acceso universal a la salud sexual y reproductiva.<\/p>\n\n\n\n<p class=\"wp-block-paragraph\">Puntualiza que la propuesta contribuye avanzar y redoblar esfuerzos para que las instituciones de salud p\u00fablica garanticen la atenci\u00f3n m\u00e9dica.<\/p>\n\n\n\n<p class=\"wp-block-paragraph\">SEM\/sj<\/p>\n\n\n\n<p class=\"wp-block-paragraph\"><\/p>\n","protected":false},"excerpt":{"rendered":"<p>Redacci\u00f3n SemM\u00e9xico, Cd. de M\u00e9xico, 11 de noviembre, 2024.- Acciones como atenci\u00f3n, cuidados, detecci\u00f3n oportuna y la aplicaci\u00f3n de todos los tratamientos necesarios para estabilizar y controlar las complicaciones que presenten las y los nacidos prematuramente hasta su total recuperaci\u00f3n, as\u00ed como la revisi\u00f3n de retina y tamiz auditivo, se busca garantizar a trav\u00e9s de [&hellip;]<\/p>\n","protected":false},"author":3,"featured_media":89472,"comment_status":"open","ping_status":"open","sticky":false,"template":"","format":"standard","meta":{"_monsterinsights_skip_tracking":false,"footnotes":""},"categories":[682],"tags":[],"class_list":["post-89471","post","type-post","status-publish","format-standard","has-post-thumbnail","category-noticias"],"_links":{"self":[{"href":"https:\/\/redsemlac.com\/semmexico\/wp-json\/wp\/v2\/posts\/89471","targetHints":{"allow":["GET"]}}],"collection":[{"href":"https:\/\/redsemlac.com\/semmexico\/wp-json\/wp\/v2\/posts"}],"about":[{"href":"https:\/\/redsemlac.com\/semmexico\/wp-json\/wp\/v2\/types\/post"}],"author":[{"embeddable":true,"href":"https:\/\/redsemlac.com\/semmexico\/wp-json\/wp\/v2\/users\/3"}],"replies":[{"embeddable":true,"href":"https:\/\/redsemlac.com\/semmexico\/wp-json\/wp\/v2\/comments?post=89471"}],"version-history":[{"count":0,"href":"https:\/\/redsemlac.com\/semmexico\/wp-json\/wp\/v2\/posts\/89471\/revisions"}],"wp:featuredmedia":[{"embeddable":true,"href":"https:\/\/redsemlac.com\/semmexico\/wp-json\/wp\/v2\/media\/89472"}],"wp:attachment":[{"href":"https:\/\/redsemlac.com\/semmexico\/wp-json\/wp\/v2\/media?parent=89471"}],"wp:term":[{"taxonomy":"category","embeddable":true,"href":"https:\/\/redsemlac.com\/semmexico\/wp-json\/wp\/v2\/categories?post=89471"},{"taxonomy":"post_tag","embeddable":true,"href":"https:\/\/redsemlac.com\/semmexico\/wp-json\/wp\/v2\/tags?post=89471"}],"curies":[{"name":"wp","href":"https:\/\/api.w.org\/{rel}","templated":true}]}}