{"id":89466,"date":"2024-11-11T13:47:57","date_gmt":"2024-11-11T19:47:57","guid":{"rendered":"https:\/\/redsemlac.com\/semmexico\/?p=89466"},"modified":"2024-11-11T14:03:04","modified_gmt":"2024-11-11T20:03:04","slug":"violeta-del-anahuac-la-esposa-del-rey","status":"publish","type":"post","link":"https:\/\/redsemlac.com\/semmexico\/violeta-del-anahuac-la-esposa-del-rey\/","title":{"rendered":"Violeta del An\u00e1huac| La esposa del rey"},"content":{"rendered":"\n<p class=\"wp-block-paragraph\">Isabel Ortega Morales<\/p>\n\n\n\n<p class=\"wp-block-paragraph\">SemM\u00e9xico, Chilpancingo, Gro., 11 de noviembre 2024.- La gobernadora de Guerrero, Evelyn Salgado Pineda, se defiende, acusa guerra sucia y se declara gobernadora y no cantante, mientras el video en el que canta \u201cSi nos dejan\u201d tema de Jos\u00e9 Alfredo Jim\u00e9nez, a d\u00fao del fant\u00e1stico Jorge, coque, Mu\u00f1iz. La gobernadora abre un nuevo frente contra ella, un error.<\/p>\n\n\n\n<p class=\"wp-block-paragraph\">Cierto que si ella hubiera estado en Chilpancingo no cambiar\u00eda el curso de la dantesca escena que vieron los peritos, en una batea 11 cuerpos desmembrados que la Fiscal\u00eda General del Estado, para identificar, tuvo que unir antes de presentar a sus familiares que afuera del SEMEFO, rogaban porque no fueran los que buscaban.<\/p>\n\n\n\n<p class=\"wp-block-paragraph\">Pero el punto no es \u201csi hubiera\u201d, porque en la historia del estado, \u00c1ngel Aguirre no estuvo en Iguala; Rub\u00e9n Figueroa Alcocer no estuvo en Aguas Blancas, incluso Ra\u00fal Caballero Aburto \u201cno estuvo\u201d cuando sucedieron los hechos que convirtieron ese diciembre en m\u00e1rtires a los ca\u00eddos.<\/p>\n\n\n\n<p class=\"wp-block-paragraph\">Por lo tanto, la defensa desde esa perspectiva no cambia la percepci\u00f3n, sino que convierte en v\u00edctimas a otros gobernadores que tuvieron que dimitir presionados por la percepci\u00f3n de responsabilidad por ser: Los gobernadores.<\/p>\n\n\n\n<p class=\"wp-block-paragraph\">Evelyn es la primera mujer en gobernar el estado de Guerrero. Ese hecho no cambia la historia, el punto es, la narrativa de esa historia, el papel de ella como primera mujer en ser jefa del Ejecutivo.<\/p>\n\n\n\n<p class=\"wp-block-paragraph\">El tema no es menor, el tema se est\u00e1 convirtiendo en un efecto bola de nieve que crece y no hay estrategia no para pararla, porque envolver\u00eda a quien se le ponga enfrente para hacerla m\u00e1s grande, sino disolverla.<\/p>\n\n\n\n<p class=\"wp-block-paragraph\">El Senador F\u00e9lix Salgado Macedonio, periodista, editor de un medio de comunicaci\u00f3n que sigue circulando con otro nombre, no le dio una afortunada defensa a la Mandataria. Reaccion\u00f3 como pap\u00e1 y no como el que se ha asumido como luchador social y hasta marchaba para pedir la salida de gobernadores.<\/p>\n\n\n\n<p class=\"wp-block-paragraph\">Conoce desde esa perspectiva c\u00f3mo hacer para que un gobernador caiga y no quiere que suceda con su hija. Pero la expresi\u00f3n \u201cque hay de malo\u201d y algunos se\u00f1alamientos hacia pol\u00edticos, no ayud\u00f3 a disolver la bola de nieve, sino a hacerla m\u00e1s grande.<\/p>\n\n\n\n<p class=\"wp-block-paragraph\">En el Congreso, donde tiene mayor\u00eda MORENA, dilataron la conformaci\u00f3n de comisiones porque no se pon\u00edan de acuerdo\u2026 los de MORENA. Eso refleja que no existe en este momento un consenso favorable, y la alianza con PVEM no est\u00e1 muy contenta con dos alcaldes que pidieron licencia y huyeron, quien sabe hacia d\u00f3nde, para que nos alcanzara \u00bfla muerte? Y el PT, tiene un ayuntamiento baleado.<\/p>\n\n\n\n<p class=\"wp-block-paragraph\">Ahora el PRI en voz de su dirigente y tambi\u00e9n coordinador de la fracci\u00f3n parlamentaria, Alejandro Bravo est\u00e1 como su apellido, bravo, ante el se\u00f1alamiento de que la \u201cguerra sucia\u201d tiene su origen en \u00e9l.<\/p>\n\n\n\n<p class=\"wp-block-paragraph\">En mi punto de vista no hay guerra sucia. Los hechos est\u00e1n ah\u00ed. La reacci\u00f3n debe ser distinta. Por ejemplo: \u00bfpor qu\u00e9 no una disculpa a los deudos de esa familia masacrada? \u00bfPor qu\u00e9 no un saludo a la familia de Alejandro Arcos? No tendr\u00eda mayor impacto humano decirles \u201clo lamento y como gobernadora fortaleceremos la seguridad para que estos hechos no se repitan\u201d.<\/p>\n\n\n\n<p class=\"wp-block-paragraph\">El que cantara no est\u00e1 mal, tambi\u00e9n lo hace Aguirre con buen tono, o Astudillo, o Ren\u00e9 -epd-. El punto es \u00bfc\u00f3mo presentas ese hecho en un contexto de violencia para que el estado tenga la percepci\u00f3n de que la seguridad es real? El refr\u00e1n de \u201cla esposa del rey no solo debe serlo, sino parecerlo\u201d muestra que, si a ella le exigen una conducta y presencia adecuada, al rey (ahora reyna), por serlo, m\u00e1s.<\/p>\n\n\n\n<p class=\"wp-block-paragraph\"><\/p>\n","protected":false},"excerpt":{"rendered":"<p>Isabel Ortega Morales SemM\u00e9xico, Chilpancingo, Gro., 11 de noviembre 2024.- La gobernadora de Guerrero, Evelyn Salgado Pineda, se defiende, acusa guerra sucia y se declara gobernadora y no cantante, mientras el video en el que canta \u201cSi nos dejan\u201d tema de Jos\u00e9 Alfredo Jim\u00e9nez, a d\u00fao del fant\u00e1stico Jorge, coque, Mu\u00f1iz. La gobernadora abre un [&hellip;]<\/p>\n","protected":false},"author":3,"featured_media":38368,"comment_status":"open","ping_status":"open","sticky":false,"template":"","format":"standard","meta":{"_monsterinsights_skip_tracking":false,"footnotes":""},"categories":[198,35,197],"tags":[],"class_list":["post-89466","post","type-post","status-publish","format-standard","has-post-thumbnail","category-isabel-ortega-morales","category-opinion","category-violeta-del-anahuac"],"_links":{"self":[{"href":"https:\/\/redsemlac.com\/semmexico\/wp-json\/wp\/v2\/posts\/89466","targetHints":{"allow":["GET"]}}],"collection":[{"href":"https:\/\/redsemlac.com\/semmexico\/wp-json\/wp\/v2\/posts"}],"about":[{"href":"https:\/\/redsemlac.com\/semmexico\/wp-json\/wp\/v2\/types\/post"}],"author":[{"embeddable":true,"href":"https:\/\/redsemlac.com\/semmexico\/wp-json\/wp\/v2\/users\/3"}],"replies":[{"embeddable":true,"href":"https:\/\/redsemlac.com\/semmexico\/wp-json\/wp\/v2\/comments?post=89466"}],"version-history":[{"count":0,"href":"https:\/\/redsemlac.com\/semmexico\/wp-json\/wp\/v2\/posts\/89466\/revisions"}],"wp:featuredmedia":[{"embeddable":true,"href":"https:\/\/redsemlac.com\/semmexico\/wp-json\/wp\/v2\/media\/38368"}],"wp:attachment":[{"href":"https:\/\/redsemlac.com\/semmexico\/wp-json\/wp\/v2\/media?parent=89466"}],"wp:term":[{"taxonomy":"category","embeddable":true,"href":"https:\/\/redsemlac.com\/semmexico\/wp-json\/wp\/v2\/categories?post=89466"},{"taxonomy":"post_tag","embeddable":true,"href":"https:\/\/redsemlac.com\/semmexico\/wp-json\/wp\/v2\/tags?post=89466"}],"curies":[{"name":"wp","href":"https:\/\/api.w.org\/{rel}","templated":true}]}}