{"id":89458,"date":"2024-11-11T12:34:35","date_gmt":"2024-11-11T18:34:35","guid":{"rendered":"https:\/\/redsemlac.com\/semmexico\/?p=89458"},"modified":"2024-11-11T12:34:36","modified_gmt":"2024-11-11T18:34:36","slug":"estudio-del-colmex-revela-que-en-las-elecciones-municipales-el-78-de-los-casos-es-violencia-contra-las-mujeres","status":"publish","type":"post","link":"https:\/\/redsemlac.com\/semmexico\/estudio-del-colmex-revela-que-en-las-elecciones-municipales-el-78-de-los-casos-es-violencia-contra-las-mujeres\/","title":{"rendered":"Estudio del COLMEX revela que en las elecciones municipales\u00a0\u00a0 el 78 %\u00a0 de los casos es violencia contra las mujeres"},"content":{"rendered":"\n<p class=\"wp-block-paragraph\">Comentan Claudia Zavala P\u00e9rez y Carla Humphrey Jord\u00e1n investigaci\u00f3n&nbsp;<em>Monitoreo de Violencia contra Candidatos durante el Proceso Electoral 2023-2024<\/em><\/p>\n\n\n\n<p class=\"wp-block-paragraph\">Los niveles de violencia afectan la calidad de la democracia e &nbsp;impactan a la mayor\u00eda de los estados de la Rep\u00fablica<\/p>\n\n\n\n<p class=\"wp-block-paragraph\">Libertad L\u00f3pez<\/p>\n\n\n\n<p class=\"wp-block-paragraph\">SemM\u00e9xico, Ciudad de M\u00e9xico, 11 de noviembre, 2024.- El Colegio de M\u00e9xico (COLMEX) present\u00f3 los resultados de las investigaciones realizadas en el marco del Fondo de Apoyo a la Observaci\u00f3n Electoral (FAOE) 2024, una iniciativa del Instituto Nacional Electoral (INE) y del Instituto Interamericano de Derechos Humanos (IIDH).<\/p>\n\n\n\n<p class=\"wp-block-paragraph\">Durante la presentaci\u00f3n &nbsp;la consejera electoral &nbsp;Claudia Zavala P\u00e9rez mencion\u00f3 que \u201clas dos investigaciones que tenemos sobre la mesa, ponen a discusi\u00f3n hasta d\u00f3nde se cumple actualmente la vigencia del Estado de derecho y de qu\u00e9 modo la organizaci\u00f3n electoral y la equidad de la competencia est\u00e1n condicionadas por la violencia y por otros factores externos como la criminalidad que supera a las y los actores pol\u00edticos que act\u00faan e intervienen dentro de un contexto democr\u00e1tico y conforme a las reglas del orden jur\u00eddico de la democracia\u201d, se\u00f1al\u00f3.<\/p>\n\n\n\n<p class=\"wp-block-paragraph\">Ah\u00ed frente a &nbsp;las consejeras Carla Humphrey Jordan y Dania Ravel Cuevas; la Coordinadora de Asuntos Internacionales, Arlene Cabral Porchas; el Secretario Ejecutivo del Fondo de Apoyo para la Observaci\u00f3n Electoral, Salvador Romero Ballivi\u00e1n, quien moder\u00f3 la presentaci\u00f3n, as\u00ed como las y los investigadores del COLMEX, Zavala P\u00e9rez dio cuenta de los resultados de los estudios.<\/p>\n\n\n\n<p class=\"wp-block-paragraph\">\u201cEn la investigaci\u00f3n denominada&nbsp;<em>Monitoreo de Violencia contra Candidatos durante el Proceso Electoral 2023-2024,&nbsp;<\/em>se llega a una importante conclusi\u00f3n: Los niveles de violencia est\u00e1n afectando la calidad de la democracia. La violencia electoral impacta a la mayor\u00eda de los estados, afecta a todos los partidos pol\u00edticos y no representa a ninguna de las distintas etapas del proceso electoral.<\/p>\n\n\n\n<p class=\"wp-block-paragraph\">Mientras que la segunda investigaci\u00f3n denominada:&nbsp;<em>Evoluci\u00f3n de la violencia pol\u00edtica y electoral: impactos regionales en la calidad de la democracia y fortaleza de las instituciones 2012-2024<\/em>, coloca una importante premisa sobre la mesa: La violencia electoral y la presencia de actores criminales, son factores que est\u00e1n transformando las condiciones de la competencia pol\u00edtica\u201d, agreg\u00f3.<\/p>\n\n\n\n<p class=\"wp-block-paragraph\"><strong><em>A nivel municipal se registra el 78 % de los casos de VPMRG<\/em><\/strong><\/p>\n\n\n\n<p class=\"wp-block-paragraph\">En la Biblioteca Daniel Cos\u00edo Villegas de El Colegio de M\u00e9xico, la Consejera Carla Humphrey Jord\u00e1n agradeci\u00f3 las investigaciones acad\u00e9micas que con sus resultados fortalecen y perfeccionan al sistema electoral en su conjunto.<\/p>\n\n\n\n<p class=\"wp-block-paragraph\">En ese contexto, se refiri\u00f3 a los casos de Violencia Pol\u00edtica Contra las Mujeres en Raz\u00f3n de G\u00e9nero que se registran en su mayor\u00eda en contra de aspirantes a las presidencias municipales, mismos que ha representado hasta un 78 % de \u00e9stos, lo que repercute en una disminuci\u00f3n de la participaci\u00f3n a nivel local.<\/p>\n\n\n\n<p class=\"wp-block-paragraph\">Humphrey Jordan alert\u00f3 sobre un incremento en la violencia simb\u00f3lica y digital al asegurar que ha crecido exponencialmente en el pa\u00eds, por lo cual, se debe visibilizar para posteriormente generar los mecanismos jur\u00eddicos que ayuden a combatirla.<\/p>\n\n\n\n<figure class=\"wp-block-image size-full is-style-default\"><a href=\"https:\/\/redsemlac.com\/semmexico\/wp-content\/uploads\/2024\/11\/colmex-02.jpg\"><img loading=\"lazy\" decoding=\"async\" width=\"650\" height=\"433\" src=\"https:\/\/redsemlac.com\/semmexico\/wp-content\/uploads\/2024\/11\/colmex-02.jpg\" alt=\"\" class=\"wp-image-89460\" srcset=\"https:\/\/redsemlac.com\/semmexico\/wp-content\/uploads\/2024\/11\/colmex-02.jpg 650w, https:\/\/redsemlac.com\/semmexico\/wp-content\/uploads\/2024\/11\/colmex-02-300x200.jpg 300w, https:\/\/redsemlac.com\/semmexico\/wp-content\/uploads\/2024\/11\/colmex-02-150x100.jpg 150w\" sizes=\"auto, (max-width: 650px) 100vw, 650px\" \/><\/a><\/figure>\n\n\n\n<p class=\"wp-block-paragraph\">En seguida, la Coordinadora de Asuntos Internacionales, Arlene Cabral, agradeci\u00f3 al Comit\u00e9 de Evaluaci\u00f3n Internacional por analizar cada uno de los proyectos acad\u00e9micos que pueden aportar al sistema pol\u00edtico-electoral mexicano, as\u00ed como al COLMEX por haberse sumado a estas investigaciones y con ello contribuir al fortalecimiento de la democracia.<\/p>\n\n\n\n<p class=\"wp-block-paragraph\">Los resultados de la investigaci\u00f3n realizada por el COLMEX fueron presentados por Carolina Jasso,&nbsp;candidata a Doctora en Ciencias Sociales; Manuel P\u00e9rez, Doctor por el Departamento de Gobierno de la Universidad de Essex en el Reino Unido e Investigador del Seminario sobre Violencia y Paz; Roberto Rold\u00e1n, Maestro en Ciencia Pol\u00edtica y Arturo Alvarado, Doctor en Sociolog\u00eda.<\/p>\n\n\n\n<p class=\"wp-block-paragraph\"><strong>-o0o-<\/strong><\/p>\n\n\n\n<p class=\"wp-block-paragraph\"><\/p>\n","protected":false},"excerpt":{"rendered":"<p>Comentan Claudia Zavala P\u00e9rez y Carla Humphrey Jord\u00e1n investigaci\u00f3n&nbsp;Monitoreo de Violencia contra Candidatos durante el Proceso Electoral 2023-2024 Los niveles de violencia afectan la calidad de la democracia e &nbsp;impactan a la mayor\u00eda de los estados de la Rep\u00fablica Libertad L\u00f3pez SemM\u00e9xico, Ciudad de M\u00e9xico, 11 de noviembre, 2024.- El Colegio de M\u00e9xico (COLMEX) present\u00f3 [&hellip;]<\/p>\n","protected":false},"author":3,"featured_media":89461,"comment_status":"open","ping_status":"open","sticky":false,"template":"","format":"standard","meta":{"_monsterinsights_skip_tracking":false,"footnotes":""},"categories":[1147,27,897],"tags":[],"class_list":["post-89458","post","type-post","status-publish","format-standard","has-post-thumbnail","category-25n-2024","category-cobertura-especial","category-especial"],"_links":{"self":[{"href":"https:\/\/redsemlac.com\/semmexico\/wp-json\/wp\/v2\/posts\/89458","targetHints":{"allow":["GET"]}}],"collection":[{"href":"https:\/\/redsemlac.com\/semmexico\/wp-json\/wp\/v2\/posts"}],"about":[{"href":"https:\/\/redsemlac.com\/semmexico\/wp-json\/wp\/v2\/types\/post"}],"author":[{"embeddable":true,"href":"https:\/\/redsemlac.com\/semmexico\/wp-json\/wp\/v2\/users\/3"}],"replies":[{"embeddable":true,"href":"https:\/\/redsemlac.com\/semmexico\/wp-json\/wp\/v2\/comments?post=89458"}],"version-history":[{"count":0,"href":"https:\/\/redsemlac.com\/semmexico\/wp-json\/wp\/v2\/posts\/89458\/revisions"}],"wp:featuredmedia":[{"embeddable":true,"href":"https:\/\/redsemlac.com\/semmexico\/wp-json\/wp\/v2\/media\/89461"}],"wp:attachment":[{"href":"https:\/\/redsemlac.com\/semmexico\/wp-json\/wp\/v2\/media?parent=89458"}],"wp:term":[{"taxonomy":"category","embeddable":true,"href":"https:\/\/redsemlac.com\/semmexico\/wp-json\/wp\/v2\/categories?post=89458"},{"taxonomy":"post_tag","embeddable":true,"href":"https:\/\/redsemlac.com\/semmexico\/wp-json\/wp\/v2\/tags?post=89458"}],"curies":[{"name":"wp","href":"https:\/\/api.w.org\/{rel}","templated":true}]}}