{"id":89435,"date":"2024-11-11T10:15:00","date_gmt":"2024-11-11T16:15:00","guid":{"rendered":"https:\/\/redsemlac.com\/semmexico\/?p=89435"},"modified":"2024-11-11T14:37:33","modified_gmt":"2024-11-11T20:37:33","slug":"guerrillera-de-la-palabra-carmen-sarmiento-ha-cumplido-80-anos","status":"publish","type":"post","link":"https:\/\/redsemlac.com\/semmexico\/guerrillera-de-la-palabra-carmen-sarmiento-ha-cumplido-80-anos\/","title":{"rendered":"Guerrillera de la palabra, Carmen Sarmiento ha cumplido 80 a\u00f1os"},"content":{"rendered":"\n<p class=\"wp-block-paragraph\">&nbsp;<strong>Montse Fern\u00e1ndez Garrido<\/strong>&nbsp;\/ Fotos archivo CS<\/p>\n\n\n\n<p class=\"wp-block-paragraph\">SemM\u00e9xico\/La Independent, Barcelona, Espa\u00f1a, 11 de noviembre, 2024.- El pasado 30 de agosto, la prestigiosa periodista, primera corresponsal de guerra de TVE y conocida activista feminista cumpli\u00f3 80 a\u00f1os.<\/p>\n\n\n\n<p class=\"wp-block-paragraph\">Me pregunto qui\u00e9n de nosotros no conoce y reconoce la trayectoria de tan insigne y prestigiosa reportera, de la que nos sentimos tan orgullosas.<\/p>\n\n\n\n<p class=\"wp-block-paragraph\">Jubilada hace ya a\u00f1os de TVE, despu\u00e9s de 35 a\u00f1os en la cadena, ha seguido militando por defender causas justas y tambi\u00e9n ha seguido recibiendo premios y m\u00e1s premios por su labor. El \u00faltimo, el Doctora Honoris causa de la Universidad de Valladolid, por la Facultad de Filosof\u00eda y Letras y Periodismo.<\/p>\n\n\n\n<figure class=\"wp-block-image size-full\"><a href=\"https:\/\/redsemlac.com\/semmexico\/wp-content\/uploads\/2024\/11\/guerrillera-de-la-palabra-02.jpg\"><img loading=\"lazy\" decoding=\"async\" width=\"698\" height=\"411\" src=\"https:\/\/redsemlac.com\/semmexico\/wp-content\/uploads\/2024\/11\/guerrillera-de-la-palabra-02.jpg\" alt=\"\" class=\"wp-image-89454\" srcset=\"https:\/\/redsemlac.com\/semmexico\/wp-content\/uploads\/2024\/11\/guerrillera-de-la-palabra-02.jpg 698w, https:\/\/redsemlac.com\/semmexico\/wp-content\/uploads\/2024\/11\/guerrillera-de-la-palabra-02-300x177.jpg 300w, https:\/\/redsemlac.com\/semmexico\/wp-content\/uploads\/2024\/11\/guerrillera-de-la-palabra-02-150x88.jpg 150w, https:\/\/redsemlac.com\/semmexico\/wp-content\/uploads\/2024\/11\/guerrillera-de-la-palabra-02-696x410.jpg 696w\" sizes=\"auto, (max-width: 698px) 100vw, 698px\" \/><\/a><\/figure>\n\n\n\n<p class=\"wp-block-paragraph\">Carmen Sarmiento&nbsp;se hizo famosa por ser la primera mujer del equipo de Informe Semanal, al que lleg\u00f3 en 1973, con 23 a\u00f1os, siendo feminista. Con el tiempo fue Subdirectora del programa. M\u00e1s tarde, fue internacionalmente reconocida por sus reportajes sobre pa\u00edses en guerra, entrevistando a los personajes masculinos m\u00e1s conocidos del momento, como&nbsp;<strong>Yaser Arafat<\/strong>&nbsp;o&nbsp;<strong>Fidel Castro<\/strong>&nbsp;, as\u00ed como jefes guerrilleros. Hizo interesant\u00edsimos reportajes en El Salvador, L\u00edbano, Nicaragua y cubri\u00f3 los golpes de Estado en Portugal, Isla de Granada, Argentina, Ghana y Etiop\u00eda.<\/p>\n\n\n\n<figure class=\"wp-block-image size-full\"><a href=\"https:\/\/redsemlac.com\/semmexico\/wp-content\/uploads\/2024\/11\/guerrillera-de-la-palabra-03.jpg\"><img loading=\"lazy\" decoding=\"async\" width=\"716\" height=\"408\" src=\"https:\/\/redsemlac.com\/semmexico\/wp-content\/uploads\/2024\/11\/guerrillera-de-la-palabra-03.jpg\" alt=\"\" class=\"wp-image-89453\" srcset=\"https:\/\/redsemlac.com\/semmexico\/wp-content\/uploads\/2024\/11\/guerrillera-de-la-palabra-03.jpg 716w, https:\/\/redsemlac.com\/semmexico\/wp-content\/uploads\/2024\/11\/guerrillera-de-la-palabra-03-300x171.jpg 300w, https:\/\/redsemlac.com\/semmexico\/wp-content\/uploads\/2024\/11\/guerrillera-de-la-palabra-03-150x85.jpg 150w, https:\/\/redsemlac.com\/semmexico\/wp-content\/uploads\/2024\/11\/guerrillera-de-la-palabra-03-696x397.jpg 696w\" sizes=\"auto, (max-width: 716px) 100vw, 716px\" \/><\/a><\/figure>\n\n\n\n<figure class=\"wp-block-image size-full\"><a href=\"https:\/\/redsemlac.com\/semmexico\/wp-content\/uploads\/2024\/11\/guerrillera-de-la-palabra-04.jpg\"><img loading=\"lazy\" decoding=\"async\" width=\"720\" height=\"420\" src=\"https:\/\/redsemlac.com\/semmexico\/wp-content\/uploads\/2024\/11\/guerrillera-de-la-palabra-04.jpg\" alt=\"\" class=\"wp-image-89452\" srcset=\"https:\/\/redsemlac.com\/semmexico\/wp-content\/uploads\/2024\/11\/guerrillera-de-la-palabra-04.jpg 720w, https:\/\/redsemlac.com\/semmexico\/wp-content\/uploads\/2024\/11\/guerrillera-de-la-palabra-04-300x175.jpg 300w, https:\/\/redsemlac.com\/semmexico\/wp-content\/uploads\/2024\/11\/guerrillera-de-la-palabra-04-150x88.jpg 150w, https:\/\/redsemlac.com\/semmexico\/wp-content\/uploads\/2024\/11\/guerrillera-de-la-palabra-04-696x406.jpg 696w\" sizes=\"auto, (max-width: 720px) 100vw, 720px\" \/><\/a><\/figure>\n\n\n\n<p class=\"wp-block-paragraph\">Realiz\u00f3 espl\u00e9ndidos programas sobre los problemas sociales que sufr\u00eda la gente trabajadora, campesina y pobre, en series tituladas Los marginados y Los excluidos. Aunque a\u00fan m\u00e1s novedoso y revolucionario fueron sus programas dedicados a las mujeres, las pobres de la gente m\u00e1s pobre entre pobres, las m\u00e1s discriminadas, olvidadas, explotadas y despreciadas del mundo, las mujeres. Como ella las describe, \u00abel sur de todos los nortes\u00bb.<\/p>\n\n\n\n<p class=\"wp-block-paragraph\">Hay que reconocerle que fue la primera que llev\u00f3 a la televisi\u00f3n franquista reportajes revolucionarios, que tocaron temas que nadie se atrev\u00eda a plantear en ese momento, como el divorcio y el aborto, en \u00e9pocas donde era delito hasta hablar- ne y por lo que tuvo que dar cuentas. En toda su trayectoria hay que reconocerle el compromiso \u00e9tico y profesional, denunciando la miseria en la que viven tantos millones de personas en el mundo.<\/p>\n\n\n\n<figure class=\"wp-block-gallery has-nested-images columns-default is-cropped wp-block-gallery-1 is-layout-flex wp-block-gallery-is-layout-flex\">\n<figure class=\"wp-block-image size-large\"><a href=\"https:\/\/redsemlac.com\/semmexico\/wp-content\/uploads\/2024\/11\/guerrillera-de-la-palabra-05.jpg\"><img loading=\"lazy\" decoding=\"async\" width=\"589\" height=\"408\" data-id=\"89451\" src=\"https:\/\/redsemlac.com\/semmexico\/wp-content\/uploads\/2024\/11\/guerrillera-de-la-palabra-05.jpg\" alt=\"\" class=\"wp-image-89451\" srcset=\"https:\/\/redsemlac.com\/semmexico\/wp-content\/uploads\/2024\/11\/guerrillera-de-la-palabra-05.jpg 589w, https:\/\/redsemlac.com\/semmexico\/wp-content\/uploads\/2024\/11\/guerrillera-de-la-palabra-05-300x208.jpg 300w, https:\/\/redsemlac.com\/semmexico\/wp-content\/uploads\/2024\/11\/guerrillera-de-la-palabra-05-150x104.jpg 150w, https:\/\/redsemlac.com\/semmexico\/wp-content\/uploads\/2024\/11\/guerrillera-de-la-palabra-05-218x150.jpg 218w\" sizes=\"auto, (max-width: 589px) 100vw, 589px\" \/><\/a><\/figure>\n\n\n\n<figure class=\"wp-block-image size-large\"><a href=\"https:\/\/redsemlac.com\/semmexico\/wp-content\/uploads\/2024\/11\/guerrillera-de-la-palabra-06.jpg\"><img loading=\"lazy\" decoding=\"async\" width=\"564\" height=\"396\" data-id=\"89450\" src=\"https:\/\/redsemlac.com\/semmexico\/wp-content\/uploads\/2024\/11\/guerrillera-de-la-palabra-06.jpg\" alt=\"\" class=\"wp-image-89450\" srcset=\"https:\/\/redsemlac.com\/semmexico\/wp-content\/uploads\/2024\/11\/guerrillera-de-la-palabra-06.jpg 564w, https:\/\/redsemlac.com\/semmexico\/wp-content\/uploads\/2024\/11\/guerrillera-de-la-palabra-06-300x211.jpg 300w, https:\/\/redsemlac.com\/semmexico\/wp-content\/uploads\/2024\/11\/guerrillera-de-la-palabra-06-150x105.jpg 150w\" sizes=\"auto, (max-width: 564px) 100vw, 564px\" \/><\/a><\/figure>\n<\/figure>\n\n\n\n<figure class=\"wp-block-image size-full\"><a href=\"https:\/\/redsemlac.com\/semmexico\/wp-content\/uploads\/2024\/11\/guerrillera-de-la-palabra-08.jpg\"><img loading=\"lazy\" decoding=\"async\" width=\"720\" height=\"406\" src=\"https:\/\/redsemlac.com\/semmexico\/wp-content\/uploads\/2024\/11\/guerrillera-de-la-palabra-08.jpg\" alt=\"\" class=\"wp-image-89448\" srcset=\"https:\/\/redsemlac.com\/semmexico\/wp-content\/uploads\/2024\/11\/guerrillera-de-la-palabra-08.jpg 720w, https:\/\/redsemlac.com\/semmexico\/wp-content\/uploads\/2024\/11\/guerrillera-de-la-palabra-08-300x169.jpg 300w, https:\/\/redsemlac.com\/semmexico\/wp-content\/uploads\/2024\/11\/guerrillera-de-la-palabra-08-150x85.jpg 150w, https:\/\/redsemlac.com\/semmexico\/wp-content\/uploads\/2024\/11\/guerrillera-de-la-palabra-08-696x392.jpg 696w\" sizes=\"auto, (max-width: 720px) 100vw, 720px\" \/><\/a><\/figure>\n\n\n\n<figure class=\"wp-block-image size-full\"><a href=\"https:\/\/redsemlac.com\/semmexico\/wp-content\/uploads\/2024\/11\/guerrillera-de-la-palabra-07.jpg\"><img loading=\"lazy\" decoding=\"async\" width=\"452\" height=\"343\" src=\"https:\/\/redsemlac.com\/semmexico\/wp-content\/uploads\/2024\/11\/guerrillera-de-la-palabra-07.jpg\" alt=\"\" class=\"wp-image-89447\" srcset=\"https:\/\/redsemlac.com\/semmexico\/wp-content\/uploads\/2024\/11\/guerrillera-de-la-palabra-07.jpg 452w, https:\/\/redsemlac.com\/semmexico\/wp-content\/uploads\/2024\/11\/guerrillera-de-la-palabra-07-300x228.jpg 300w, https:\/\/redsemlac.com\/semmexico\/wp-content\/uploads\/2024\/11\/guerrillera-de-la-palabra-07-150x114.jpg 150w\" sizes=\"auto, (max-width: 452px) 100vw, 452px\" \/><\/a><\/figure>\n\n\n\n<p class=\"wp-block-paragraph\">Carmen Sarmiento fue una de las fundadoras del Colectivo Feminista y despu\u00e9s, a finales de los setenta coincidimos en la fundaci\u00f3n del Partido Feminista, del que ambas fuimos dirigentes. Ella reconoce que \u00abel feminismo es la batalla de su vida\u00bb.<\/p>\n\n\n\n<figure class=\"wp-block-image size-full\"><a href=\"https:\/\/redsemlac.com\/semmexico\/wp-content\/uploads\/2024\/11\/guerrillera-de-la-palabra-11-1.jpg\"><img loading=\"lazy\" decoding=\"async\" width=\"708\" height=\"367\" src=\"https:\/\/redsemlac.com\/semmexico\/wp-content\/uploads\/2024\/11\/guerrillera-de-la-palabra-11-1.jpg\" alt=\"\" class=\"wp-image-89446\" srcset=\"https:\/\/redsemlac.com\/semmexico\/wp-content\/uploads\/2024\/11\/guerrillera-de-la-palabra-11-1.jpg 708w, https:\/\/redsemlac.com\/semmexico\/wp-content\/uploads\/2024\/11\/guerrillera-de-la-palabra-11-1-300x156.jpg 300w, https:\/\/redsemlac.com\/semmexico\/wp-content\/uploads\/2024\/11\/guerrillera-de-la-palabra-11-1-150x78.jpg 150w, https:\/\/redsemlac.com\/semmexico\/wp-content\/uploads\/2024\/11\/guerrillera-de-la-palabra-11-1-696x361.jpg 696w\" sizes=\"auto, (max-width: 708px) 100vw, 708px\" \/><\/a><\/figure>\n\n\n\n<p class=\"wp-block-paragraph\">Su bello y valiente trabajo no le sali\u00f3 gratis. TVE la castig\u00f3, envi\u00e1ndola \u201cen los pasillos\u201d durante siete largos a\u00f1os, silenci\u00e1ndola.<\/p>\n\n\n\n<p class=\"wp-block-paragraph\">Despu\u00e9s de jubilarse ha continuado la lucha, escribiendo libros y rese\u00f1as (escribi\u00f3 una preciosa sobre mi libro, que se public\u00f3 aqu\u00ed, y de la que ella presumi\u00f3, diciendo que la hab\u00eda publicado en un medio muy progresista), participando en debates y difundiendo sin cesar y por todos los medios posibles, esta ideolog\u00eda, la del feminismo, que est\u00e1 cambiando el mundo, haci\u00e9ndolo mejor, m\u00e1s justo y digno, para hombres y mujeres.<\/p>\n\n\n\n<figure class=\"wp-block-gallery has-nested-images columns-default is-cropped wp-block-gallery-2 is-layout-flex wp-block-gallery-is-layout-flex\">\n<figure class=\"wp-block-image size-large\"><a href=\"https:\/\/redsemlac.com\/semmexico\/wp-content\/uploads\/2024\/11\/guerrillera-de-la-palabra-12-1.jpg\"><img loading=\"lazy\" decoding=\"async\" width=\"720\" height=\"400\" data-id=\"89443\" src=\"https:\/\/redsemlac.com\/semmexico\/wp-content\/uploads\/2024\/11\/guerrillera-de-la-palabra-12-1.jpg\" alt=\"\" class=\"wp-image-89443\" srcset=\"https:\/\/redsemlac.com\/semmexico\/wp-content\/uploads\/2024\/11\/guerrillera-de-la-palabra-12-1.jpg 720w, https:\/\/redsemlac.com\/semmexico\/wp-content\/uploads\/2024\/11\/guerrillera-de-la-palabra-12-1-300x167.jpg 300w, https:\/\/redsemlac.com\/semmexico\/wp-content\/uploads\/2024\/11\/guerrillera-de-la-palabra-12-1-150x83.jpg 150w, https:\/\/redsemlac.com\/semmexico\/wp-content\/uploads\/2024\/11\/guerrillera-de-la-palabra-12-1-696x387.jpg 696w\" sizes=\"auto, (max-width: 720px) 100vw, 720px\" \/><\/a><\/figure>\n\n\n\n<figure class=\"wp-block-image size-full\"><a href=\"https:\/\/redsemlac.com\/semmexico\/wp-content\/uploads\/2024\/11\/guerrillera-de-la-palabra-13.jpg\"><img loading=\"lazy\" decoding=\"async\" width=\"701\" height=\"399\" data-id=\"89441\" src=\"https:\/\/redsemlac.com\/semmexico\/wp-content\/uploads\/2024\/11\/guerrillera-de-la-palabra-13.jpg\" alt=\"\" class=\"wp-image-89441\" srcset=\"https:\/\/redsemlac.com\/semmexico\/wp-content\/uploads\/2024\/11\/guerrillera-de-la-palabra-13.jpg 701w, https:\/\/redsemlac.com\/semmexico\/wp-content\/uploads\/2024\/11\/guerrillera-de-la-palabra-13-300x171.jpg 300w, https:\/\/redsemlac.com\/semmexico\/wp-content\/uploads\/2024\/11\/guerrillera-de-la-palabra-13-150x85.jpg 150w, https:\/\/redsemlac.com\/semmexico\/wp-content\/uploads\/2024\/11\/guerrillera-de-la-palabra-13-696x396.jpg 696w\" sizes=\"auto, (max-width: 701px) 100vw, 701px\" \/><\/a><\/figure>\n\n\n\n<figure class=\"wp-block-image size-full\"><a href=\"https:\/\/redsemlac.com\/semmexico\/wp-content\/uploads\/2024\/11\/guerrillera-de-la-palabra-14.jpg\"><img loading=\"lazy\" decoding=\"async\" width=\"720\" height=\"409\" data-id=\"89442\" src=\"https:\/\/redsemlac.com\/semmexico\/wp-content\/uploads\/2024\/11\/guerrillera-de-la-palabra-14.jpg\" alt=\"\" class=\"wp-image-89442\" srcset=\"https:\/\/redsemlac.com\/semmexico\/wp-content\/uploads\/2024\/11\/guerrillera-de-la-palabra-14.jpg 720w, https:\/\/redsemlac.com\/semmexico\/wp-content\/uploads\/2024\/11\/guerrillera-de-la-palabra-14-300x170.jpg 300w, https:\/\/redsemlac.com\/semmexico\/wp-content\/uploads\/2024\/11\/guerrillera-de-la-palabra-14-150x85.jpg 150w, https:\/\/redsemlac.com\/semmexico\/wp-content\/uploads\/2024\/11\/guerrillera-de-la-palabra-14-696x395.jpg 696w\" sizes=\"auto, (max-width: 720px) 100vw, 720px\" \/><\/a><\/figure>\n<\/figure>\n\n\n\n<p class=\"wp-block-paragraph\">Para celebrar su cumplea\u00f1os hizo junto a su compa\u00f1era y esposa, la tambi\u00e9n divulgadora&nbsp;<strong>Charo M\u00e1rmol<\/strong>&nbsp;, un precioso viaje por Galicia: Naturaleza y arquitectura, deliciosa comida, salida en barco, divertidos bailes y contacto y charlas con sus gentes. Y concretamente en su d\u00eda, recibi\u00f3 de M\u00e1rmol dos v\u00eddeos: uno donde una veintena de amigas hab\u00edamos grabado nuestra cari\u00f1osa felicitaci\u00f3n en un minuto cada una. Y otro, m\u00e1s bonito, preparado por M\u00e1rmol, con numerosas fotograf\u00edas que recorr\u00edan la vida de Carmen, desde su nacimiento y trayectoria profesional a trav\u00e9s de las fotos de sus mejores reportajes, hasta las de algunos premios. Y tambi\u00e9n algunas de la vida personal. Todo ello con una bonita y movida canci\u00f3n, Ain&#8217;t No, y Got Life de&nbsp;<strong>Nina Simone<\/strong>&nbsp;, ya que a Carmen Sarmiento le encanta bailar y lo hace con gran ritmo y estilo.<\/p>\n\n\n\n<p class=\"wp-block-paragraph\">El v\u00eddeo acaba diciendo: Hace ocho d\u00e9cadas que naci\u00f3 una mujer periodista, valiente, comprometida, generosa, coherente, leal, divertida, amable, cari\u00f1osa y muy muy feminista, que ha marcado muchas vidas\u201d.<\/p>\n\n\n\n<figure class=\"wp-block-image size-full\"><a href=\"https:\/\/redsemlac.com\/semmexico\/wp-content\/uploads\/2024\/11\/guerrillera-de-la-palabra-15.jpg\"><img loading=\"lazy\" decoding=\"async\" width=\"691\" height=\"302\" src=\"https:\/\/redsemlac.com\/semmexico\/wp-content\/uploads\/2024\/11\/guerrillera-de-la-palabra-15.jpg\" alt=\"\" class=\"wp-image-89436\" srcset=\"https:\/\/redsemlac.com\/semmexico\/wp-content\/uploads\/2024\/11\/guerrillera-de-la-palabra-15.jpg 691w, https:\/\/redsemlac.com\/semmexico\/wp-content\/uploads\/2024\/11\/guerrillera-de-la-palabra-15-300x131.jpg 300w, https:\/\/redsemlac.com\/semmexico\/wp-content\/uploads\/2024\/11\/guerrillera-de-la-palabra-15-150x66.jpg 150w\" sizes=\"auto, (max-width: 691px) 100vw, 691px\" \/><\/a><\/figure>\n\n\n\n<p class=\"wp-block-paragraph\">\u00c9stos no fueron los \u00fanicos regalos. Especialmente recibi\u00f3 multitud de enormes y bellos ramos de flores, que inundaron la casa com\u00fan frente al mar, de Torre Vella (Alicante) donde residen la mayor parte del tiempo, porque Carmen es una enamorada del Mediterr\u00e1neo.<\/p>\n\n\n\n<p class=\"wp-block-paragraph\">Aunque el Colectivo de mujeres periodistas ya le hizo entrega de un premio a\u00f1os atr\u00e1s, creo que en ese momento y en esa fecha, Carmen Sarmiento merece un nuevo homenaje, no s\u00f3lo de las compa\u00f1eras de profesi\u00f3n, sino tambi\u00e9n de todas las feministas, porque ella ha llevado nuestra lucha a todos los rincones, y ha convencido a millones de personas de que nuestra causa es noble y absolutamente necesaria en este mundo machista e injusto. Porque la amistad y el feminismo no s\u00f3lo se agradecen, tambi\u00e9n se le corresponde. Y lo hace reconociendo el valor de las mujeres que lo merecen. Y Carme Sarmiento merece nuestra amistad y reconocimiento.<\/p>\n\n\n\n<p class=\"wp-block-paragraph\"><strong>Montse Fern\u00e1ndez Garrido<\/strong>&nbsp;es abogada feminista. Profesora de M\u00e1ster (UB)<\/p>\n\n\n\n<p class=\"wp-block-paragraph\">Autora de la biograf\u00eda de su familia, represaliada por republicana: \u201cTres generaciones rebeldes: La historia del maquis \u201cOllafr\u00eda\u201d contada por su nieta. Y la lucha por la libertad de las mujeres\u201d.<\/p>\n","protected":false},"excerpt":{"rendered":"<p>&nbsp;Montse Fern\u00e1ndez Garrido&nbsp;\/ Fotos archivo CS SemM\u00e9xico\/La Independent, Barcelona, Espa\u00f1a, 11 de noviembre, 2024.- El pasado 30 de agosto, la prestigiosa periodista, primera corresponsal de guerra de TVE y conocida activista feminista cumpli\u00f3 80 a\u00f1os. Me pregunto qui\u00e9n de nosotros no conoce y reconoce la trayectoria de tan insigne y prestigiosa reportera, de la que [&hellip;]<\/p>\n","protected":false},"author":3,"featured_media":89456,"comment_status":"open","ping_status":"open","sticky":false,"template":"","format":"standard","meta":{"_monsterinsights_skip_tracking":false,"footnotes":""},"categories":[748,694],"tags":[],"class_list":["post-89435","post","type-post","status-publish","format-standard","has-post-thumbnail","category-cultura-feminista","category-destacadas"],"_links":{"self":[{"href":"https:\/\/redsemlac.com\/semmexico\/wp-json\/wp\/v2\/posts\/89435","targetHints":{"allow":["GET"]}}],"collection":[{"href":"https:\/\/redsemlac.com\/semmexico\/wp-json\/wp\/v2\/posts"}],"about":[{"href":"https:\/\/redsemlac.com\/semmexico\/wp-json\/wp\/v2\/types\/post"}],"author":[{"embeddable":true,"href":"https:\/\/redsemlac.com\/semmexico\/wp-json\/wp\/v2\/users\/3"}],"replies":[{"embeddable":true,"href":"https:\/\/redsemlac.com\/semmexico\/wp-json\/wp\/v2\/comments?post=89435"}],"version-history":[{"count":0,"href":"https:\/\/redsemlac.com\/semmexico\/wp-json\/wp\/v2\/posts\/89435\/revisions"}],"wp:featuredmedia":[{"embeddable":true,"href":"https:\/\/redsemlac.com\/semmexico\/wp-json\/wp\/v2\/media\/89456"}],"wp:attachment":[{"href":"https:\/\/redsemlac.com\/semmexico\/wp-json\/wp\/v2\/media?parent=89435"}],"wp:term":[{"taxonomy":"category","embeddable":true,"href":"https:\/\/redsemlac.com\/semmexico\/wp-json\/wp\/v2\/categories?post=89435"},{"taxonomy":"post_tag","embeddable":true,"href":"https:\/\/redsemlac.com\/semmexico\/wp-json\/wp\/v2\/tags?post=89435"}],"curies":[{"name":"wp","href":"https:\/\/api.w.org\/{rel}","templated":true}]}}