{"id":89431,"date":"2024-11-11T12:27:39","date_gmt":"2024-11-11T18:27:39","guid":{"rendered":"https:\/\/redsemlac.com\/semmexico\/?p=89431"},"modified":"2024-11-11T12:27:54","modified_gmt":"2024-11-11T18:27:54","slug":"una-secretaria-de-las-mujeres-no-es-mas-que-un-progreso-simbolico-sonia-venegas-alvarez-directora-de-la-facultad-de-derecho","status":"publish","type":"post","link":"https:\/\/redsemlac.com\/semmexico\/una-secretaria-de-las-mujeres-no-es-mas-que-un-progreso-simbolico-sonia-venegas-alvarez-directora-de-la-facultad-de-derecho\/","title":{"rendered":"Una Secretar\u00eda de las Mujeres no es m\u00e1s que un progreso\u00a0simb\u00f3lico: \u00a0Sonia Venegas \u00c1lvarez, directora de la Facultad de Derecho"},"content":{"rendered":"\n<p class=\"wp-block-paragraph\">&nbsp;Nos &nbsp;toca asegurar que esta iniciativa se materialice con cambios reales y tangibles en la vida de las mexicanas .<\/p>\n\n\n\n<p class=\"wp-block-paragraph\">Llam\u00f3 a unirnos y fortalecer la b\u00fasqueda de la equidad de g\u00e9nero en todas las &nbsp;trincheras: Seminario de Derecho Administrativo \u201cNueva Secretar\u00eda de las Mujeres<strong>\u201d<\/strong><\/p>\n\n\n\n<p class=\"wp-block-paragraph\">&nbsp;Redacci\u00f3n<\/p>\n\n\n\n<p class=\"wp-block-paragraph\">SemM\u00e9xico, Ciudad de M\u00e9xico, 11 de noviembre, 2024.-La constituci\u00f3n del Instituto Nacional de las Mujeres a rango de Secretar\u00eda representa un progreso simb\u00f3lico, pero tambi\u00e9n real en relaci\u00f3n con el compromiso con la igualdad por parte de la administraci\u00f3n federal, porque la creaci\u00f3n de esta cartera debe tener el potencial de cambiar la vida de millones en nuestro pa\u00eds, afirm\u00f3 la directora de la Facultad de Derecho (FD) de la UNAM, Sonia Venegas \u00c1lvarez.&nbsp;<\/p>\n\n\n\n<p class=\"wp-block-paragraph\">No podemos olvidar que en M\u00e9xico y en el resto del mundo hemos librado batallas tit\u00e1nicas por el reconocimiento de nuestros derechos; nuestras madres y abuelas no pudieron ver los frutos de varias de estas, por eso cada paso que demos hacia la igualdad debe ser entendido tambi\u00e9n como un homenaje para ellas, enfatiz\u00f3.&nbsp;<\/p>\n\n\n\n<p class=\"wp-block-paragraph\">Durante el Seminario de Derecho Administrativo. \u201cNueva Secretar\u00eda de las Mujeres\u201d asever\u00f3: en esta Facultad tenemos que examinar la pol\u00edtica nacional de igualdad y garant\u00edas de ellas, porque no podemos hablar de desarrollo social sin considerar la equidad de g\u00e9nero como eje rector en la construcci\u00f3n de un pa\u00eds m\u00e1s justo y pr\u00f3spero.&nbsp;<\/p>\n\n\n\n<p class=\"wp-block-paragraph\">En el auditorio \u201cBenito Ju\u00e1rez\u201d -y ante Yuri Pav\u00f3n Romero, director del Seminario de Derecho Administrativo de la FD, as\u00ed como de Andrea Enr\u00edquez Perea Torijano, de esa Facultad; y Miguel Alejandro L\u00f3pez Olvera, del Instituto de Investigaciones Jur\u00eddicas- Venegas \u00c1lvarez resalt\u00f3:&nbsp;<\/p>\n\n\n\n<p class=\"wp-block-paragraph\">\u201cHoy m\u00e1s que nunca debemos unirnos para fortalecer la equidad de g\u00e9nero desde todas las trincheras, desde la academia, el activismo, la pol\u00edtica, la ciencia, y el gobierno\u201d.&nbsp;<\/p>\n\n\n\n<p class=\"wp-block-paragraph\">De acuerdo con la experta, el establecimiento de la dependencia es una evocaci\u00f3n de las luchas del pasado, pero tambi\u00e9n una apuesta por el futuro. Ahora nos toca asegurar que esta iniciativa se materialice con cambios reales y tangibles en la vida de las mexicanas hacia una sociedad m\u00e1s justa.<\/p>\n\n\n\n<figure class=\"wp-block-image size-large\"><a href=\"https:\/\/redsemlac.com\/semmexico\/wp-content\/uploads\/2024\/11\/secretaria-de-las-mujeres-02.jpg\"><img loading=\"lazy\" decoding=\"async\" width=\"1024\" height=\"684\" src=\"https:\/\/redsemlac.com\/semmexico\/wp-content\/uploads\/2024\/11\/secretaria-de-las-mujeres-02-1024x684.jpg\" alt=\"\" class=\"wp-image-89432\" srcset=\"https:\/\/redsemlac.com\/semmexico\/wp-content\/uploads\/2024\/11\/secretaria-de-las-mujeres-02-1024x684.jpg 1024w, https:\/\/redsemlac.com\/semmexico\/wp-content\/uploads\/2024\/11\/secretaria-de-las-mujeres-02-300x200.jpg 300w, https:\/\/redsemlac.com\/semmexico\/wp-content\/uploads\/2024\/11\/secretaria-de-las-mujeres-02-768x513.jpg 768w, https:\/\/redsemlac.com\/semmexico\/wp-content\/uploads\/2024\/11\/secretaria-de-las-mujeres-02-150x100.jpg 150w, https:\/\/redsemlac.com\/semmexico\/wp-content\/uploads\/2024\/11\/secretaria-de-las-mujeres-02-696x465.jpg 696w, https:\/\/redsemlac.com\/semmexico\/wp-content\/uploads\/2024\/11\/secretaria-de-las-mujeres-02-1068x713.jpg 1068w, https:\/\/redsemlac.com\/semmexico\/wp-content\/uploads\/2024\/11\/secretaria-de-las-mujeres-02.jpg 1454w\" sizes=\"auto, (max-width: 1024px) 100vw, 1024px\" \/><\/a><\/figure>\n\n\n\n<p class=\"wp-block-paragraph\">Este Seminario nos recuerda la necesidad de crear instituciones que se dediquen a la protecci\u00f3n de los derechos, exigirles que impulsen un ejercicio efectivo en un pa\u00eds donde las brechas de g\u00e9nero siguen siendo una realidad, la violencia hacia ellas persiste en diversas manifestaciones y las oportunidades no siempre son equitativas, argument\u00f3.<\/p>\n\n\n\n<p class=\"wp-block-paragraph\">La reestructuraci\u00f3n de esa Secretar\u00eda representa m\u00e1s que una transformaci\u00f3n administrativa, es un reconocimiento de una batalla hist\u00f3rica, de la cristalizaci\u00f3n de d\u00e9cadas de esfuerzo de las mexicanas por conquistar prerrogativas y abrir espacios en los \u00e1mbitos de la vida p\u00fablica y privada.<\/p>\n\n\n\n<p class=\"wp-block-paragraph\">Desde las pioneras que alzaron la voz por la igualdad en siglos pasados hasta las que hoy siguen abriendo camino en diversos \u00e1mbitos como la pol\u00edtica, ciencia, arte y defensa de las garant\u00edas fundamentales.<\/p>\n\n\n\n<p class=\"wp-block-paragraph\">Cada una ha contribuido para que estemos aqu\u00ed, analizando la transformaci\u00f3n del Instituto en una Secretar\u00eda que tenga la capacidad y el mandato para influir de manera directa y puntual en las pol\u00edticas p\u00fablicas de esta naci\u00f3n, finaliz\u00f3.<\/p>\n","protected":false},"excerpt":{"rendered":"<p>&nbsp;Nos &nbsp;toca asegurar que esta iniciativa se materialice con cambios reales y tangibles en la vida de las mexicanas . Llam\u00f3 a unirnos y fortalecer la b\u00fasqueda de la equidad de g\u00e9nero en todas las &nbsp;trincheras: Seminario de Derecho Administrativo \u201cNueva Secretar\u00eda de las Mujeres\u201d &nbsp;Redacci\u00f3n SemM\u00e9xico, Ciudad de M\u00e9xico, 11 de noviembre, 2024.-La constituci\u00f3n [&hellip;]<\/p>\n","protected":false},"author":3,"featured_media":89433,"comment_status":"open","ping_status":"open","sticky":false,"template":"","format":"standard","meta":{"_monsterinsights_skip_tracking":false,"footnotes":""},"categories":[694,903],"tags":[],"class_list":["post-89431","post","type-post","status-publish","format-standard","has-post-thumbnail","category-destacadas","category-presidenta-y-mas"],"_links":{"self":[{"href":"https:\/\/redsemlac.com\/semmexico\/wp-json\/wp\/v2\/posts\/89431","targetHints":{"allow":["GET"]}}],"collection":[{"href":"https:\/\/redsemlac.com\/semmexico\/wp-json\/wp\/v2\/posts"}],"about":[{"href":"https:\/\/redsemlac.com\/semmexico\/wp-json\/wp\/v2\/types\/post"}],"author":[{"embeddable":true,"href":"https:\/\/redsemlac.com\/semmexico\/wp-json\/wp\/v2\/users\/3"}],"replies":[{"embeddable":true,"href":"https:\/\/redsemlac.com\/semmexico\/wp-json\/wp\/v2\/comments?post=89431"}],"version-history":[{"count":0,"href":"https:\/\/redsemlac.com\/semmexico\/wp-json\/wp\/v2\/posts\/89431\/revisions"}],"wp:featuredmedia":[{"embeddable":true,"href":"https:\/\/redsemlac.com\/semmexico\/wp-json\/wp\/v2\/media\/89433"}],"wp:attachment":[{"href":"https:\/\/redsemlac.com\/semmexico\/wp-json\/wp\/v2\/media?parent=89431"}],"wp:term":[{"taxonomy":"category","embeddable":true,"href":"https:\/\/redsemlac.com\/semmexico\/wp-json\/wp\/v2\/categories?post=89431"},{"taxonomy":"post_tag","embeddable":true,"href":"https:\/\/redsemlac.com\/semmexico\/wp-json\/wp\/v2\/tags?post=89431"}],"curies":[{"name":"wp","href":"https:\/\/api.w.org\/{rel}","templated":true}]}}