{"id":89426,"date":"2024-11-10T18:27:37","date_gmt":"2024-11-11T00:27:37","guid":{"rendered":"https:\/\/redsemlac.com\/semmexico\/?p=89426"},"modified":"2024-11-10T18:27:39","modified_gmt":"2024-11-11T00:27:39","slug":"financiamiento-a-la-participacion-politica-de-las-mujeres-fundamental-para-lograr-la-igualdad-en-la-feria-genero-inclusion-y-democracia","status":"publish","type":"post","link":"https:\/\/redsemlac.com\/semmexico\/financiamiento-a-la-participacion-politica-de-las-mujeres-fundamental-para-lograr-la-igualdad-en-la-feria-genero-inclusion-y-democracia\/","title":{"rendered":"Financiamiento a la participaci\u00f3n pol\u00edtica de las mujeres, fundamental para lograr la igualdad\u00a0 en la feria\u00a0 G\u00e9nero, Inclusi\u00f3n y Democracia\u00a0"},"content":{"rendered":"\n<p class=\"wp-block-paragraph\"><em>La Consejera Carla Humphrey y el Consejero Uuc-kib Espadas participaron en el Conversatorio \u201cFinanciamiento p\u00fablico para los liderazgos pol\u00edticos de las mujeres\u201d<\/em><\/p>\n\n\n\n<p class=\"wp-block-paragraph\"><em>Lleg\u00f3 a su fin &nbsp;la FLINE, realizada por INE&nbsp; y&nbsp; la organizaci\u00f3n Incluye: 27 presentaciones conversatorios, conferencias y talleres<\/em><\/p>\n\n\n\n<p class=\"wp-block-paragraph\">Redacci\u00f3n<\/p>\n\n\n\n<p class=\"wp-block-paragraph\">SemM\u00e9xico, Ciudad de M\u00e9xico, 10 de noviembre, 2024.-El financiamiento a la participaci\u00f3n pol\u00edtica de las mujeres es un factor fundamental para lograr la igualdad, para que la pobreza y la desigualdad no sean un factor que determine el acceso al ejercicio del poder p\u00fablico, coincidieron en se\u00f1alar la Consejera Carla Humphrey Jordan y el Consejero Uuc-kib Espadas Ancona.<\/p>\n\n\n\n<p class=\"wp-block-paragraph\">Al participar en los trabajos de la 3\u00aa edici\u00f3n de la Feria del Libro INE,&nbsp;<em>G\u00e9nero, Inclusi\u00f3n y Democracia<\/em>&nbsp;(FLINE)&nbsp;en el Conversatorio&nbsp;\u201cFinanciamiento p\u00fablico para los liderazgos pol\u00edticos de las mujeres\u201d, condenaron que siga habiendo resistencias a la participaci\u00f3n pol\u00edtica de este sector.<\/p>\n\n\n\n<p class=\"wp-block-paragraph\">Luego de tres d\u00edas en los que se realizaron 27 presentaciones, conversatorios, conferencias y talleres, as\u00ed como actividades art\u00edsticas y culturales, el Instituto Nacional Electoral (INE) clausur\u00f3 la 3\u00aa FLINE.<\/p>\n\n\n\n<p class=\"wp-block-paragraph\">En la clausura&nbsp; la Directora de Incluye, A.C., Janette G\u00f3ngora Soberanes, c\u00f3mo&nbsp; co-organizadora y promotora de estas actividades, &nbsp;exhort\u00f3 a seguir con la visi\u00f3n de fortalecer la democracia, \u201cporque el M\u00e9xico que so\u00f1amos s\u00f3lo se construir\u00e1 con la participaci\u00f3n activa de cada uno de nosotros\u201d.<\/p>\n\n\n\n<figure class=\"wp-block-image size-full\"><a href=\"https:\/\/redsemlac.com\/semmexico\/wp-content\/uploads\/2024\/11\/financiamiento-02.jpg\"><img loading=\"lazy\" decoding=\"async\" width=\"650\" height=\"433\" src=\"https:\/\/redsemlac.com\/semmexico\/wp-content\/uploads\/2024\/11\/financiamiento-02.jpg\" alt=\"\" class=\"wp-image-89428\" srcset=\"https:\/\/redsemlac.com\/semmexico\/wp-content\/uploads\/2024\/11\/financiamiento-02.jpg 650w, https:\/\/redsemlac.com\/semmexico\/wp-content\/uploads\/2024\/11\/financiamiento-02-300x200.jpg 300w, https:\/\/redsemlac.com\/semmexico\/wp-content\/uploads\/2024\/11\/financiamiento-02-150x100.jpg 150w\" sizes=\"auto, (max-width: 650px) 100vw, 650px\" \/><\/a><\/figure>\n\n\n\n<p class=\"wp-block-paragraph\">Por su parte &nbsp;la Consejera y presidenta de la Comisi\u00f3n de Capacitaci\u00f3n Electoral y Educaci\u00f3n C\u00edvica del INE, Norma De la Cruz Maga\u00f1a subray\u00f3 que la l\u00f3gica de esta feria es difundir la oferta editorial del Instituto, reflexionar, discutir y adquirir nuevos elementos para compartir \u201chacia d\u00f3nde vamos, qu\u00e9 queremos hacer y qu\u00e9 democracia queremos\u201d.<\/p>\n\n\n\n<figure class=\"wp-block-image size-full\"><a href=\"https:\/\/redsemlac.com\/semmexico\/wp-content\/uploads\/2024\/11\/financiamiento-03.jpg\"><img loading=\"lazy\" decoding=\"async\" width=\"1000\" height=\"666\" src=\"https:\/\/redsemlac.com\/semmexico\/wp-content\/uploads\/2024\/11\/financiamiento-03.jpg\" alt=\"\" class=\"wp-image-89427\" srcset=\"https:\/\/redsemlac.com\/semmexico\/wp-content\/uploads\/2024\/11\/financiamiento-03.jpg 1000w, https:\/\/redsemlac.com\/semmexico\/wp-content\/uploads\/2024\/11\/financiamiento-03-300x200.jpg 300w, https:\/\/redsemlac.com\/semmexico\/wp-content\/uploads\/2024\/11\/financiamiento-03-768x511.jpg 768w, https:\/\/redsemlac.com\/semmexico\/wp-content\/uploads\/2024\/11\/financiamiento-03-150x100.jpg 150w, https:\/\/redsemlac.com\/semmexico\/wp-content\/uploads\/2024\/11\/financiamiento-03-696x464.jpg 696w\" sizes=\"auto, (max-width: 1000px) 100vw, 1000px\" \/><\/a><\/figure>\n\n\n\n<p class=\"wp-block-paragraph\">En el conversatorio sobre financiamiento la Consejera y presidenta de la Comisi\u00f3n de Fiscalizaci\u00f3n, Carla Humphrey lament\u00f3 que a 16 a\u00f1os de que inici\u00f3 el debate para obligar a los partidos pol\u00edticos a designar al menos el 3 % del financiamiento p\u00fablico ordinario para rubros como la capacitaci\u00f3n, promoci\u00f3n y desarrollo del liderazgo pol\u00edtico de las mujeres, se siga cuestionando si es necesaria esta asignaci\u00f3n de recursos.<\/p>\n\n\n\n<p class=\"wp-block-paragraph\">El reto que tiene el INE, consider\u00f3 Humphrey Jordan, es crear una metodolog\u00eda que establezca que en el lapso de las campa\u00f1as electorales se pueda constatar que las mujeres est\u00e1n recibiendo estos recursos. \u201cYa que en algunas entidades del pa\u00eds ni siquiera se destinan\u201d, se\u00f1al\u00f3.<\/p>\n\n\n\n<p class=\"wp-block-paragraph\"><strong><em>La pobreza inhibe la participaci\u00f3n pol\u00edtica de las mujeres<\/em><\/strong><\/p>\n\n\n\n<p class=\"wp-block-paragraph\">Para el Consejero Uuc-kib Espadas, el financiamiento a la participaci\u00f3n pol\u00edtica de las mujeres, desde el destinado formal y obligatoriamente por la ley, hasta el que se hace en los partidos y en los \u00f3rganos de gobierno, \u201ces un factor fundamental para lograr la igualdad entre mujeres y hombres y para que la pobreza y la desigualdad no sean un factor que determine las capacidades de acceder al ejercicio del poder p\u00fablico\u201d.<\/p>\n\n\n\n<p class=\"wp-block-paragraph\">Por ello, consider\u00f3 que estos recursos tienen que enmarcarse no s\u00f3lo dentro de la din\u00e1mica de la pol\u00edtica mexicana, sino en las condiciones de pobreza y desigualdad del pa\u00eds que afectan especialmente a este sector.<\/p>\n\n\n\n<p class=\"wp-block-paragraph\">La pobreza, afirm\u00f3, es el principal factor que inhibe la participaci\u00f3n pol\u00edtica de las mujeres, por lo que tiene que considerarse a la hora de financiar.&nbsp;<\/p>\n\n\n\n<p class=\"wp-block-paragraph\">Durante el Conversatorio estuvieron presentes el Director de Auditor\u00eda de Partidos Pol\u00edticos, Agrupaciones Pol\u00edticas y Otros de la Unidad T\u00e9cnica de Fiscalizaci\u00f3n, Carlos Alberto Morales Dom\u00ednguez y la docente en la Facultad Latinoamericana de Ciencias Sociales (FLACSO M\u00e9xico), Karla Jannette Ortiz G\u00f3mez, el Conversatorio fue moderado por Graciela D\u00edaz V\u00e1zquez, Presidenta de la Asociaci\u00f3n Mexicana de Consejeras Estatales Electorales.<\/p>\n\n\n\n<p class=\"wp-block-paragraph\"><strong><em>Reconocimiento a la diversidad de la sociedad<\/em><\/strong><\/p>\n\n\n\n<p class=\"wp-block-paragraph\">Como parte de las actividades de la FLINE, Eno\u00e9 Margarita Uranga, de la organizaci\u00f3n Diversidad Equidad Social y Democracia imparti\u00f3 la conferencia \u201cLa inclusi\u00f3n de la diversidad en los procesos electorales\u201d en donde destac\u00f3 que la aut\u00e9ntica democracia es tener un Estado que reconozca los derechos de su ciudadan\u00eda, resaltando las m\u00faltiples diferencias que hacen de M\u00e9xico un pa\u00eds plural y diverso.<\/p>\n\n\n\n<p class=\"wp-block-paragraph\">En este sentido, subray\u00f3 la importancia de las acciones afirmativas en materia pol\u00edtico-electoral para hacer posible que los grupos hist\u00f3ricamente discriminados logren ejercer sus derechos y lleguen a los cargos de elecci\u00f3n popular, erradicando los obst\u00e1culos pol\u00edticos, sociales, econ\u00f3micos o culturales que les impiden el goce pleno de sus derechos.<\/p>\n\n\n\n<p class=\"wp-block-paragraph\">\u201cLa mejor apuesta es el reconocimiento de la diversidad como uno de los mejores valores de la sociedad\u201d, sentenci\u00f3.<\/p>\n\n\n\n<p class=\"wp-block-paragraph\"><strong><em>Se imparten talleres de periodismo, discapacidad y g\u00e9nero<\/em><\/strong><\/p>\n\n\n\n<p class=\"wp-block-paragraph\">Durante la Feria del Libro INE, se impartieron los talles de \u201cPeriodismo con perspectiva de g\u00e9nero\u201d y \u00abUn camino para el cambio. Discapacidad y g\u00e9nero\u00bb.&nbsp;<\/p>\n\n\n\n<p class=\"wp-block-paragraph\">El Taller \u00abUn camino para el cambio. Discapacidad y g\u00e9nero\u00bb impartido por la psicoterapeuta Magnolia T\u00e9llez Trejo, tuvo el objetivo de brindar herramientas conceptuales sobre g\u00e9nero, discapacidad, sexualidad y violencia para garantizar la inclusi\u00f3n y la participaci\u00f3n activa de las personas con discapacidad y en riesgo de vulnerabilidad.<\/p>\n\n\n\n<p class=\"wp-block-paragraph\">La periodista Sara Lovera, imparti\u00f3 el taller de periodismo con perspectiva de g\u00e9nero, con el fin de capacitar en la identificaci\u00f3n de las violencias simb\u00f3licas y en las pr\u00e1cticas discriminatorias en los medios de comunicaci\u00f3n, fomentando un periodismo comprometido con la igualdad y los derechos humanos.<\/p>\n\n\n\n<p class=\"wp-block-paragraph\"><strong><em>FLINE llama a la reflexi\u00f3n sobre hacia d\u00f3nde vamos y qu\u00e9 democracia queremos: Norma De la Cruz<\/em><\/strong><\/p>\n\n\n\n<p class=\"wp-block-paragraph\">En la clausura, realizada en el Auditorio del INE, De la Cruz, &nbsp;agradeci\u00f3 a todas las personas que hicieron posible la tercera edici\u00f3n de la Feria del Libro y las aportaciones de las y los asistentes a todas las actividades. Asimismo, la Consejera llam\u00f3 a valorar los libros con una cita de Rosa Montero: \u201cun libro, en esencia, es el amor de la vida y el vivir, porque se te entrega, te puede esperar a\u00f1os, hay nuevos, sin abrir, en un librero y nunca, nunca te lo va a reprochar\u201d.<\/p>\n\n\n\n<p class=\"wp-block-paragraph\">En su intervenci\u00f3n, la Directora Ejecutiva de Capacitaci\u00f3n Electoral y Educaci\u00f3n C\u00edvica, Mar\u00eda Elena Cornejo Esparza, dese\u00f3 a las y los asistentes que se lleven nuevas perspectivas y conexiones valiosas. \u201cLa literatura y el conocimiento son herramientas poderosas que nos permiten crecer y entender mejor el mundo que nos rodea\u201d, subray\u00f3.<\/p>\n\n\n\n<p class=\"wp-block-paragraph\">Adem\u00e1s, inform\u00f3 que los stands virtuales de la FLINE estar\u00e1n disponibles durante todo el mes con motivo del 25 de noviembre, d\u00eda internacional para la eliminaci\u00f3n de la violencia contra las mujeres e invit\u00f3 a las ni\u00f1as, ni\u00f1os y adolescentes, de entre 3 y 17 a\u00f1os, a participar en la Consulta Infantil y Juvenil 2024.<\/p>\n\n\n\n<p class=\"wp-block-paragraph\"><strong><em>Acciones afirmativas a\u00fan son una agenda pendiente en los partidos pol\u00edticos<\/em><\/strong><\/p>\n\n\n\n<p class=\"wp-block-paragraph\">Como parte de las actividades presenciales de la FLINE, se present\u00f3 el cuadernillo&nbsp;<em>Democracia e inclusi\u00f3n de las personas LGBTTTIQ+<\/em>, del sello editorial INE, en el que particip\u00f3 la antrop\u00f3loga social, muxe transg\u00e9nero mexicana, activista, promotora de la identidad cultural ind\u00edgena y autora del libro, Amaranta G\u00f3mez Regalado.<\/p>\n\n\n\n<p class=\"wp-block-paragraph\">Durante la presentaci\u00f3n, la autora refiri\u00f3 que las acciones afirmativas a\u00fan son una agenda pendiente y \u201cuna narrativa que est\u00e1 siendo construida dentro de los partidos pol\u00edticos, en la narrativa del sistema pol\u00edtico-electoral, pero que tampoco termina de consolidarse porque hay actores clave como las poblaciones LGBTTTIQ+, las personas con discapacidad, afrodescendientes e ind\u00edgenas que no terminan de cuadrar en esa l\u00f3gica de la pol\u00edtica tradicional mexicana\u201d.<\/p>\n\n\n\n<p class=\"wp-block-paragraph\">La moderaci\u00f3n y comentarios estuvieron a cargo de la activista por los derechos de las personas LGBTTTIQ+, Emmayessica Duval\u00ed, quien asever\u00f3 que las acciones afirmativas no son \u00fatiles en un partido pol\u00edtico, si \u00e9ste no tiene la capacidad de reconocer t\u00e9rminos como \u201ctransfeminicidio\u201d o si persiste la discriminaci\u00f3n en la esfera pol\u00edtica.<\/p>\n\n\n\n<p class=\"wp-block-paragraph\"><strong><em>Dialogan sobre participaci\u00f3n pol\u00edtica de las mujeres<\/em><\/strong><\/p>\n\n\n\n<p class=\"wp-block-paragraph\">M\u00e1s tarde, se realiz\u00f3 el di\u00e1logo&nbsp;<em>Liderazgo Pol\u00edtico de las mujeres y participaci\u00f3n ciudadana<\/em>, en el que intervinieron la especialista en pol\u00edticas p\u00fablicas e igualdad de g\u00e9nero y consultora en G\u00e9nero y Derechos Humanos en Mujer, Ideas, Desarrollo e Investigaci\u00f3n (MIDI, S.C.), Martha Ang\u00e9lica Tagle Mart\u00ednez y la Presidenta de la Asociaci\u00f3n Mexicana de Mujeres Jefas de Empresas (AMMJE), Zaira Zepeda.<\/p>\n\n\n\n<p class=\"wp-block-paragraph\">Las panelistas apuntaron que a\u00fan persisten sesgos de g\u00e9nero en el ejercicio del poder p\u00fablico, como la obstaculizaci\u00f3n a las mujeres en el acceso de recursos y financiamiento, la Violencia Pol\u00edtica contra las Mujeres en Raz\u00f3n de G\u00e9nero (VPMRG) y la responsabilidad de los cuidados adjudicada a ellas. Adem\u00e1s, que las mujeres se siguen enfrentando a barreras y estereotipos en el \u00e1mbito empresarial.<\/p>\n\n\n\n<p class=\"wp-block-paragraph\">El di\u00e1logo fue moderado por la Titular de la Unidad T\u00e9cnica de Igualdad de G\u00e9nero y No Discriminaci\u00f3n del INE, Flor Dessir\u00e9 Le\u00f3n Hern\u00e1ndez, quien valor\u00f3 la importancia de di\u00e1logos como \u00e9ste, ya que abona a la labor del Instituto de promover una cultura pol\u00edtica-democr\u00e1tica, la paridad de g\u00e9nero y la igualdad sustantiva.<\/p>\n\n\n\n<p class=\"wp-block-paragraph\">La FLINE cerr\u00f3 con el concierto de la primera orquesta danzonera integrada por mujeres en M\u00e9xico, Isora Club.<\/p>\n\n\n\n<figure class=\"wp-block-table\"><table class=\"has-fixed-layout\"><tbody><tr><td><\/td><td><\/td><\/tr><\/tbody><\/table><\/figure>\n\n\n\n<p class=\"wp-block-paragraph\">&nbsp;<strong><em>Conversatorio \u201cLiderazgos pol\u00edticos de las mujeres en cargos municipales y comunitarios\u201d,<\/em><\/strong><\/p>\n\n\n\n<p class=\"wp-block-paragraph\">En el Conversatorio&nbsp;<a><em>\u201c<\/em>Liderazgos pol\u00edticos de las mujeres en cargos municipales &nbsp;<\/a>comunitarios<em>\u201d<\/em>&nbsp;se subray\u00f3 la importancia de seguir impulsando pol\u00edticas p\u00fablicas para que las mujeres compitan en escenarios m\u00e1s igualitarios y ejerzan un cargo p\u00fablico sin violencia.<\/p>\n\n\n\n<p class=\"wp-block-paragraph\"><a>Durante su participaci\u00f3n, la Consejera Dania Ravel Cuevas reiter\u00f3 el compromiso del INE con la paridad y la igualdad sustantiva, asimismo, agreg\u00f3 \u201ctenemos que pensar nuevas estrategias para que las mujeres lleguen a las presidencias municipales, tambi\u00e9n para protegerlas y seguir cuidando lo que hemos logrado\u201d.<\/a><\/p>\n\n\n\n<p class=\"wp-block-paragraph\">Mencion\u00f3 los avances alcanzados desde la reforma 2014 que estableci\u00f3 en la Constituci\u00f3n mexicana, la obligaci\u00f3n de los partidos pol\u00edticos con la postulaci\u00f3n paritaria para la integraci\u00f3n del Congreso de la Uni\u00f3n y c\u00f3mo desde las elecciones de 2021, en cada proceso electoral en el que se eligen gubernaturas, el INE ha emitido acuerdos para asegurar que haya postulaciones paritarias para las titularidades de los ejecutivos locales.<\/p>\n\n\n\n<p class=\"wp-block-paragraph\">\u201cGracias a ello, hoy tenemos 13 mujeres ejerciendo el cargo de Gobernadora, casi el doble del n\u00famero de gobernadoras electas que hab\u00edamos tenido desde 1953\u201d, sin embargo, consider\u00f3 que el reto est\u00e1 en el \u00e1mbito municipal, pues para las elecciones de 2024, de las mil 794 presidencias municipales y alcald\u00edas en disputa, s\u00f3lo 535 fueron ganadas por mujeres.<\/p>\n\n\n\n<p class=\"wp-block-paragraph\">Junto con las presidentas municipales de San Jer\u00f3nimo Zacualpan, Tlaxcala; de Guaymas, Sonora y de M\u00e9rida, Yucat\u00e1n, Sandra Corona Padilla, Karla C\u00f3rdova Gonz\u00e1lez y Cecilia Anunciaci\u00f3n Patr\u00f3n Laviada, respectivamente, reflexionaron sobre las oportunidades y los desaf\u00edos que enfrentan las mujeres para llegar y ejercer un cargo p\u00fablico, sobre todo, en el \u00e1mbito municipal.<\/p>\n\n\n\n<p class=\"wp-block-paragraph\">En el Conversatorio en modalidad virtual que fue moderado por la Directora General de la Revista Alcaldes de M\u00e9xico, Norma P\u00e9rez Vences, la Consejera Ravel enfatiz\u00f3 que \u201cno es suficiente lograr que las mujeres compitan en escenarios m\u00e1s igualitarios o que tengamos las postulaciones paritarias si a las mujeres no se les van a dar los mismos recursos para hacer campa\u00f1as o si no van a tener el mismo acceso a radio y televisi\u00f3n\u201d, puntualiz\u00f3.<\/p>\n\n\n\n<p class=\"wp-block-paragraph\"><strong><em>No debe haber democracia sin mujeres<\/em><\/strong><\/p>\n\n\n\n<p class=\"wp-block-paragraph\">En el segundo d\u00eda de actividades de la FLINE, Liliana Hendel, Secretaria de las Mujeres, Pol\u00edticas de G\u00e9nero y Diversidades del Municipio de La Matanza, Argentina imparti\u00f3 la conferencia&nbsp;<em>\u201c<\/em>Violencias pol\u00edticas de g\u00e9nero, las mentiras del patriarcado<em>\u201d<\/em>&nbsp;en donde asegur\u00f3 que la principal mentira es desconocer el valor econ\u00f3mico que tiene el cuidado que ejercen las mujeres en sus n\u00facleos familiares.&nbsp;<\/p>\n\n\n\n<p class=\"wp-block-paragraph\">Ante ello, afirm\u00f3 que el patriarcado es un sistema pol\u00edtico que ejerce el poder en su propio beneficio y desestima la participaci\u00f3n de las mujeres en el \u00e1mbito pol\u00edtico sin reconocer que el trabajo dom\u00e9stico debe tener una remuneraci\u00f3n o por lo menos ser reconocido.&nbsp;<\/p>\n\n\n\n<p class=\"wp-block-paragraph\"><strong><em>Poes\u00eda y cortometrajes feministas<\/em><\/strong><\/p>\n\n\n\n<p class=\"wp-block-paragraph\">En el marco de la FLINE se implement\u00f3 el&nbsp;<em>Sal\u00f3n de poes\u00eda \u201c<\/em>Poes\u00eda feminista en lenguas ind\u00edgenas\u201d, donde la poetisa mexicana en lengua zapoteca, Irma Pineda Santiago disert\u00f3 sobre las mujeres ind\u00edgenas, su identidad y pertenencia a una comunidad.<\/p>\n\n\n\n<p class=\"wp-block-paragraph\">Tambi\u00e9n se llev\u00f3 a cabo el Taller de cortometraje feminista a cargo de Nancy Molina D\u00edaz de Le\u00f3n, Directora de cine y el Taller de ilustraci\u00f3n&nbsp;<em>\u201c<\/em>Fanzine feminista: corre la voz contra la violencia pol\u00edtica contra las mujeres<em>\u201d<\/em>.<\/p>\n","protected":false},"excerpt":{"rendered":"<p>La Consejera Carla Humphrey y el Consejero Uuc-kib Espadas participaron en el Conversatorio \u201cFinanciamiento p\u00fablico para los liderazgos pol\u00edticos de las mujeres\u201d Lleg\u00f3 a su fin &nbsp;la FLINE, realizada por INE&nbsp; y&nbsp; la organizaci\u00f3n Incluye: 27 presentaciones conversatorios, conferencias y talleres Redacci\u00f3n SemM\u00e9xico, Ciudad de M\u00e9xico, 10 de noviembre, 2024.-El financiamiento a la participaci\u00f3n pol\u00edtica [&hellip;]<\/p>\n","protected":false},"author":3,"featured_media":89429,"comment_status":"open","ping_status":"open","sticky":false,"template":"","format":"standard","meta":{"_monsterinsights_skip_tracking":false,"footnotes":""},"categories":[748],"tags":[],"class_list":["post-89426","post","type-post","status-publish","format-standard","has-post-thumbnail","category-cultura-feminista"],"_links":{"self":[{"href":"https:\/\/redsemlac.com\/semmexico\/wp-json\/wp\/v2\/posts\/89426","targetHints":{"allow":["GET"]}}],"collection":[{"href":"https:\/\/redsemlac.com\/semmexico\/wp-json\/wp\/v2\/posts"}],"about":[{"href":"https:\/\/redsemlac.com\/semmexico\/wp-json\/wp\/v2\/types\/post"}],"author":[{"embeddable":true,"href":"https:\/\/redsemlac.com\/semmexico\/wp-json\/wp\/v2\/users\/3"}],"replies":[{"embeddable":true,"href":"https:\/\/redsemlac.com\/semmexico\/wp-json\/wp\/v2\/comments?post=89426"}],"version-history":[{"count":0,"href":"https:\/\/redsemlac.com\/semmexico\/wp-json\/wp\/v2\/posts\/89426\/revisions"}],"wp:featuredmedia":[{"embeddable":true,"href":"https:\/\/redsemlac.com\/semmexico\/wp-json\/wp\/v2\/media\/89429"}],"wp:attachment":[{"href":"https:\/\/redsemlac.com\/semmexico\/wp-json\/wp\/v2\/media?parent=89426"}],"wp:term":[{"taxonomy":"category","embeddable":true,"href":"https:\/\/redsemlac.com\/semmexico\/wp-json\/wp\/v2\/categories?post=89426"},{"taxonomy":"post_tag","embeddable":true,"href":"https:\/\/redsemlac.com\/semmexico\/wp-json\/wp\/v2\/tags?post=89426"}],"curies":[{"name":"wp","href":"https:\/\/api.w.org\/{rel}","templated":true}]}}