{"id":89422,"date":"2024-11-10T18:21:31","date_gmt":"2024-11-11T00:21:31","guid":{"rendered":"https:\/\/redsemlac.com\/semmexico\/?p=89422"},"modified":"2024-11-10T18:21:34","modified_gmt":"2024-11-11T00:21:34","slug":"arranca-la-semana-nacional-de-transparencia-2024","status":"publish","type":"post","link":"https:\/\/redsemlac.com\/semmexico\/arranca-la-semana-nacional-de-transparencia-2024\/","title":{"rendered":"Arranca la Semana Nacional de Transparencia 2024"},"content":{"rendered":"\n<p class=\"wp-block-paragraph\">&nbsp;Este lunes se realizar\u00e1 la primera jornada de actividades de la Semana Nacional de Transparencia 2024 en la sede del INAI, con el tema \u201cAcceso a la informaci\u00f3n y protecci\u00f3n de datos personales en una nueva era\u201d.<\/p>\n\n\n\n<p class=\"wp-block-paragraph\">Las siguientes jornadas se desarrollar\u00e1n en Zacatecas, Quer\u00e9taro y Nayarit.<\/p>\n\n\n\n<p class=\"wp-block-paragraph\">Redacci\u00f3n<\/p>\n\n\n\n<p class=\"wp-block-paragraph\">SemM\u00e9xico, Cd. de M\u00e9xico, 10 de noviembre, 2024.- El INAI inicia este lunes la Semana Nacional de Transparencia 2024 con la presentaci\u00f3n de libros, conferencias y mesas de debate relacionadas con el tema \u201cAcceso a la informaci\u00f3n y protecci\u00f3n de datos personales en una nueva era\u201d.<\/p>\n\n\n\n<p class=\"wp-block-paragraph\">La Semana Nacional de la Transparencia es un foro organizado por el Instituto Nacional de Transparencia, Acceso a la Informaci\u00f3n y Protecci\u00f3n de Datos Personales (INAI) para debatir y dialogar sobre el papel de la transparencia, el acceso a la informaci\u00f3n y la protecci\u00f3n de datos personales.<\/p>\n\n\n\n<p class=\"wp-block-paragraph\">Este a\u00f1o la Semana Nacional de Transparencia se llevar\u00e1 a cabo del 11 al 14 de noviembre en cuatro sedes: Ciudad de M\u00e9xico, Zacatecas, Quer\u00e9taro y Nayarit y tendr\u00e1 la participaci\u00f3n de representantes de los Poderes Ejecutivo, Legislativo y Judicial, de organismos aut\u00f3nomos, la academia y la sociedad civil.<\/p>\n\n\n\n<p class=\"wp-block-paragraph\">La inauguraci\u00f3n ser\u00e1 el lunes 11 de noviembre en el auditorio Alonso Lujambio del INAI. Ese d\u00eda se realizar\u00e1n las siguientes actividades:<\/p>\n\n\n\n<p class=\"wp-block-paragraph\">&#8211; Conferencia magistral. Una nueva era para la transparencia, el acceso a la informaci\u00f3n y la protecci\u00f3n de datos personales en M\u00e9xico.<\/p>\n\n\n\n<p class=\"wp-block-paragraph\">&#8211; Panel 1. Perspectivas y retos frente a la reconfiguraci\u00f3n de la transparencia, el acceso a la informaci\u00f3n y la protecci\u00f3n de datos personales en M\u00e9xico: aspectos legales, institucionales y de pol\u00edtica p\u00fablica.<\/p>\n\n\n\n<p class=\"wp-block-paragraph\">&#8211; Panel 2. \u00bfC\u00f3mo funciona la transparencia en el mundo? Dise\u00f1os institucionales de transparencia y acceso a la informaci\u00f3n.<\/p>\n\n\n\n<p class=\"wp-block-paragraph\">El martes 12 de noviembre, la sede ser\u00e1 el teatro Fernando Calder\u00f3n en Zacatecas con&nbsp; las siguientes actividades:<\/p>\n\n\n\n<p class=\"wp-block-paragraph\">&#8211; Presentaci\u00f3n del libro \u00bfPor qu\u00e9 los mataron? El acceso a la informaci\u00f3n. Casos de periodistas que fueron v\u00edctimas en el ejercicio de su profesi\u00f3n.<\/p>\n\n\n\n<p class=\"wp-block-paragraph\">&#8211; Conferencia magistral. \u00bfQu\u00e9 est\u00e1 pasando con el derecho a la informaci\u00f3n y la privacidad en M\u00e9xico?<\/p>\n\n\n\n<p class=\"wp-block-paragraph\">&#8211; Panel 1. El futuro del derecho de acceso a la informaci\u00f3n p\u00fablica en el actual escenario pol\u00edtico.<\/p>\n\n\n\n<p class=\"wp-block-paragraph\">&#8211; Panel 2. Presente y futuro de la privacidad en la era digital.<\/p>\n\n\n\n<p class=\"wp-block-paragraph\">El 13 de noviembre, la sede ser\u00e1 el Complejo de la Secretar\u00eda de Seguridad Ciudadana de Quer\u00e9taro. Las actividades de ese d\u00eda ser\u00e1n:<\/p>\n\n\n\n<p class=\"wp-block-paragraph\">&#8211; Conversatorio. Transparencia y gobernanza: indicadores para una democracia de calidad.<\/p>\n\n\n\n<p class=\"wp-block-paragraph\">&#8211; Panel 1. Acceso a la informaci\u00f3n: un compromiso colectivo en tiempos de cambio.<\/p>\n\n\n\n<p class=\"wp-block-paragraph\">&#8211; Panel 2. Gobiernos digitales: avances, retos y perspectivas.<\/p>\n\n\n\n<p class=\"wp-block-paragraph\">El jueves 14 de noviembre, las actividades se realizar\u00e1n en el Centro Cultural Casa Fenel\u00f3n de la Universidad Aut\u00f3noma de Nayarit. El contenido de ese d\u00eda ser\u00e1:<\/p>\n\n\n\n<p class=\"wp-block-paragraph\">&#8211; Conferencia magistral. La protecci\u00f3n de datos personales en documentos de archivo electr\u00f3nicos.<\/p>\n\n\n\n<p class=\"wp-block-paragraph\">&#8211; Conversatorio. Tratamiento de los datos personales en documentos de archivo electr\u00f3nicos.<\/p>\n\n\n\n<p class=\"wp-block-paragraph\">Puedes seguir las actividades de la Semana Nacional de Transparencia 2024 en las redes sociales del INAI.<\/p>\n\n\n\n<p class=\"wp-block-paragraph\">Ver programa: https:\/\/snt.inai.org.mx\/<\/p>\n\n\n\n<p class=\"wp-block-paragraph\">DIRECCI\u00d3N GENERAL DE COMUNICACI\u00d3N SOCIAL Y DIFUSI\u00d3N<\/p>\n","protected":false},"excerpt":{"rendered":"<p>&nbsp;Este lunes se realizar\u00e1 la primera jornada de actividades de la Semana Nacional de Transparencia 2024 en la sede del INAI, con el tema \u201cAcceso a la informaci\u00f3n y protecci\u00f3n de datos personales en una nueva era\u201d. Las siguientes jornadas se desarrollar\u00e1n en Zacatecas, Quer\u00e9taro y Nayarit. Redacci\u00f3n SemM\u00e9xico, Cd. de M\u00e9xico, 10 de noviembre, [&hellip;]<\/p>\n","protected":false},"author":3,"featured_media":89423,"comment_status":"open","ping_status":"open","sticky":false,"template":"","format":"standard","meta":{"_monsterinsights_skip_tracking":false,"footnotes":""},"categories":[682],"tags":[],"class_list":["post-89422","post","type-post","status-publish","format-standard","has-post-thumbnail","category-noticias"],"_links":{"self":[{"href":"https:\/\/redsemlac.com\/semmexico\/wp-json\/wp\/v2\/posts\/89422","targetHints":{"allow":["GET"]}}],"collection":[{"href":"https:\/\/redsemlac.com\/semmexico\/wp-json\/wp\/v2\/posts"}],"about":[{"href":"https:\/\/redsemlac.com\/semmexico\/wp-json\/wp\/v2\/types\/post"}],"author":[{"embeddable":true,"href":"https:\/\/redsemlac.com\/semmexico\/wp-json\/wp\/v2\/users\/3"}],"replies":[{"embeddable":true,"href":"https:\/\/redsemlac.com\/semmexico\/wp-json\/wp\/v2\/comments?post=89422"}],"version-history":[{"count":0,"href":"https:\/\/redsemlac.com\/semmexico\/wp-json\/wp\/v2\/posts\/89422\/revisions"}],"wp:featuredmedia":[{"embeddable":true,"href":"https:\/\/redsemlac.com\/semmexico\/wp-json\/wp\/v2\/media\/89423"}],"wp:attachment":[{"href":"https:\/\/redsemlac.com\/semmexico\/wp-json\/wp\/v2\/media?parent=89422"}],"wp:term":[{"taxonomy":"category","embeddable":true,"href":"https:\/\/redsemlac.com\/semmexico\/wp-json\/wp\/v2\/categories?post=89422"},{"taxonomy":"post_tag","embeddable":true,"href":"https:\/\/redsemlac.com\/semmexico\/wp-json\/wp\/v2\/tags?post=89422"}],"curies":[{"name":"wp","href":"https:\/\/api.w.org\/{rel}","templated":true}]}}