{"id":89415,"date":"2024-11-10T18:06:54","date_gmt":"2024-11-11T00:06:54","guid":{"rendered":"https:\/\/redsemlac.com\/semmexico\/?p=89415"},"modified":"2024-11-10T18:07:26","modified_gmt":"2024-11-11T00:07:26","slug":"las-sindicalistas-de-la-cgt-un-primer-encuentro-sobre-el-rol-de-las-trabajadoras-y-una-defensa-el-modelo-sindical-argentino","status":"publish","type":"post","link":"https:\/\/redsemlac.com\/semmexico\/las-sindicalistas-de-la-cgt-un-primer-encuentro-sobre-el-rol-de-las-trabajadoras-y-una-defensa-el-modelo-sindical-argentino\/","title":{"rendered":"Las sindicalistas de la CGT, un primer encuentro sobre el rol de las trabajadoras y una defensa el modelo sindical argentino"},"content":{"rendered":"\n<p class=\"wp-block-paragraph\"><a href=\"https:\/\/radiografica.org.ar\/wp-content\/uploads\/2024\/11\/IMG_3728.jpg\"><\/a><a href=\"https:\/\/radiografica.org.ar\/wp-content\/uploads\/2024\/11\/IMG_3728.jpg\">Foto Sipreba<\/a><\/p>\n\n\n\n<p class=\"wp-block-paragraph\">\u201cNo venimos por la foto, no servimos el caf\u00e9, queremos compa\u00f1eras conduciendo CGT\u201c, &nbsp;<\/p>\n\n\n\n<p class=\"wp-block-paragraph\">Primer Encuentro Nacional de Mujeres Sindicalistas CGT \u201cResistir y construir la esperanza\u201d<\/p>\n\n\n\n<p class=\"wp-block-paragraph\">Redacci\u00f3n<\/p>\n\n\n\n<p class=\"wp-block-paragraph\">SemM\u00e9xico, Buenos Aires, Argentina, 10 de noviembre, 2024.-La Confederaci\u00f3n General del Trabajo (CGT) convoc\u00f3 a su Primer Encuentro de Mujeres Sindicalistas. Con m\u00e1s de mil inscriptas, en&nbsp;un evento que por primera vez se traccion\u00f3 desde la Comisi\u00f3n Directiva de la central gremial, las trabajadoras debatieron en comisiones en el predio de las estatales de la Uni\u00f3n del Personal Civil de la Naci\u00f3n (UPCN) en Ezeiza. Fueron&nbsp;m\u00e1s de 60 organizaciones gremiales con representantes de regionales&nbsp;de distintos puntos del pa\u00eds.<\/p>\n\n\n\n<p class=\"wp-block-paragraph\">Entre canticos \u201cla patria no se vende\u201d y&nbsp;\u201cno venimos por la foto, no servimos el caf\u00e9, queremos compa\u00f1eras conduciendo CGT\u201c, el encuentro del 6 de noviembre se desarroll\u00f3 con comisiones de debate por la ma\u00f1ana y lectura de conclusiones por la tarde. El cierre estuvo a cargo de las representantes de judiciales, Maia Volconvinsky, y de docentes privados, Marina Jaureguiberry.<\/p>\n\n\n\n<p class=\"wp-block-paragraph\">Marina Jaureguiberry, secretaria general del&nbsp;Sindicato Argentino de Docentes Privados (SADOP)&nbsp;convers\u00f3 con&nbsp;Radio Gr\u00e1fica&nbsp;y dijo que \u201cesto se da dentro de un proceso, las mujeres sindicalistas pensamos que el feminismo es popular con justicia social, no hay feminismo sin justicia social, y creemos tambi\u00e9n que hacemos un aporte a los feminismos\u201d.<\/p>\n\n\n\n<p class=\"wp-block-paragraph\">\u201cYo estoy con total esperanza de que la constituinidad de estos encuentros y de todos aquellos que sean necesarios&nbsp;para la visibilizaci\u00f3n, para la construcci\u00f3n de poder, para que las compa\u00f1eras estemos en los lugares y en las responsabilidades donde se toman las decisiones en la CGT y tambi\u00e9n en nuestro pa\u00eds\u201c, sum\u00f3.<\/p>\n\n\n\n<p class=\"wp-block-paragraph\"><a href=\"https:\/\/radiografica.org.ar\/2024\/11\/08\/el-documento-completo-del-encuentro-de-mujeres-sindicalistas-de-cgt\/\">El documento que circul\u00f3 como herramienta para el debate<\/a>&nbsp;en comisiones durante la jornada del 6 de noviembre retoma&nbsp;el impulso logrado a partir del 8 de marzo de este a\u00f1o cuando desde el Consejo Directivo de CGT iniciaron un \u201ccamino de consensos\u201d que confluy\u00f3, entre otras cosas, en la conformaci\u00f3n de este encuentro.&nbsp;<\/p>\n\n\n\n<p class=\"wp-block-paragraph\">Adem\u00e1s, incluye una&nbsp;defensa del modelo sindical argentino y las organizaciones sindicales&nbsp;\u201ccuya raz\u00f3n de ser -indica el texto- es atender las principales necesidades vitales de la trabajadora, el trabajador y sus familias, de manera solidaria e integrada a la defensa permanente de los salarios y las condiciones laborales. Por eso es importante ponerlo en valor y militarlo cada d\u00eda\u201d.<\/p>\n\n\n\n<p class=\"wp-block-paragraph\">El escrito discutido en varias comisiones a lo largo del d\u00eda hace una&nbsp;caracterizaci\u00f3n del gobierno de Javier Milei&nbsp;y, como consecuencia de su modelo econ\u00f3mico, de la \u201cdestrucci\u00f3n de puestos de trabajo y la licuaci\u00f3n de los ingresos para la totalidad de los sectores\u201d. As\u00ed como tambi\u00e9n puntualiza la situaci\u00f3n particular de las trabajadoras: \u201cLas mujeres componemos el 63% del decil m\u00e1s pobre de la poblaci\u00f3n, lo que se conoce como feminizaci\u00f3n de la pobreza\u201d.<\/p>\n\n\n\n<p class=\"wp-block-paragraph\">El debate incluy\u00f3 adem\u00e1s el desaf\u00edo de la&nbsp;construcci\u00f3n de un programa multisectorial: \u201cRea\ufb01rmamos nuestro leg\u00edtimo derecho a debatir en qu\u00e9 pa\u00eds queremos vivir, a ser escuchados y escuchadas y a participar de la toma de decisiones, en tanto nos reconocemos como actores pol\u00edticos dentro de la Comunidad Organizada\u201d.<\/p>\n\n\n\n<p class=\"wp-block-paragraph\">El cierre estuvo precedido de la&nbsp;lectura de las conclusiones&nbsp;de cada comisi\u00f3n. Entre ellas,&nbsp;Micaela Polak,&nbsp;del&nbsp;Sindicato de Prensa de Buenos Aires (Sipreba), retom\u00f3 que, entre lo charlado, pensaron que \u201ces muy importante&nbsp;fortalecer el rol del delegado y la delegada en los lugares de trabajo, porque esa es la \u00fanica manera de revertir el discurso dominante, que es que la organizaci\u00f3n sindical no sirve y que el poder econ\u00f3mico lo que est\u00e1 buscando con eso es defenestrar la herramienta que tenemos como clase trabajadora para revertir la situaci\u00f3n de opresi\u00f3n que vivimos\u201d.<\/p>\n\n\n\n<p class=\"wp-block-paragraph\">\u201cUn sindicato es much\u00edsimo m\u00e1s que discutir salario, que obviamente entendemos y tenemos la misma urgencia y necesitamos discutirlo, pero que&nbsp;necesitamos tambi\u00e9n levantar nuestra obra social en todo sentido, no s\u00f3lo en la salud, sino en todo lo que hacen los sindicatos en cada uno de los lugares de nuestro pa\u00eds para fomentar la solidaridad y construir redes\u201d, sum\u00f3.&nbsp;<\/p>\n\n\n\n<p class=\"wp-block-paragraph\">Al final, con la participaci\u00f3n del cosecretario general de CGT H\u00e9ctor Daer, entre otros secretarios generales, hablaron la titular de SADOP y&nbsp;Maia Volcovinsky, integrante de la&nbsp;Comisi\u00f3n Directiva de la Uni\u00f3n de Empleados Judiciales (UEJN).&nbsp;\u201cCreamos un \u00e1mbito de debate, de construcci\u00f3n, de generaci\u00f3n de consensos, de di\u00e1logo, de formaci\u00f3n, como hace tiempo no se ve\u00eda y que hace mucha falta\u201d, sostuvo.<\/p>\n\n\n\n<p class=\"wp-block-paragraph\">\u201cHay que hacerse el tiempo, porque&nbsp;si pretendemos seguir al frente de las batallas y objetivos que nos proponemos, necesitamos consolidar una organizaci\u00f3n adecuada a eso.&nbsp;No podemos exigirnos como CGT las cosas que nos exigimos, o que nos exigen, si no generamos esos \u00e1mbitos. Estamos muy orgullosas de haber dado este paso, construir este \u00e1mbito y que haya salido tan bien\u201d, agreg\u00f3 la judicial.<\/p>\n\n\n\n<p class=\"wp-block-paragraph\">Adem\u00e1s de los gremios mencionados, participaron Uocra, Ladrilleras, Aaemm, Aatrac, Apeh, Apuba, Fepinra, Sadaic, Uda, Utedyc, Seivara,&nbsp; Soeesit, Sgbatos, Aatrac, Uthgra, Sec, Somu, Sutep, Soeme, entre muchos otros.<\/p>\n\n\n\n<p class=\"wp-block-paragraph\"><strong>Lee el documento completo para el debate en comisiones:<\/strong><\/p>\n\n\n\n<p class=\"wp-block-paragraph\">Primer Encuentro Nacional de Mujeres Sindicalistas CGT \u201cResistir y construir la esperanza\u201d<\/p>\n\n\n\n<figure class=\"wp-block-image size-large\"><a href=\"https:\/\/redsemlac.com\/semmexico\/wp-content\/uploads\/2024\/11\/sindicalistas-cgt-02.jpg\"><img loading=\"lazy\" decoding=\"async\" width=\"1024\" height=\"683\" src=\"https:\/\/redsemlac.com\/semmexico\/wp-content\/uploads\/2024\/11\/sindicalistas-cgt-02-1024x683.jpg\" alt=\"\" class=\"wp-image-89416\" srcset=\"https:\/\/redsemlac.com\/semmexico\/wp-content\/uploads\/2024\/11\/sindicalistas-cgt-02-1024x683.jpg 1024w, https:\/\/redsemlac.com\/semmexico\/wp-content\/uploads\/2024\/11\/sindicalistas-cgt-02-300x200.jpg 300w, https:\/\/redsemlac.com\/semmexico\/wp-content\/uploads\/2024\/11\/sindicalistas-cgt-02-768x512.jpg 768w, https:\/\/redsemlac.com\/semmexico\/wp-content\/uploads\/2024\/11\/sindicalistas-cgt-02-150x100.jpg 150w, https:\/\/redsemlac.com\/semmexico\/wp-content\/uploads\/2024\/11\/sindicalistas-cgt-02-696x464.jpg 696w, https:\/\/redsemlac.com\/semmexico\/wp-content\/uploads\/2024\/11\/sindicalistas-cgt-02-1068x712.jpg 1068w, https:\/\/redsemlac.com\/semmexico\/wp-content\/uploads\/2024\/11\/sindicalistas-cgt-02.jpg 1455w\" sizes=\"auto, (max-width: 1024px) 100vw, 1024px\" \/><\/a><\/figure>\n\n\n\n<p class=\"wp-block-paragraph\">\u201cLas mujeres argentinas, las mujeres trabajadoras sabemos que se est\u00e1 luchando por el ser o no ser de la patria y en esta lucha de todos, las mujeres sabemos que tenemos un puesto\u201d.Evita.<\/p>\n\n\n\n<p class=\"wp-block-paragraph\"><strong>1. EN DEFENSA DE LA PATRIA, CONSTRUYENDO UN NOSOTRAS<\/strong><\/p>\n\n\n\n<p class=\"wp-block-paragraph\">El 8 de Marzo de 2024, un grupo de Compa\u00f1eras que integramos el Consejo Directivo de la Confederaci\u00f3n General del Trabajo, presentamos p\u00fablicamente en la plaza del Congreso nuestra bandera bajo el lema MUJERES TRABAJADORAS CGT, con la imagen de nuestra compa\u00f1era Evita, emblema y gu\u00eda a la Victoria. Este hecho abri\u00f3 un camino de coincidencias maduradas dentro de nuestro colectivo y constituy\u00f3 un punto de anclaje que nos impulsa a seguir encontrando m\u00e1s y mejores consensos para amasar este presente, construido horizontalmente por decisi\u00f3n pol\u00edtica y militancia compartida. Creemos fundamental visibilizar, comprender y reclamar por las desigualdades que sufrimos como mujeres trabajadoras, entendiendo esta lucha en el marco de las luchas del movimiento obrero organizado.<\/p>\n\n\n\n<p class=\"wp-block-paragraph\">La participaci\u00f3n de las mujeres en las organizaciones sindicales estuvo desde sus inicios impregnada de desigualdades en relaci\u00f3n a los varones, traduci\u00e9ndose en di\ufb01cultades para organizarse y participar: di\ufb01cultad para conciliar el trabajo dom\u00e9stico y de cuidados ejercido mayoritariamente por las mujeres, m\u00e1s el trabajo remunerado, m\u00e1s la actividad sindical.<\/p>\n\n\n\n<p class=\"wp-block-paragraph\">As\u00ed llegamos al Primer Encuentro de Mujeres Sindicalistas de la CGT, que nace en un contexto muy complejo para Argentina, en el que sentimos que nuestra Patria est\u00e1 en peligro y por lo tanto, debemos comprometernos en su defensa. Cada una de nosotras ha venido participando activamente al interior de nuestros propios sindicatos, y nos fuimos nucleando en un territorio com\u00fan dentro de nuestra CGT, porque entendemos que las y los trabajadores nos est\u00e1n llamando a hacer un esfuerzo superior y que debe ser en unidad. No fueron pocas las veces en nuestra historia que el movimiento obrero acudi\u00f3 en auxilio de nuestro pueblo y en esos momentos de profundo dolor siempre estuvimos presentes las mujeres. Por eso, es importante nuestro protagonismo en todos los \u00e1mbitos: necesitamos desnaturalizar los sentidos hegem\u00f3nicos y al mismo tiempo seguir ampliando con nuestra presencia el escenario de la lucha y conducci\u00f3n sindical.<\/p>\n\n\n\n<p class=\"wp-block-paragraph\">Este primer encuentro de mujeres sindicalistas de la CGT de todo el pa\u00eds es una invitaci\u00f3n a pensar juntas, compartir experiencias, re\ufb02exionar y proponer l\u00edneas de acci\u00f3n desde el coraz\u00f3n de nuestra CGT hacia todos los \u00e1mbitos de participaci\u00f3n donde nos toca actuar y desde todos esos frentes hacia la CGT, incorporando nuestra mirada con perspectiva de g\u00e9nero a cada debate, enmarcada en nuestra militancia por un proyecto de pa\u00eds m\u00e1s justo e inclusivo.<\/p>\n\n\n\n<p class=\"wp-block-paragraph\"><strong>2. NOS REAFIRMAMOS EN NUESTRO MODELO SINDICAL<\/strong><\/p>\n\n\n\n<p class=\"wp-block-paragraph\">En un escenario de crisis de las representaciones institucionales, donde el individualismo prima sobre el proyecto com\u00fan, desde el gobierno nacional y el poder concentrado, con ayuda de los medios de comunicaci\u00f3n, se intenta socavar la imagen de los sindicatos y de las y los sindicalistas, buscando dividir, controlar y desarticular el sistema de organizaci\u00f3n libre y de unidad promocionada con negociaci\u00f3n colectiva y de representaci\u00f3n en los lugares de trabajo. Nosotras, las mujeres sindicalistas, hemos decidido partir desde un expreso reconocimiento de nuestras fortalezas.<\/p>\n\n\n\n<p class=\"wp-block-paragraph\">Las organizaciones sindicales somos instituciones democr\u00e1ticas, que nos sometemos a elecciones peri\u00f3dicamente en los distintos estamentos, con voto directo de nuestras bases. Esta condici\u00f3n es central para darle al sistema legitimidad y estabilidad en el tiempo, y es lo que explica la vitalidad y la vigencia del Modelo Sindical Argentino.<\/p>\n\n\n\n<p class=\"wp-block-paragraph\">Hoy es necesario llegar a nuestras compa\u00f1eras y compa\u00f1eros trabajadores, de cara a toda la sociedad, para mostrar todo lo que hacemos cotidianamente desde los sindicatos:<\/p>\n\n\n\n<ul class=\"wp-block-list\">\n<li>Defendemos las condiciones de trabajo, los derechos laborales conquistados y consolidamos nuevos derechos, implementando pol\u00edticas integrales de desarrollo humano.<\/li>\n\n\n\n<li>Generamos programas de apoyo y cuidado familiar para las y los trabajadores activos e inactivos (espacios de cuidado para las infancias, escuelas, clubes deportivos, centros de jubilados\/as, subsidios).<\/li>\n\n\n\n<li>Ofrecemos formaci\u00f3n profesional a trav\u00e9s de una red federal de centros de formaci\u00f3n, que en algunos casos llegan a ser casas de estudios terciarios y\/o universitarios. Brindamos acceso a centros tur\u00edsticos y de recreaci\u00f3n (colonias de vacaciones, hoteles sindicales).<\/li>\n\n\n\n<li>Otorgamos salud de calidad a 14 millones de a\ufb01liadas y a\ufb01liados a trav\u00e9s de las Obras Sociales Sindicales que poseen la mayor tasa de e\ufb01ciencia del sistema de salud.<\/li>\n\n\n\n<li>Participamos en la discusi\u00f3n y construcci\u00f3n de un Proyecto de Pa\u00eds integrado, en base al Desarrollo, la Producci\u00f3n y el Trabajo digno.<\/li>\n<\/ul>\n\n\n\n<p class=\"wp-block-paragraph\">De ello se desprende la cercan\u00eda, la pertenencia, los lazos afectivos fuertes entre las y los a\ufb01liados con sus organizaciones sindicales, cuya raz\u00f3n de ser es atender las principales necesidades vitales de la trabajadora, el trabajador y sus familias, de manera solidaria e integrada a la defensa permanente de los salarios y las condiciones laborales.&nbsp;Por eso es importante ponerlo en valor y militarlo cada d\u00eda.<\/p>\n\n\n\n<p class=\"wp-block-paragraph\"><strong>3. EL GOBIERNO DE MILEI Y EL MUNDO DEL TRABAJO<\/strong><\/p>\n\n\n\n<p class=\"wp-block-paragraph\">En el a\u00f1o 2021 la CGT ya hab\u00eda se\u00f1alado a nuestro gobierno la necesidad de recti\ufb01car el rumbo poniendo \u00e9nfasis en \u201cVolver al trabajo como el gran ordenador social\u201d, denunciando que: \u201cla in\ufb02aci\u00f3n debilita el poder de compra de trabajadores y trabajadoras en situaci\u00f3n de ocupados, desocupados, jubilados\u2026 la precarizaci\u00f3n laboral y la ilegalidad en la que se encuentran gran parte de los trabajadores y trabajadoras activas deben terminar\u2026 el empobrecimiento generalizado de la mayor\u00eda de los asalariados, formales e informales, resulta indisimulable; alcanzando sobre el consumo consecuencias impensadas en nuestro Pa\u00eds\u201d. En funci\u00f3n de eso hab\u00eda solicitado la convocatoria urgente a una mesa de negociaci\u00f3n para definir un Programa Nacional de Empleo y Formaci\u00f3n Profesional, que nunca fue convocada.<\/p>\n\n\n\n<p class=\"wp-block-paragraph\">A partir de Diciembre de 2023, como consecuencia de la pol\u00edtica econ\u00f3mica implementada por el gobierno de Milei, el pa\u00eds entr\u00f3 en recesi\u00f3n. Entre el primer semestre del 2024 y el primer semestre del 2023 la econom\u00eda se contrajo un 3,4%, pero m\u00e1s importante el consumo privado (principal componente de la demanda agregada y que indirectamente permite mirar el poder de compra de los ingresos) cay\u00f3 un 8,2%, la inversi\u00f3n se desplom\u00f3 un 27% y el consumo p\u00fablico (es decir el Estado en tanto consumidor) se redujo un 5,2%, esto \u00faltimo mostrando la retirada del Sector P\u00fablico. La ca\u00edda de la actividad implic\u00f3 el cierre de 10.000 establecimientos Pymes (seg\u00fan la Asociaci\u00f3n de Empresarios\/as Nacionales para el Desarrollo Argentino), la consecuente destrucci\u00f3n de puestos de trabajo y la licuaci\u00f3n de los ingresos para la totalidad de los sectores, por el impacto de la maxi devaluaci\u00f3n de diciembre pasado.<\/p>\n\n\n\n<p class=\"wp-block-paragraph\">La in\ufb02aci\u00f3n acumulada entre los meses 11\/23 y 6\/24 ascendi\u00f3 a un 125% (y entre 11\/23 y el \u00faltimo dato de precios del 9\/24, creci\u00f3 153%), mientras los ingresos evolucionaron de manera dispar y en general por debajo. Por ello, la tasa de pobreza se dispar\u00f3 al 52.9% (12 puntos m\u00e1s respecto al 2023) y la tasa de indigencia al 18,1% (7,5 puntos m\u00e1s respecto al 2023).<\/p>\n\n\n\n<p class=\"wp-block-paragraph\">As\u00ed, el doloroso costo social del ajuste se puede medir en n\u00fameros: entre el primer semestre del 2023 y el primer semestre de 2024, hay 5 millones m\u00e1s de personas que no pueden cubrir la canasta b\u00e1sica total. Este resultado se da en todas las franjas etarias, llegando al 66,1% en personas entre 0 y 14 a\u00f1os. Hoy 7 de cada 10 ni\u00f1as\/os menores de 17 a\u00f1os son pobres, lo que resulta un golpe brutal sobre su desarrollo vital.<\/p>\n\n\n\n<p class=\"wp-block-paragraph\">A la par, millones de jubilados\/as cobran haberes por debajo de la l\u00ednea de pobreza e incluso de indigencia y casi la mitad de las y los trabajadores se encuentran en la informalidad.<\/p>\n\n\n\n<p class=\"wp-block-paragraph\">El primer semestre de 2024 mostr\u00f3 un desempleo creciente, de un 7.6% y tambi\u00e9n un fuerte crecimiento de la subocupaci\u00f3n. El aumento de la desocupaci\u00f3n se tradujo en la destrucci\u00f3n de 183.588 puestos de trabajo registrados en el sector privado durante el primer semestre del 2024. El poder adquisitivo de los ingresos entre Agosto 2023 y Agosto 2024 para el total de los salarios cay\u00f3 12,1 puntos.<\/p>\n\n\n\n<p class=\"wp-block-paragraph\">Las consecuencias de esta pol\u00edtica econ\u00f3mica las sufrimos en mayor medida las mujeres. Cuando miramos la tasa de desocupaci\u00f3n del segundo trimestre 2024, vemos que fue de 8,4% para las mujeres y de 6,9% para los varones. En promedio, la brecha salarial por g\u00e9nero es de un -27,8%, profundiz\u00e1ndose y reproduciendo la desigualdad sistem\u00e1ticamente.<\/p>\n\n\n\n<p class=\"wp-block-paragraph\">Las mujeres componemos el 63% del decil m\u00e1s pobre de la poblaci\u00f3n, lo que se conoce como feminizaci\u00f3n de la pobreza. A su vez, para el segundo trimestre del 2024, dentro del decil de menor poder adquisitivo, las jubilaciones y la ayuda social (ingresos no laborales) representaron el 46,8% del ingreso de las mujeres y el 30,6% del de los varones, con lo cual, somos claramente las m\u00e1s perjudicadas por el feroz ajuste que lleva adelante el gobierno sobre esas partidas.<\/p>\n\n\n\n<p class=\"wp-block-paragraph\">Esta situaci\u00f3n no solo impacta en la vida de las mujeres a trav\u00e9s de un plano econ\u00f3mico, sino que tambi\u00e9n tiene efectos sobre su bienestar a trav\u00e9s de la salud. Especialmente, si se considera la mayor exposici\u00f3n y vulnerabilidad de las mujeres a riesgos derivados de determinadas formas de organizaci\u00f3n del trabajo \u2013riesgos psicosociales- subyacentes en las actividades econ\u00f3micas en las que se insertan y de mayor incidencia por situaciones de violencia laboral.<\/p>\n\n\n\n<p class=\"wp-block-paragraph\">Cabe agregar a todo lo planteado que el gobierno de Milei y las pol\u00edticas implementadas durante su mandato tienen un profundo contenido de g\u00e9nero. Est\u00e1n marcadas por conductas mis\u00f3ginas de permanente persecuci\u00f3n y agresi\u00f3n hacia las mujeres y diversidades. En estos pocos meses han desmantelado d\u00e9cadas de pol\u00edticas feministas y de g\u00e9nero y han des\ufb01nanciado programas dirigidos a defender los derechos y la integridad de las mujeres.<\/p>\n\n\n\n<p class=\"wp-block-paragraph\">Por otra parte, el sector productivo est\u00e1 perdiendo competitividad ante la apertura comercial y los incrementos de tarifas. El gobierno favorece a los grandes grupos econ\u00f3micos liberando los precios de los servicios, el transporte y las prepagas. A la par intenta poner techo a las paritarias y env\u00eda leyes al Congreso para reducir derechos laborales, creando \ufb01guras asociativas por fuera de la relaci\u00f3n de dependencia y pretendiendo restringir el ejercicio de la acci\u00f3n sindical. Al mismo tiempo que eliminan impuestos a los que m\u00e1s tienen (Bienes Personales), reimplantan el Impuesto al Trabajo (Ganancias) y mientras los evasores que no pagaron cargas sociales pueden ampararse en el Blanqueo se busca eliminar los reg\u00edmenes jubilatorios especiales.<\/p>\n\n\n\n<p class=\"wp-block-paragraph\">El Presidente Milei expresa p\u00fablicamente su decisi\u00f3n de destruir el Estado y esto se pone de mani\ufb01esto en cada una de las pol\u00edticas que se llevan adelante: cierre de dependencias, ministerios y consecuentes despidos de decenas de miles de trabajadores y trabajadoras. Est\u00e1n desarmando el complejo tecnol\u00f3gico y des\ufb01nanciando al sistema educativo nacional. Por otra parte la cancelaci\u00f3n de la obra p\u00fablica, los anuncios de privatizaciones de Aerol\u00edneas Argentinas y ferrocarriles, la as\ufb01xia a los gobiernos provinciales, est\u00e1n generando un da\u00f1o profundo, afectando las econom\u00edas regionales, el turismo y el empleo, limitando en la pr\u00e1ctica toda posibilidad de expresar el federalismo.<\/p>\n\n\n\n<p class=\"wp-block-paragraph\"><strong>4. \u201cLA PATRIA NO SE VENDE\u201d. NUESTRA CONFEDERACI\u00d3N GENERAL DEL TRABAJO EN ESTE ESCENARIO: ACCIONES y PROPUESTAS<\/strong><\/p>\n\n\n\n<p class=\"wp-block-paragraph\">a.- Resistir en defensa de nuestros derechos laborales, sociales y pol\u00edticos.<\/p>\n\n\n\n<p class=\"wp-block-paragraph\">Ante la grave situaci\u00f3n que atraviesa nuestro pueblo la CGT alz\u00f3 su voz en forma inmediata y contundente, convirti\u00e9ndose en un actor central al momento de marcar la oposici\u00f3n frente a pol\u00edticas que est\u00e1n poniendo en riesgo los destinos de nuestro pa\u00eds. Su Consejo Directivo Nacional dise\u00f1\u00f3 una s\u00f3lida estrategia para defender los derechos conculcados y resistir a los embates del andamiaje jur\u00eddico presentado para darle forma a una Argentina donde claramente las y los trabajadores no estamos incluidos. En esta l\u00ednea se elabor\u00f3 un plan de acci\u00f3n que se viene ejecutando en tres frentes: legislativo, judicial y sindical. Cabe aqu\u00ed recordar este recorrido:<\/p>\n\n\n\n<ul class=\"wp-block-list\">\n<li>Las movilizaciones multitudinarias y federales: ante la publicaci\u00f3n del DNU 70 la del 27\/12\/23;\u00a0el primer paro y movilizaci\u00f3n de la CGT el 24\/1\/24\u00a0ante la presentaci\u00f3n del PEN del Proyecto de la Ley Bases; la marcha de las mujeres trabajadoras CGT contra el hambre el\u00a08\/3\/24; la marcha del\u00a024 de Marzo de 2024\u00a0contra el negacionismo convocada junto a los organismos de DDHH desde el Sal\u00f3n Felipe Vallese de la CGT; la participaci\u00f3n en la primer marcha multisectorial en defensa de la Educaci\u00f3n P\u00fablica el\u00a023\/4\/24; la movilizaci\u00f3n de CGT por del d\u00eda del Trabajo el\u00a01\/5\/24;\u00a0el segundo paro general de la CGT, de fecha\u00a09\/5\/24; la segunda marcha multisectorial en defensa de la Educaci\u00f3n del\u00a02\/10\/24. A esto debe sumarse el sinf\u00edn de con\ufb02ictos que los sindicatos protagonizan de manera sostenida y cotidiana contra el nefasto programa del Gobierno Nacional.<\/li>\n\n\n\n<li>La presentaci\u00f3n de la demanda ante la justicia laboral contra el DNU 70\/23, con fallo favorable que a\u00fan hoy mantiene en suspenso su aplicaci\u00f3n y al que el Parlamento no ha dado tratamiento para su de\ufb01nitivo rechazo.<\/li>\n\n\n\n<li>La articulaci\u00f3n de la CGT con todos los bloques parlamentarios\u00a0para reducir a la m\u00ednima expresi\u00f3n el impacto de la Ley Bases sobre las normas del trabajo.<\/li>\n\n\n\n<li>La participaci\u00f3n en \u00e1mbitos de di\u00e1logo con los gobiernos nacional y provinciales\u00a0que permitan denunciar y abordar los con\ufb02ictos que generan actuales pol\u00edticas del ejecutivo nacional, exigiendo la participaci\u00f3n sindical para tratar la reglamentaci\u00f3n de algunas normas votadas por el parlamento y as\u00ed evitar el efecto negativo sobre los trabajadores (por ejemplo la \ufb01gura del colaborador\/a y los alcances del bloqueo).<\/li>\n\n\n\n<li>La visita al Papa Francisco el 16\/9\/2024\u00a0en la que se le hizo entrega del documento \u201cAgenda para un nuevo Contrato Social\u201d que sintetiza la posici\u00f3n de la CGT y su propuesta para el di\u00e1logo multisectorial.<\/li>\n<\/ul>\n\n\n\n<p class=\"wp-block-paragraph\"><strong>b.- Convocar a la construcci\u00f3n de un programa de consenso multisectorial<\/strong><\/p>\n\n\n\n<p class=\"wp-block-paragraph\">\u201cLos trabajadores, columna vertebral del Proceso, est\u00e1n organiz\u00e1ndose para que su participaci\u00f3n trascienda largamente de la discusi\u00f3n de salarios y condiciones de trabajo. El Pa\u00eds necesita que los trabajadores como grupo social definan cu\u00e1l es la sociedad a la que aspiran, de la misma manera que los dem\u00e1s grupos pol\u00edticos y sociales. Ello exige capacitaci\u00f3n intensa y requiere tambi\u00e9n que la idea constituya la materia prima que supere a todos los dem\u00e1s instrumentos de lucha\u201d \u2013 Juan Domingo Per\u00f3n. Modelo Argentino para el Proyecto Nacional. 1974<\/p>\n\n\n\n<p class=\"wp-block-paragraph\">Los sindicatos que conformamos la CGT, ejerciendo la representaci\u00f3n de las y los trabajadores de toda nuestra Patria, rea\ufb01rmamos nuestro leg\u00edtimo derecho a debatir en qu\u00e9 pa\u00eds queremos vivir, a ser escuchados y escuchadas y a participar de la toma de decisiones, en tanto nos reconocemos como actores pol\u00edticos dentro de la Comunidad Organizada. En esa l\u00ednea nuestra central ha elaborado un documento que expresa nuestra propuesta para la construcci\u00f3n de un Proyecto de Pa\u00eds solidario, inclusivo y con Justicia Social y que est\u00e1 siendo presentado en \u00e1mbitos nacionales e internacionales.<\/p>\n\n\n\n<p class=\"wp-block-paragraph\">Esta \u201cAGENDA para un nuevo contrato social. Argentina. Hacia un pa\u00eds con desarrollo, producci\u00f3n y trabajo\u201d&nbsp;desgrana en 17 puntos tem\u00e1ticos la posici\u00f3n CGT, haciendo eje en&nbsp;TRABAJO, SALUD, EDUCACI\u00d3N y CUIDADO DE LA CASA COM\u00daN, convocando a \u201c\u2026la construcci\u00f3n de un programa de consenso multisectorial, que nos permita avanzar hacia una agenda de di\u00e1logo para una Argentina del Desarrollo, la Producci\u00f3n y el Trabajo, solidaria, inclusiva y con igualdad de oportunidades\u201d.<\/p>\n\n\n\n<p class=\"wp-block-paragraph\">El desaf\u00edo es aportar a la construcci\u00f3n de una Patria Justa, Libre y Soberana. La fortaleza es la&nbsp;UNIDAD del movimiento obrero&nbsp;expresada hace tres a\u00f1os en el Congreso General Ordinario de fecha 11\/11\/2021 mediante la presentaci\u00f3n de un \u201cPlan de Acci\u00f3n para una Argentina de Todos. Volver al Trabajo como el Gran Ordenador Social\u201d y que ha sido sostenida todo este tiempo con mucha energ\u00eda frente a quienes pretenden debilitarnos porque estamos convencidas\/os que \u201cla construcci\u00f3n de la sociedad que anhelamos se cimienta en equilibrios b\u00e1sicos superadores de con\ufb02ictos, asegurados por la plena vigencia de la negociaci\u00f3n colectiva, una seguridad social contributiva y el modelo sindical\u201d.<\/p>\n\n\n\n<p class=\"wp-block-paragraph\">Las mujeres sindicalistas destacamos, con orgullo, que nuestra CGT sigue siendo una herramienta imprescindible para la resistencia a este modelo de hambre y exclusi\u00f3n y tambi\u00e9n un faro para construir una alternativa, \u201cpor eso nos resulta indispensable la generaci\u00f3n y sostenimiento de espacios comunes, lugares de encuentro en los que contrarrestar el aislamiento individualista. La apuesta debe ser por la construcci\u00f3n colectiva, partiendo del trabajo como organizador de la vida en comunidad, generando lazos fraternales, de cooperaci\u00f3n, de unidad y solidaridad en el conjunto de las y los trabajadores\u201d.<\/p>\n\n\n\n<p class=\"wp-block-paragraph\"><strong>5.- EL DESAF\u00cdO DE CONSTRUIR LA ESPERANZA<\/strong><\/p>\n\n\n\n<p class=\"wp-block-paragraph\">El General Per\u00f3n como Conductor del Movimiento Nacional Justicialista y punto de in\ufb02exi\u00f3n en la historia de nuestra Patria, en el Modelo Argentino, nos expresaba con total claridad que: \u201ctenemos la responsabilidad hist\u00f3rica de de\ufb01nir el Pa\u00eds que deseamos, con el prop\u00f3sito de abandonar las luchas internas que desgastan nuestra esperanza y nos desv\u00edan del camino por el que podemos y debemos transitar\u201d.<\/p>\n\n\n\n<p class=\"wp-block-paragraph\">Este texto y este encuentro se poblar\u00e1n de nuestras voces, de nuestras rabias, alegr\u00edas, necesidades y disfrutes. Nos proponemos andar juntas: en el lazo que nos sostiene, en la trama que habitamos, en la urdimbre que tejemos, en los sue\u00f1os que amasamos es donde se despliega un horizonte de sentidos y de futuro com\u00fan. Hoy la Patria nos demanda esta tarea: estamos siendo convocadas a entregar nuestro aporte a la construcci\u00f3n de la esperanza colectiva. Podemos ser protagonistas. Necesitamos otear el horizonte mirar lejos con ojos muy abiertos, atentas a lo que viene, a lo que est\u00e1 aconteciendo, a lo que se est\u00e1 gestando. Con el coraz\u00f3n encendido. Por la felicidad del pueblo y la grandeza de la Patria.<\/p>\n\n\n\n<p class=\"wp-block-paragraph\">EZEIZA, 6 DE NOVIEMBRE DE 2024<\/p>\n","protected":false},"excerpt":{"rendered":"<p>Foto Sipreba \u201cNo venimos por la foto, no servimos el caf\u00e9, queremos compa\u00f1eras conduciendo CGT\u201c, &nbsp; Primer Encuentro Nacional de Mujeres Sindicalistas CGT \u201cResistir y construir la esperanza\u201d Redacci\u00f3n SemM\u00e9xico, Buenos Aires, Argentina, 10 de noviembre, 2024.-La Confederaci\u00f3n General del Trabajo (CGT) convoc\u00f3 a su Primer Encuentro de Mujeres Sindicalistas. Con m\u00e1s de mil inscriptas, [&hellip;]<\/p>\n","protected":false},"author":3,"featured_media":89419,"comment_status":"open","ping_status":"open","sticky":false,"template":"","format":"standard","meta":{"_monsterinsights_skip_tracking":false,"footnotes":""},"categories":[748,694],"tags":[],"class_list":["post-89415","post","type-post","status-publish","format-standard","has-post-thumbnail","category-cultura-feminista","category-destacadas"],"_links":{"self":[{"href":"https:\/\/redsemlac.com\/semmexico\/wp-json\/wp\/v2\/posts\/89415","targetHints":{"allow":["GET"]}}],"collection":[{"href":"https:\/\/redsemlac.com\/semmexico\/wp-json\/wp\/v2\/posts"}],"about":[{"href":"https:\/\/redsemlac.com\/semmexico\/wp-json\/wp\/v2\/types\/post"}],"author":[{"embeddable":true,"href":"https:\/\/redsemlac.com\/semmexico\/wp-json\/wp\/v2\/users\/3"}],"replies":[{"embeddable":true,"href":"https:\/\/redsemlac.com\/semmexico\/wp-json\/wp\/v2\/comments?post=89415"}],"version-history":[{"count":0,"href":"https:\/\/redsemlac.com\/semmexico\/wp-json\/wp\/v2\/posts\/89415\/revisions"}],"wp:featuredmedia":[{"embeddable":true,"href":"https:\/\/redsemlac.com\/semmexico\/wp-json\/wp\/v2\/media\/89419"}],"wp:attachment":[{"href":"https:\/\/redsemlac.com\/semmexico\/wp-json\/wp\/v2\/media?parent=89415"}],"wp:term":[{"taxonomy":"category","embeddable":true,"href":"https:\/\/redsemlac.com\/semmexico\/wp-json\/wp\/v2\/categories?post=89415"},{"taxonomy":"post_tag","embeddable":true,"href":"https:\/\/redsemlac.com\/semmexico\/wp-json\/wp\/v2\/tags?post=89415"}],"curies":[{"name":"wp","href":"https:\/\/api.w.org\/{rel}","templated":true}]}}