{"id":89377,"date":"2024-11-10T15:32:07","date_gmt":"2024-11-10T21:32:07","guid":{"rendered":"https:\/\/redsemlac.com\/semmexico\/?p=89377"},"modified":"2024-11-10T15:33:09","modified_gmt":"2024-11-10T21:33:09","slug":"fundamental-promover-emprendimiento-de-mujeres-mediante-capacitacion-y-financiamiento-afirman-legisladoras-del-pri","status":"publish","type":"post","link":"https:\/\/redsemlac.com\/semmexico\/fundamental-promover-emprendimiento-de-mujeres-mediante-capacitacion-y-financiamiento-afirman-legisladoras-del-pri\/","title":{"rendered":"Fundamental, promover emprendimiento de mujeres mediante capacitaci\u00f3n y financiamiento, afirman legisladoras del PRI"},"content":{"rendered":"\n<p class=\"wp-block-paragraph\">Discuten las diputadas con representantes empresariales, el emprendimiento es claramente desde las&nbsp; mujeres<\/p>\n\n\n\n<p class=\"wp-block-paragraph\">La diputada Xitalic Ceja, presidenta del Organismo Nacional de Mujeres Priistas (ONMPRI), convoca a la conferencia \u201cSensibilizaci\u00f3n para el emprendimiento de mujeres priistas\u201d<br><br><\/p>\n\n\n\n<p class=\"wp-block-paragraph\">Redacci\u00f3n<br>SemM\u00e9xico, Ciudad de M\u00e9xico, 10 de noviembre, 2024.- Diputadas del PRI, encabezadas por Xitlalic Ceja Garc\u00eda, destacaron la importancia de promover el emprendimiento de las mujeres mediante la capacitaci\u00f3n y el financiamiento durante un foro en el que participaron representantes empresariales y una representaci\u00f3n de la diputaci\u00f3n de la Ciudad de M\u00e9xico.<br><br>La diputada y presidenta del Organismo Nacional de Mujeres Priistas (ONMPRI),&nbsp; Ceja Garc\u00eda, dijo que un proyecto de emprendimiento requiere primero de una labor de sensibilizaci\u00f3n, porque es fundamental que las mujeres que quieran emprender no solo tengan el financiamiento, sino el conocimiento o capacitaci\u00f3n para ello, considerando que en las mayores y mejores emprendedoras son las mujeres.<\/p>\n\n\n\n<p class=\"wp-block-paragraph\">Durante la conferencia denominada \u201cSensibilizaci\u00f3n para el emprendimiento de mujeres priistas\u201d, subray\u00f3 que esto va desde saber c\u00f3mo tramitar su RFC hasta manejar estrategias de venta digital y organizar su negocio para evitar que se quede solo en una ilusi\u00f3n; debe ser un proyecto integral.<\/p>\n\n\n\n<p class=\"wp-block-paragraph\"><br>La diputada Ariana del Roc\u00edo Rej\u00f3n Lara (PRI)&nbsp; dijo sumarse a las mujeres en esta lucha. \u201cHoy nos sumamos a esta lucha por la igualdad, no s\u00f3lo se trata de igualdad ante la ley, sino de igualdad en la vida cotidiana. Se trata de tener las mismas posiciones, los mismos salarios, de que nos reconozcan esta lucha tambi\u00e9n es de los hombres\u201d, extern\u00f3.<br><br>La diputada Ver\u00f3nica Mart\u00ednez Garc\u00eda (PRI) sostuvo que es fundamental reconocer los retos que tienen todos los d\u00edas las mujeres, ya que 7 de cada 10 ha sufrido alg\u00fan tipo de violencia y la mayor parte de ellas no puede salir de ese c\u00edrculo de violencia, porque no es independiente econ\u00f3micamente.<\/p>\n\n\n\n<p class=\"wp-block-paragraph\"><br>\u201cCuando las mujeres somos independientes econ\u00f3micamente, podemos dejar a un lado ese c\u00edrculo de violencia para salir adelante, por lo que&nbsp; buscar empoderar a las mujeres y buscar las herramientas para darles oportunidades a las mujeres para salir adelante\u201d es una tarea.<\/p>\n\n\n\n<p class=\"wp-block-paragraph\"><br>La diputada M\u00f3nica Elizabeth Sandoval Hern\u00e1ndez (PRI) dijo que como representantes de mujeres tienen la responsabilidad de dar un buen resultado.<br><br>El diputado Israel Betanzos Cortes y presidente del PRI en la Ciudad de M\u00e9xico subray\u00f3 la importancia de que lo que se aprenda en este tipo de eventos sea compartido afuera y promover la igualdad entre hombres y mujeres en todos los \u00e1mbitos.<br><br>Tania Hern\u00e1ndez Peralta, responsable de los programas de mujeres de la Canaco, celebr\u00f3 que se realicen este tipo de iniciativas en favor de las mujeres, ya que el 60 por ciento de ellas son violentadas, no sale de su casa porque no tiene una independencia financiera y hay mucho miedo de separarse del agresor, pues a veces de por medio est\u00e1n los hijos.<br><br>Apunt\u00f3 que la crisis de salud por el Covid-19 fue un parteaguas para muchos empresarios y emprendedores porque muchos quisieron \u201ctirar la toalla\u201d, ya que los gastos fijos no paraban y ten\u00edan que negociar. Y desafortunadamente muchas mujeres perdieron sus empleos y en esos momentos decidieron emprender. \u201cEso demuestra que, a pesar de las circunstancias, las mujeres tienen la capacidad de sacar de lo malo, realmente lo bueno. Las mujeres son fuertes, tienen resiliencia\u201d, resalt\u00f3.<\/p>\n\n\n\n<p class=\"wp-block-paragraph\"><br>Expuso que la realidad es que emprender no es para todos y todas, pues para algunas personas puede ser muy gratificante y para otras puede ser muy estresante; adem\u00e1s, requiere de tolerancia a la frustraci\u00f3n y al riesgo, no compararse, y es importante considerar el contexto pol\u00edtico, social, econ\u00f3mico y familiar.<\/p>\n\n\n\n<p class=\"wp-block-paragraph\"><br>Agreg\u00f3 que es relevante capacitarse y estar pendiente de cu\u00e1nto factura nuestro emprendimiento y aprender a reinvertir y no caer en la tentaci\u00f3n de gastarse el dinero, as\u00ed como analizar a la competencia.<\/p>\n\n\n\n<p class=\"wp-block-paragraph\"><br>Soraya P\u00e9rez Mungu\u00eda, consultora en finanzas y exdiputada federal del PRI asever\u00f3 que las micro, peque\u00f1as y medianas empresas (Mipymes) representan la columna vertebral de la econom\u00eda del pa\u00eds y existen alrededor de cinco millones de unidades econ\u00f3micas que generan aproximadamente el 50 por ciento del Producto Interno Bruto (PIB) y el 70 por ciento del empleo formal en M\u00e9xico.<\/p>\n\n\n\n<p class=\"wp-block-paragraph\"><br>Sin embargo, muchas de estas empresas enfrentan grandes desaf\u00edos debido a la falta de pol\u00edticas p\u00fablicas que fomenten su crecimiento, como el acceso al financiamiento, la formalizaci\u00f3n de muchas Mipymes, pues m\u00e1s del 70 por ciento opera en la informalidad.<br><br>\u201cSe requiere fortalecer a la Mipymes y acompa\u00f1ar, capacitar y profesionalizar a este sector enorme de la poblaci\u00f3n, por ello necesitamos una agencia de gobierno que les d\u00e9 acompa\u00f1amiento y genere un proceso de digitalizaci\u00f3n y promueva el uso de las tecnolog\u00edas\u201d, se\u00f1al\u00f3.<\/p>\n\n\n\n<p class=\"wp-block-paragraph\"><br><br>Alicia T\u00e9llez S\u00e1nchez, encargada del programa de emprendimiento del ONMPRI, se pronunci\u00f3 por dise\u00f1ar y consolidar un verdadero programa de emprendimiento, en el que se pueda capacitar y brindar las herramientas a quienes est\u00e9n interesados y puedan construir un autoempleo.<\/p>\n","protected":false},"excerpt":{"rendered":"<p>Discuten las diputadas con representantes empresariales, el emprendimiento es claramente desde las&nbsp; mujeres La diputada Xitalic Ceja, presidenta del Organismo Nacional de Mujeres Priistas (ONMPRI), convoca a la conferencia \u201cSensibilizaci\u00f3n para el emprendimiento de mujeres priistas\u201d Redacci\u00f3nSemM\u00e9xico, Ciudad de M\u00e9xico, 10 de noviembre, 2024.- Diputadas del PRI, encabezadas por Xitlalic Ceja Garc\u00eda, destacaron la importancia [&hellip;]<\/p>\n","protected":false},"author":3,"featured_media":89378,"comment_status":"open","ping_status":"open","sticky":false,"template":"","format":"standard","meta":{"_monsterinsights_skip_tracking":false,"footnotes":""},"categories":[50],"tags":[],"class_list":["post-89377","post","type-post","status-publish","format-standard","has-post-thumbnail","category-congreso"],"_links":{"self":[{"href":"https:\/\/redsemlac.com\/semmexico\/wp-json\/wp\/v2\/posts\/89377","targetHints":{"allow":["GET"]}}],"collection":[{"href":"https:\/\/redsemlac.com\/semmexico\/wp-json\/wp\/v2\/posts"}],"about":[{"href":"https:\/\/redsemlac.com\/semmexico\/wp-json\/wp\/v2\/types\/post"}],"author":[{"embeddable":true,"href":"https:\/\/redsemlac.com\/semmexico\/wp-json\/wp\/v2\/users\/3"}],"replies":[{"embeddable":true,"href":"https:\/\/redsemlac.com\/semmexico\/wp-json\/wp\/v2\/comments?post=89377"}],"version-history":[{"count":0,"href":"https:\/\/redsemlac.com\/semmexico\/wp-json\/wp\/v2\/posts\/89377\/revisions"}],"wp:featuredmedia":[{"embeddable":true,"href":"https:\/\/redsemlac.com\/semmexico\/wp-json\/wp\/v2\/media\/89378"}],"wp:attachment":[{"href":"https:\/\/redsemlac.com\/semmexico\/wp-json\/wp\/v2\/media?parent=89377"}],"wp:term":[{"taxonomy":"category","embeddable":true,"href":"https:\/\/redsemlac.com\/semmexico\/wp-json\/wp\/v2\/categories?post=89377"},{"taxonomy":"post_tag","embeddable":true,"href":"https:\/\/redsemlac.com\/semmexico\/wp-json\/wp\/v2\/tags?post=89377"}],"curies":[{"name":"wp","href":"https:\/\/api.w.org\/{rel}","templated":true}]}}