{"id":89372,"date":"2024-11-10T15:07:32","date_gmt":"2024-11-10T21:07:32","guid":{"rendered":"https:\/\/redsemlac.com\/semmexico\/?p=89372"},"modified":"2024-11-10T15:20:45","modified_gmt":"2024-11-10T21:20:45","slug":"la-plataforma-unitaria-contra-las-violencias-de-genero-celebra-dos-decadas-de-lucha-contra-las-violencias-machistas-con-el-xx-forum","status":"publish","type":"post","link":"https:\/\/redsemlac.com\/semmexico\/la-plataforma-unitaria-contra-las-violencias-de-genero-celebra-dos-decadas-de-lucha-contra-las-violencias-machistas-con-el-xx-forum\/","title":{"rendered":"La Plataforma unitaria contra las violencias de g\u00e9nero celebra dos d\u00e9cadas de lucha contra las violencias machistas con el XX F\u00f3rum"},"content":{"rendered":"\n<p class=\"wp-block-paragraph\">Principio del formulario<\/p>\n\n\n\n<p class=\"wp-block-paragraph\">Final del formulario<\/p>\n\n\n\n<p class=\"wp-block-paragraph\"><a href=\"https:\/\/laindependent.cat\/tema\/25n\/\">25N<\/a>&nbsp;,&nbsp;<a href=\"https:\/\/laindependent.cat\/tema\/violencies\/\">Violencias<\/a><\/p>\n\n\n\n<p class=\"wp-block-paragraph\">&nbsp;Plataforma unitaria contra las violencias de g\u00e9nero<\/p>\n\n\n\n<p class=\"wp-block-paragraph\">SemM\u00e9xico\/La Independent, Barcelona, Espa\u00f1a, \u00a010 de noviembre, 2024.- La Plataforma conmemora este a\u00f1o 20 a\u00f1os de compromiso en la lucha contra las violencias machistas con la celebraci\u00f3n del XX F\u00f2rum, los d\u00edas 7, 8 y 9 de noviembre en el espacio Francesca Bonnemaison de Barcelona.<\/p>\n\n\n\n<p class=\"wp-block-paragraph\">Nos encontramos en un contexto global donde el avance del movimiento feminista ha logrado desafiar estructuras patriarcales, al tiempo que tambi\u00e9n hemos visto emerger con fuerza la amenaza de la extrema derecha, que busca frenar y desmantelar los derechos que hemos conseguido. Asimismo refuerzan a los gobiernos y las instituciones conservadoras que aprovechan esta presi\u00f3n para rebajar recursos y derechos.<\/p>\n\n\n\n<p class=\"wp-block-paragraph\">Estos movimientos reaccionarios intentan imponer retrocesos en nuestras libertades, con ataques que ponen en riesgo nuestros derechos, tales como el derecho al aborto, la coeducaci\u00f3n, as\u00ed como el reconocimiento de las diversidades. La respuesta a esta ofensiva debe ser, una vez m\u00e1s, la acci\u00f3n colectiva y organizada.<\/p>\n\n\n\n<p class=\"wp-block-paragraph\">En esta vig\u00e9sima edici\u00f3n, la Plataforma hace hincapi\u00e9 en un tema fundamental: Libre consentimiento y derecho al propio cuerpo. En un contexto social en el que, las vidas, los cuerpos, las decisiones y la autonom\u00eda de las mujeres siguen siendo puestas en duda, es esencial que profundicemos en el significado del consentimiento, en las relaciones sexoafectivas y sociales, desde una perspectiva feminista. M\u00e1s all\u00e1 de un simple \u201cs\u00ed\u201d o \u201cno\u201d, el consentimiento es un ejercicio de poder personal y colectivo, una afirmaci\u00f3n de nuestra libertad para decidir sobre nuestras vidas, nuestras relaciones y nuestros cuerpos.<\/p>\n\n\n\n<p class=\"wp-block-paragraph\">*Nota de prensa de la Plataforma unitaria contra las violencias de g\u00e9nero<\/p>\n","protected":false},"excerpt":{"rendered":"<p>Principio del formulario Final del formulario 25N&nbsp;,&nbsp;Violencias &nbsp;Plataforma unitaria contra las violencias de g\u00e9nero SemM\u00e9xico\/La Independent, Barcelona, Espa\u00f1a, \u00a010 de noviembre, 2024.- La Plataforma conmemora este a\u00f1o 20 a\u00f1os de compromiso en la lucha contra las violencias machistas con la celebraci\u00f3n del XX F\u00f2rum, los d\u00edas 7, 8 y 9 de noviembre en el espacio [&hellip;]<\/p>\n","protected":false},"author":3,"featured_media":89373,"comment_status":"open","ping_status":"open","sticky":false,"template":"","format":"standard","meta":{"_monsterinsights_skip_tracking":false,"footnotes":""},"categories":[1147,27],"tags":[],"class_list":["post-89372","post","type-post","status-publish","format-standard","has-post-thumbnail","category-25n-2024","category-cobertura-especial"],"_links":{"self":[{"href":"https:\/\/redsemlac.com\/semmexico\/wp-json\/wp\/v2\/posts\/89372","targetHints":{"allow":["GET"]}}],"collection":[{"href":"https:\/\/redsemlac.com\/semmexico\/wp-json\/wp\/v2\/posts"}],"about":[{"href":"https:\/\/redsemlac.com\/semmexico\/wp-json\/wp\/v2\/types\/post"}],"author":[{"embeddable":true,"href":"https:\/\/redsemlac.com\/semmexico\/wp-json\/wp\/v2\/users\/3"}],"replies":[{"embeddable":true,"href":"https:\/\/redsemlac.com\/semmexico\/wp-json\/wp\/v2\/comments?post=89372"}],"version-history":[{"count":0,"href":"https:\/\/redsemlac.com\/semmexico\/wp-json\/wp\/v2\/posts\/89372\/revisions"}],"wp:featuredmedia":[{"embeddable":true,"href":"https:\/\/redsemlac.com\/semmexico\/wp-json\/wp\/v2\/media\/89373"}],"wp:attachment":[{"href":"https:\/\/redsemlac.com\/semmexico\/wp-json\/wp\/v2\/media?parent=89372"}],"wp:term":[{"taxonomy":"category","embeddable":true,"href":"https:\/\/redsemlac.com\/semmexico\/wp-json\/wp\/v2\/categories?post=89372"},{"taxonomy":"post_tag","embeddable":true,"href":"https:\/\/redsemlac.com\/semmexico\/wp-json\/wp\/v2\/tags?post=89372"}],"curies":[{"name":"wp","href":"https:\/\/api.w.org\/{rel}","templated":true}]}}