{"id":89367,"date":"2024-11-09T11:50:25","date_gmt":"2024-11-09T17:50:25","guid":{"rendered":"https:\/\/redsemlac.com\/semmexico\/?p=89367"},"modified":"2024-11-09T11:50:27","modified_gmt":"2024-11-09T17:50:27","slug":"cefereso-16-suman-19-muertes-de-mujeres-internas","status":"publish","type":"post","link":"https:\/\/redsemlac.com\/semmexico\/cefereso-16-suman-19-muertes-de-mujeres-internas\/","title":{"rendered":"CEFERESO 16: suman 19 muertes de mujeres internas"},"content":{"rendered":"\n<p class=\"wp-block-paragraph\">Suman 19 fallecimientos de mujeres privadas de la libertad en el penal CEFERESO 16, Morelos.<\/p>\n\n\n\n<p class=\"wp-block-paragraph\"><a href=\"https:\/\/lacaderadeeva.com\/autor\/wanda-pacheco\/7173\">&nbsp;Wanda Pacheco<\/a><\/p>\n\n\n\n<p class=\"wp-block-paragraph\"><a href=\"https:\/\/www.facebook.com\/sharer\/sharer.php?u=https:\/\/lacaderadeeva.com\/actualidad\/que-sucede-con-las-mujeres-en-el-penal-cefereso-16-\/11708&amp;src=sdkpreparse\"><\/a><a href=\"https:\/\/twitter.com\/intent\/tweet?text=CEFERESO%2016:%20suman%2019%20muertes%20de%20mujeres%20internas&amp;url=https:\/\/lacaderadeeva.com\/actualidad\/que-sucede-con-las-mujeres-en-el-penal-cefereso-16-\/11708#XmaGZKjqsc4.twitter&amp;related=\"><\/a><a href=\"https:\/\/api.whatsapp.com\/send?text=CEFERESO%2016:%20suman%2019%20muertes%20de%20mujeres%20internas%C2%A0https:\/\/lacaderadeeva.com\/actualidad\/que-sucede-con-las-mujeres-en-el-penal-cefereso-16-\/11708#.XmaHuRpcRN4.whatsapp\"><\/a>SemM\u00e9xico\/La Cadera de Eva, 9 de noviembre, 2024.- Dos mujeres fallecieron en el\u00a0Centro Federal de Readaptaci\u00f3n Social Femenil (CEFERESO) No. 16, en Morelos. Ambas,\u00a0Erika y Cornelia, ya hab\u00edan sido sentenciadas y presuntamente se suicidaron.<\/p>\n\n\n\n<p class=\"wp-block-paragraph\">Desde hace varios meses, distintas organizaciones de la sociedad civil como&nbsp;CEA&nbsp;Justicia han documentado que&nbsp;las condiciones precarias a las que se enfrentan las internas del&nbsp;CEFERESO 16&nbsp;son alarmantes; no tienen acceso a servicios m\u00e9dicos, reciben alimentos en proceso de descomposici\u00f3n y son violentadas f\u00edsica y psicol\u00f3gicamente por los agentes de seguridad.<\/p>\n\n\n\n<figure class=\"wp-block-image size-full\"><a href=\"https:\/\/redsemlac.com\/semmexico\/wp-content\/uploads\/2024\/11\/cefreso-02.jpg\"><img loading=\"lazy\" decoding=\"async\" width=\"695\" height=\"900\" src=\"https:\/\/redsemlac.com\/semmexico\/wp-content\/uploads\/2024\/11\/cefreso-02.jpg\" alt=\"\" class=\"wp-image-89368\" srcset=\"https:\/\/redsemlac.com\/semmexico\/wp-content\/uploads\/2024\/11\/cefreso-02.jpg 695w, https:\/\/redsemlac.com\/semmexico\/wp-content\/uploads\/2024\/11\/cefreso-02-232x300.jpg 232w, https:\/\/redsemlac.com\/semmexico\/wp-content\/uploads\/2024\/11\/cefreso-02-150x194.jpg 150w, https:\/\/redsemlac.com\/semmexico\/wp-content\/uploads\/2024\/11\/cefreso-02-300x388.jpg 300w\" sizes=\"auto, (max-width: 695px) 100vw, 695px\" \/><\/a><\/figure>\n\n\n\n<p class=\"wp-block-paragraph\">Seg\u00fan informa el&nbsp;\u00d3rgano Administrativo Desconcentrado de Prevenci\u00f3n y Reinserci\u00f3n Social&nbsp; (OADPRS), la cifra de fallecimientos de mujeres incrementa a&nbsp;seis casos en lo que va del a\u00f1o y suma un total de 19 desde el 2022.<\/p>\n\n\n\n<p class=\"wp-block-paragraph\">El&nbsp;Instituto Federal de Defensor\u00eda P\u00fablica(IFDP) conden\u00f3 en un bolet\u00edn de prensa los fallecimientos y reiter\u00f3 su preocupaci\u00f3n por las condiciones de internamiento a las que se enfrentan las reclusas y bajo las que se presentaron estos acontecimientos.<\/p>\n\n\n\n<p class=\"wp-block-paragraph\">Es por esto por lo que el&nbsp;IFDP&nbsp;hizo un llamado al&nbsp;\u201ccierre humanitario\u201d&nbsp;del penal y se\u00f1ala&nbsp;cuatro puntos que se tienen en deuda con las mujeres privadas de la libertad en el CEFRESO 16:<\/p>\n\n\n\n<ul class=\"wp-block-list\">\n<li><strong>Revisi\u00f3n de los expedientes<\/strong>\u00a0de las mujeres e implementaci\u00f3n del proceso de libertad anticipada, y cambios de medida cautelar y\/o amnist\u00eda.<\/li>\n\n\n\n<li><strong>Tr\u00e1mite de traslados a lugares de origen<\/strong>\u00a0con previa autorizaci\u00f3n de las internas.<\/li>\n\n\n\n<li><strong>Reconocimiento a familiares<\/strong>\u00a0de mujeres que se han suicidado o han fallecido en las instalaciones\u00a0<strong>como v\u00edctimas<\/strong>, as\u00ed como entablar medidas de reparaci\u00f3n del da\u00f1o.<\/li>\n\n\n\n<li><strong>Restablecimiento de derechos<\/strong>\u00a0a corto y mediano plazo para mujeres liberadas.<\/li>\n<\/ul>\n\n\n\n<p class=\"wp-block-paragraph\">El IFDP es un \u00f3rgano federal encargado de garantizar el derecho a la defensa y orientaci\u00f3n penal;&nbsp;entre noviembre de 2023 y octubre de 2024 realizaron 22 brigadas carcelarias, en las que entrevistaron a 320 mujeres privadas de la libertad. Bajo estas entrevistas presentaron 273 peticiones administrativas para mejorar e implementar atenci\u00f3n m\u00e9dica eficaz.<\/p>\n\n\n\n<p class=\"wp-block-paragraph\"><a href=\"https:\/\/lacaderadeeva.com\/actualidad\/el-penal-de-morelos-registran-16-muertes-de-mujeres-internas\/10974\"><\/a><\/p>\n\n\n\n<figure class=\"wp-block-image size-full\"><a href=\"https:\/\/redsemlac.com\/semmexico\/wp-content\/uploads\/2024\/11\/cefreso-03.jpg\"><img loading=\"lazy\" decoding=\"async\" width=\"353\" height=\"227\" src=\"https:\/\/redsemlac.com\/semmexico\/wp-content\/uploads\/2024\/11\/cefreso-03.jpg\" alt=\"\" class=\"wp-image-89369\" srcset=\"https:\/\/redsemlac.com\/semmexico\/wp-content\/uploads\/2024\/11\/cefreso-03.jpg 353w, https:\/\/redsemlac.com\/semmexico\/wp-content\/uploads\/2024\/11\/cefreso-03-300x193.jpg 300w, https:\/\/redsemlac.com\/semmexico\/wp-content\/uploads\/2024\/11\/cefreso-03-150x96.jpg 150w\" sizes=\"auto, (max-width: 353px) 100vw, 353px\" \/><\/a><\/figure>\n\n\n\n<p class=\"wp-block-paragraph\"><a href=\"https:\/\/lacaderadeeva.com\/actualidad\/el-penal-de-morelos-registran-16-muertes-de-mujeres-internas\/10974\"><\/a><\/p>\n","protected":false},"excerpt":{"rendered":"<p>Suman 19 fallecimientos de mujeres privadas de la libertad en el penal CEFERESO 16, Morelos. &nbsp;Wanda Pacheco SemM\u00e9xico\/La Cadera de Eva, 9 de noviembre, 2024.- Dos mujeres fallecieron en el\u00a0Centro Federal de Readaptaci\u00f3n Social Femenil (CEFERESO) No. 16, en Morelos. Ambas,\u00a0Erika y Cornelia, ya hab\u00edan sido sentenciadas y presuntamente se suicidaron. Desde hace varios meses, [&hellip;]<\/p>\n","protected":false},"author":3,"featured_media":89370,"comment_status":"open","ping_status":"open","sticky":false,"template":"","format":"standard","meta":{"_monsterinsights_skip_tracking":false,"footnotes":""},"categories":[694],"tags":[],"class_list":["post-89367","post","type-post","status-publish","format-standard","has-post-thumbnail","category-destacadas"],"_links":{"self":[{"href":"https:\/\/redsemlac.com\/semmexico\/wp-json\/wp\/v2\/posts\/89367","targetHints":{"allow":["GET"]}}],"collection":[{"href":"https:\/\/redsemlac.com\/semmexico\/wp-json\/wp\/v2\/posts"}],"about":[{"href":"https:\/\/redsemlac.com\/semmexico\/wp-json\/wp\/v2\/types\/post"}],"author":[{"embeddable":true,"href":"https:\/\/redsemlac.com\/semmexico\/wp-json\/wp\/v2\/users\/3"}],"replies":[{"embeddable":true,"href":"https:\/\/redsemlac.com\/semmexico\/wp-json\/wp\/v2\/comments?post=89367"}],"version-history":[{"count":0,"href":"https:\/\/redsemlac.com\/semmexico\/wp-json\/wp\/v2\/posts\/89367\/revisions"}],"wp:featuredmedia":[{"embeddable":true,"href":"https:\/\/redsemlac.com\/semmexico\/wp-json\/wp\/v2\/media\/89370"}],"wp:attachment":[{"href":"https:\/\/redsemlac.com\/semmexico\/wp-json\/wp\/v2\/media?parent=89367"}],"wp:term":[{"taxonomy":"category","embeddable":true,"href":"https:\/\/redsemlac.com\/semmexico\/wp-json\/wp\/v2\/categories?post=89367"},{"taxonomy":"post_tag","embeddable":true,"href":"https:\/\/redsemlac.com\/semmexico\/wp-json\/wp\/v2\/tags?post=89367"}],"curies":[{"name":"wp","href":"https:\/\/api.w.org\/{rel}","templated":true}]}}