{"id":89364,"date":"2024-11-09T11:55:02","date_gmt":"2024-11-09T17:55:02","guid":{"rendered":"https:\/\/redsemlac.com\/semmexico\/?p=89364"},"modified":"2024-11-09T11:55:03","modified_gmt":"2024-11-09T17:55:03","slug":"reconocer-a-las-mujeres-sin-ponderarlas-como-una-excepcion-y-reflejarlas-en-su-realidad-es-periodismo-feminista-sara-lovera-en-la-3a-feria-libro-ine","status":"publish","type":"post","link":"https:\/\/redsemlac.com\/semmexico\/reconocer-a-las-mujeres-sin-ponderarlas-como-una-excepcion-y-reflejarlas-en-su-realidad-es-periodismo-feminista-sara-lovera-en-la-3a-feria-libro-ine\/","title":{"rendered":"Reconocer a las mujeres sin ponderarlas como una excepci\u00f3n y reflejarlas en su realidad es periodismo feminista, Sara Lovera en la 3\u00aa Feria Libro INE"},"content":{"rendered":"\n<p class=\"wp-block-paragraph\">Reconocer que las mujeres estamos en todas partes y debemos ser tratadas en la misma medida que a los hombres<\/p>\n\n\n\n<p class=\"wp-block-paragraph\">Propuso que las y los periodistas estudien para comprender palabras c\u00f3mo g\u00e9nero o revictimizar<\/p>\n\n\n\n<p class=\"wp-block-paragraph\">Elda Montiel<\/p>\n\n\n\n<p class=\"wp-block-paragraph\">SemM\u00e9xico, Ciudad de M\u00e9xico, 9 de noviembre, 2024.- Reconocer los logros de las mujeres en su exacta dimensi\u00f3n sin ponderarlas como una excepci\u00f3n, dejar de tratarlas como v\u00edctimas o vulnerables, investigar y profundizar en d\u00f3nde est\u00e1n las mujeres y escribir de ellas son las recomendaciones de la periodista Sara Lovera L\u00f3pez para hacer un periodismo feminista.<\/p>\n\n\n\n<p class=\"wp-block-paragraph\">En el taller de \u201cPeriodismo con perspectiva de g\u00e9nero\u201d que se realiz\u00f3 este viernes en la \u201c3\u00aa Feria Libro INE. G\u00e9nero, Inclusi\u00f3n y Democracia\u201d la editora de G\u00e9nero de la Organizaci\u00f3n Editorial Mexicana que publica 46 peri\u00f3dicos en el pa\u00eds, fue puntual al se\u00f1alar que el periodismo feminista existe por el movimiento de mujeres de la primera y la segunda ola, porque las mujeres por siglos han sido desestimadas, s\u00f3lo se les ve\u00eda en el hogar al cuidado de las infancias y los ancianos.<\/p>\n\n\n\n<p class=\"wp-block-paragraph\">Hoy las mujeres est\u00e1n m\u00e1s visibles en los medios de comunicaci\u00f3n no s\u00f3lo por los logros alcanzados sino por las j\u00f3venes que pintaron paredes, que hacen la ola verde. Sin embargo, reconoci\u00f3 que no est\u00e1n en las direcciones de los medios de comunicaci\u00f3n aunque hay hombres m\u00e1s sensibilizados. No s\u00f3lo existe la editora de G\u00e9nero en la OEM, el peri\u00f3dico El Universal publica en su primera plana siempre una nota relacionada con las mujeres.<\/p>\n\n\n\n<p class=\"wp-block-paragraph\">Se\u00f1al\u00f3 que a las mujeres hay que reconocerlas como sujetas de derechos, como receptoras de opresi\u00f3n de la injusticia que es generada por el poder que es patriarcal.<\/p>\n\n\n\n<p class=\"wp-block-paragraph\">Record\u00f3 que Abigail Vasconcelos Castellanos quien &nbsp;en 2013 logr\u00f3 con una intervenci\u00f3n de la Suprema Corte de Justicia de la Naci\u00f3n (SCJN) para que en los pueblos originarios se eligieran &nbsp;a mujeres en los \u00f3rganos de gobierno, ella cuando lleg\u00f3 a la C\u00e1mara de Diputados la aplaudieron &nbsp;le dijeron que era feminista. Pero ella cont\u00f3 que &nbsp;no sab\u00eda que significaba. Ella solo quer\u00eda por sentido com\u00fan que se reconociera a las mujeres por eso denunci\u00f3 a su pueblo y gan\u00f3 la&nbsp; representaci\u00f3n femenina por una sentencia de la Corte.<\/p>\n\n\n\n<p class=\"wp-block-paragraph\">Refiri\u00f3 que como dice la feminista Marcela Lagarde hay millones de mujeres que saben lo que no quieren y est\u00e1n en todas partes y no han pasado por los cursos de g\u00e9nero, por lo que Sara Lovera reflexion\u00f3 que \u201cHay muchas mujeres que no han pasado por el aprendizaje de g\u00e9nero y emp\u00edricamente reconocen su discriminaci\u00f3n, si eso&nbsp; lo contamos en los medios estamos haciendo periodismo feminista\u201d.<\/p>\n\n\n\n<p class=\"wp-block-paragraph\">Sara Lovera lleg\u00f3 a los 19 a\u00f1os al periodismo por vocaci\u00f3n y empez\u00f3 en peri\u00f3dicos que se dec\u00edan de izquierda eran estalinistas y por decreto era igualdad entre hombres y mujeres. Escribi\u00f3 en El D\u00eda, Unom\u00e1suno, La Jornada y el canal 13 cuando hab\u00eda una barra de mujeres en 1974.<\/p>\n\n\n\n<p class=\"wp-block-paragraph\">Se enfrent\u00f3 a barreras como mujer en el periodismo como las que hab\u00eda en cualquier otra profesi\u00f3n. Refiri\u00f3 que igualmente sufri\u00f3 algunos hostigamientos sexuales y profesionales.<\/p>\n\n\n\n<p class=\"wp-block-paragraph\">Enfatiz\u00f3 que hay que reconocer la potencia del discurso de las mujeres pues de otra manera no se explicar\u00edan los avances, que haya una Presidenta del pa\u00eds, 13 gobernadoras, paridad en el Congreso, juezas y que el 50 % sean directoras en las escuelas y facultades de la Universidad Nacional Aut\u00f3noma de M\u00e9xico (UNAM).&nbsp;&nbsp;<\/p>\n\n\n\n<p class=\"wp-block-paragraph\">Se\u00f1al\u00f3 que las reglas para el periodismo feminista son las &nbsp;mismas para el periodismo profesional, indagar sobre la realidad, verificar la informaci\u00f3n, redactar y difundir s\u00f3lo que mirando a las mujeres.<\/p>\n\n\n\n<p class=\"wp-block-paragraph\">Explic\u00f3 que se habla de un periodismo feminista porque desde hace un siglo la vida de las mujeres son &nbsp;discriminadas por ser mujeres, no estuvieron en los medios de comunicaci\u00f3n a pesar que siempre estuvieron en todos los movimientos sociales, econ\u00f3micos y pol\u00edticos. Hacerlas visibles se defini\u00f3 como comunicaci\u00f3n, difusi\u00f3n o periodismo feminista desde la segunda o tercera ola.<\/p>\n\n\n\n<p class=\"wp-block-paragraph\">Afirm\u00f3 que sin movimiento feminista no habr\u00eda periodismo feminista, y relat\u00f3 que &nbsp;hubo un divorcio &nbsp;feministas &nbsp;medios, dese &nbsp;las dos partes, por eso &nbsp;las feministas &nbsp;empezamos a contar lo que hac\u00edamos en medios &nbsp;creamos por ellas mismas, hicimos \u201c nuestros propios medios de comunicaci\u00f3n\u201d.<\/p>\n\n\n\n<p class=\"wp-block-paragraph\">Actualmente no&nbsp; existe una receta para comprender palabras como g\u00e9nero, lenguaje inclusivo, no revictimizar, abordar la perspectiva de&nbsp; g\u00e9nero, no abusar de los estereotipos. \u201cEs necesario, dijo, cambiar nuestro pensamiento\u201d las reglas de un periodismo posible significa otra manera de informar aunque no es autom\u00e1tico.<\/p>\n\n\n\n<p class=\"wp-block-paragraph\">Refiri\u00f3 que es un problema de cultura como lo se\u00f1alaba Octavio Paz, cultura &nbsp;\u201ces un conjunto de actitudes, creencias, valores, expresiones, gestos, h\u00e1bitos, destrezas, bienes, materiales, servicios y modos de producci\u00f3n que caracterizan al conjunto de una sociedad\u201d.<\/p>\n\n\n\n<p class=\"wp-block-paragraph\">Propuso, primero reconocer que las mujeres est\u00e1n en todo, somos la mitad de la poblaci\u00f3n. Evitar mirarlas como dar &nbsp;menor &nbsp;valor a las mujeres que a los hombres. Los hombres en el curso de la historia&nbsp; quedaron en mejor posici\u00f3n que las mujeres eso hay que estudiarlo, eso es el fondo del problema.<\/p>\n\n\n\n<p class=\"wp-block-paragraph\">Las mujeres avanzamos y nos ha hecho visibles, somos noticia, las mujeres somos protagonistas difundirlo es esencial.<\/p>\n\n\n\n<p class=\"wp-block-paragraph\">Presentar a las mujeres y hombres como las mismas posibilidades de hablar, de opinar, de informar. Carecer de matices, adjetivos que marquen las diferencias entre hombres y mujeres estereotipadamente.<\/p>\n\n\n\n<p class=\"wp-block-paragraph\">Evitar omitir informaci\u00f3n por considerarla poco relevante, porque las mujeres como fuente de informaci\u00f3n carecen de un cargo p\u00fablico o son amas de casa o carecen de estudios. Utilizar un lenguaje incluyente es&nbsp; nombrar a las mujeres. Rechazar las im\u00e1genes sexistas de mujeres y ni\u00f1as. No utilizar expresiones que perpet\u00faen la violencia Es necesaria una \u00e9tica de la informaci\u00f3n que tenga como base la dignidad, los derechos humanos y que garantice que el retrato que se haga de la realidad no sea parcial&nbsp; o discrimine a las mujeres, finaliz\u00f3<\/p>\n","protected":false},"excerpt":{"rendered":"<p>Reconocer que las mujeres estamos en todas partes y debemos ser tratadas en la misma medida que a los hombres Propuso que las y los periodistas estudien para comprender palabras c\u00f3mo g\u00e9nero o revictimizar Elda Montiel SemM\u00e9xico, Ciudad de M\u00e9xico, 9 de noviembre, 2024.- Reconocer los logros de las mujeres en su exacta dimensi\u00f3n sin [&hellip;]<\/p>\n","protected":false},"author":3,"featured_media":89365,"comment_status":"open","ping_status":"open","sticky":false,"template":"","format":"standard","meta":{"_monsterinsights_skip_tracking":false,"footnotes":""},"categories":[748],"tags":[],"class_list":["post-89364","post","type-post","status-publish","format-standard","has-post-thumbnail","category-cultura-feminista"],"_links":{"self":[{"href":"https:\/\/redsemlac.com\/semmexico\/wp-json\/wp\/v2\/posts\/89364","targetHints":{"allow":["GET"]}}],"collection":[{"href":"https:\/\/redsemlac.com\/semmexico\/wp-json\/wp\/v2\/posts"}],"about":[{"href":"https:\/\/redsemlac.com\/semmexico\/wp-json\/wp\/v2\/types\/post"}],"author":[{"embeddable":true,"href":"https:\/\/redsemlac.com\/semmexico\/wp-json\/wp\/v2\/users\/3"}],"replies":[{"embeddable":true,"href":"https:\/\/redsemlac.com\/semmexico\/wp-json\/wp\/v2\/comments?post=89364"}],"version-history":[{"count":0,"href":"https:\/\/redsemlac.com\/semmexico\/wp-json\/wp\/v2\/posts\/89364\/revisions"}],"wp:featuredmedia":[{"embeddable":true,"href":"https:\/\/redsemlac.com\/semmexico\/wp-json\/wp\/v2\/media\/89365"}],"wp:attachment":[{"href":"https:\/\/redsemlac.com\/semmexico\/wp-json\/wp\/v2\/media?parent=89364"}],"wp:term":[{"taxonomy":"category","embeddable":true,"href":"https:\/\/redsemlac.com\/semmexico\/wp-json\/wp\/v2\/categories?post=89364"},{"taxonomy":"post_tag","embeddable":true,"href":"https:\/\/redsemlac.com\/semmexico\/wp-json\/wp\/v2\/tags?post=89364"}],"curies":[{"name":"wp","href":"https:\/\/api.w.org\/{rel}","templated":true}]}}